{"id":214160,"date":"2026-01-04T04:15:08","date_gmt":"2026-01-04T04:15:08","guid":{"rendered":"https:\/\/www.europesays.com\/pt\/214160\/"},"modified":"2026-01-04T04:15:08","modified_gmt":"2026-01-04T04:15:08","slug":"benfica-vence-estoril-uma-vitoria-tao-dificil-quanto-saborosa-cronica-de-jogo","status":"publish","type":"post","link":"https:\/\/www.europesays.com\/pt\/214160\/","title":{"rendered":"Benfica vence Estoril: uma vit\u00f3ria t\u00e3o dif\u00edcil quanto saborosa | Cr\u00f3nica de jogo"},"content":{"rendered":"<p>O Benfica venceu, neste s\u00e1bado, o Estoril, num desfecho t\u00e3o dif\u00edcil quanto saboroso. Perante uma das boas equipas do campeonato, as \u201c\u00e1guias\u201d triunfaram por 3-1 mas tiveram dificuldades em \u201cdomesticar\u201d os \u201ccanarinhos\u201d. A vit\u00f3ria, contudo, significa o regresso aos triunfos dos homens de Jos\u00e9 Mourinho depois do <a href=\"https:\/\/www.publico.pt\/2025\/12\/28\/desporto\/cronica_de_jogo\/trabalho-lazer-alguem-nao-gostou-sp-bragabenfica-2159495\" rel=\"nofollow noopener\" target=\"_blank\">empate em Braga<\/a> e, mais importante do que isso, a recupera\u00e7\u00e3o de dois pontos face ao Sporting (fica a tr\u00eas de diferen\u00e7a). J\u00e1 em rela\u00e7\u00e3o ao FC Porto (com dez de vantagem), h\u00e1 que esperar por aquilo que os \u201cdrag\u00f5es\u201d far\u00e3o neste domingo, nos A\u00e7ores, perante o Santa Clara.<\/p>\n<p>O Benfica j\u00e1 sabia que ia ter dificuldades frente ao Estoril. A equipa orientada por Ian Cathro \u00e9 uma das que joga bem na Liga portuguesa e de forma descomplexada, independentemente de quem seja o opositor. Os frutos disso mesmo est\u00e3o na posi\u00e7\u00e3o que ocupa na classifica\u00e7\u00e3o \u2013 um tranquilo 9.\u00ba lugar.<\/p>\n<p>O que faltava saber era que Estoril ia surgir no Est\u00e1dio da Luz. Se o que derrotou o Sp. Braga e perdeu apenas pela margem m\u00ednima contra FC Porto e Sporting, se aquele que foi goleado pelo Famalic\u00e3o ou empatou com o Tondela.<\/p>\n<p>        &#13;<br \/>\n            &#13;<\/p>\n<p>E os minutos iniciais deram a sensa\u00e7\u00e3o de que seria a melhor vers\u00e3o dos estorilistas aquela que o Benfica teria pela frente. Logo ap\u00f3s o primeiro minuto do jogo, Begraoui trabalhou bem na \u00e1rea \u201cencarnada\u201d e rematou para grande defesa de Trubin &#8211; na recarga, Pedro Amaral cabeceou \u00e0 malha lateral.<\/p>\n<p>Um grande susto para os benfiquistas que continuaram sob press\u00e3o durante os primeiros dez minutos de jogo, com o Estoril a ter capacidade de colocar muita gente na frente, criando lances de perigo e dificultando a sa\u00edda dos \u201cencarnados\u201d, que foram optando por lan\u00e7amentos longos, a maior parte deles anulados por uma linha defensiva do Estoril possante (Pavlidis teve muitas dificuldades em \u201centrar no jogo\u201d nesta fase da partida).<\/p>\n<p>        &#13;<br \/>\n            &#13;<\/p>\n<p>S\u00f3 aos poucos o Benfica foi capaz de recuperar o controlo do jogo e muito gra\u00e7as a Prestianni. O argentino, que surgiu no \u201conze\u201d titular no lugar de Aursnes, foi o principal desequilibrador do futebol benfiquista no primeiro tempo, com as suas arrancadas. Foi ele que conseguiu ir puxando a equipa para a frente, incomodando a defesa do Estoril e, aos poucos, os homens da casa come\u00e7aram a construir jogadas de golo.<\/p>\n<p>Mas foi preciso um pen\u00e1lti para o marcador ser inaugurado. Depois de o \u00e1rbitro da partida ter mandado seguir, o VAR chamou-o considerando que Marqu\u00e9z cortou um lance que envolveu Otamendi na \u00e1rea dos \u201ccanarinhos\u201d com a m\u00e3o \u2013 Pavlidis n\u00e3o falhou e fez o 1-0 \u00e0 passagem da primeira meia-hora.<\/p>\n<p>        &#13;<br \/>\n            &#13;<\/p>\n<p>O Benfica estava \u201cpor cima\u201d no jogo e um excelente passe de Leandro Barreiro ofereceu a Pavlidis a ocasi\u00e3o de dilatar a vantagem, o que o grego n\u00e3o esbanjou, aguentando primeiro a carga do seu opositor directo e, de seguida, fazendo um \u201cchap\u00e9u\u201d perfeito sobre Joel Robles.<\/p>\n<p>Estava-se praticamente sobre a hora para o intervalo e os benfiquistas pensaram que o segundo golo de Pavlidis no jogo poderia oferecer alguma tranquilidade para o segundo tempo. Mas dois minutos depois o Estoril fez quest\u00e3o de desfazer essa ideia, j\u00e1 que, em mais uma jogada em que conseguiu colocar muita gente na \u00e1rea \u201cencarnada\u201d, o emblema da linha reduziu a desvantagem por interm\u00e9dio de Jo\u00e3o Carvalho.<\/p>\n<p>        &#13;<br \/>\n            &#13;<\/p>\n<p>A segunda parte come\u00e7ou nos mesmos moldes da primeira. Mais posse de bola dos \u201cencarnados\u201d, muita ousadia dos \u201ccanarinhos\u201d. Mas \u00e0 medida que o tempo foi passando, os homens de Jos\u00e9 Mourinho, com uma curta vantagem na m\u00e3o, foram preferindo jogar mais na expectativa. A equipa \u201cencarnada\u201d n\u00e3o se importava de, em determinados momentos, dar o controlo do jogo ao Estoril, tentando, em sa\u00eddas r\u00e1pidas para o ataque, surpreender o advers\u00e1rio. Um risco que os benfiquistas pareceram estar dispostos a correr.<\/p>\n<p>Guitane e Jo\u00e3o Carvalho ainda amea\u00e7aram por duas vezes a baliza de Trubin, mas com maior ou menor dificuldade as \u201c\u00e1guias\u201d foram conseguindo controlar as opera\u00e7\u00f5es, permitindo at\u00e9 a Jos\u00e9 Mourinho estrear Sidny Lopes, refor\u00e7o de Inverno, a um quarto de hora dos 90\u2019. E foi precisamente o ex-Estrela da Amadora que fez a assist\u00eancia para Pavlidis, que carimbou o seu \u201chat-trick\u201d e \u201cmatou\u201d o jogo.<\/p>\n","protected":false},"excerpt":{"rendered":"O Benfica venceu, neste s\u00e1bado, o Estoril, num desfecho t\u00e3o dif\u00edcil quanto saboroso. Perante uma das boas equipas&hellip;\n","protected":false},"author":2,"featured_media":214161,"comment_status":"","ping_status":"","sticky":false,"template":"","format":"standard","meta":{"footnotes":""},"categories":[8],"tags":[27,28,2610,135,9173,15,16,524,280,14,281,25,26,21,22,12,13,19,20,32,23,24,33,3099,17,18,29,30,31],"class_list":{"0":"post-214160","1":"post","2":"type-post","3":"status-publish","4":"format-standard","5":"has-post-thumbnail","7":"category-principais-noticias","8":"tag-breaking-news","9":"tag-breakingnews","10":"tag-cronica-de-jogo","11":"tag-desporto","12":"tag-estoril-praia","13":"tag-featured-news","14":"tag-featurednews","15":"tag-futebol","16":"tag-futebol-nacional","17":"tag-headlines","18":"tag-i-liga","19":"tag-latest-news","20":"tag-latestnews","21":"tag-main-news","22":"tag-mainnews","23":"tag-news","24":"tag-noticias","25":"tag-noticias-principais","26":"tag-noticiasprincipais","27":"tag-portugal","28":"tag-principais-noticias","29":"tag-principaisnoticias","30":"tag-pt","31":"tag-sl-benfica","32":"tag-top-stories","33":"tag-topstories","34":"tag-ultimas","35":"tag-ultimas-noticias","36":"tag-ultimasnoticias"},"share_on_mastodon":{"url":"https:\/\/pubeurope.com\/@pt\/115834896571024087","error":""},"_links":{"self":[{"href":"https:\/\/www.europesays.com\/pt\/wp-json\/wp\/v2\/posts\/214160","targetHints":{"allow":["GET"]}}],"collection":[{"href":"https:\/\/www.europesays.com\/pt\/wp-json\/wp\/v2\/posts"}],"about":[{"href":"https:\/\/www.europesays.com\/pt\/wp-json\/wp\/v2\/types\/post"}],"author":[{"embeddable":true,"href":"https:\/\/www.europesays.com\/pt\/wp-json\/wp\/v2\/users\/2"}],"replies":[{"embeddable":true,"href":"https:\/\/www.europesays.com\/pt\/wp-json\/wp\/v2\/comments?post=214160"}],"version-history":[{"count":0,"href":"https:\/\/www.europesays.com\/pt\/wp-json\/wp\/v2\/posts\/214160\/revisions"}],"wp:featuredmedia":[{"embeddable":true,"href":"https:\/\/www.europesays.com\/pt\/wp-json\/wp\/v2\/media\/214161"}],"wp:attachment":[{"href":"https:\/\/www.europesays.com\/pt\/wp-json\/wp\/v2\/media?parent=214160"}],"wp:term":[{"taxonomy":"category","embeddable":true,"href":"https:\/\/www.europesays.com\/pt\/wp-json\/wp\/v2\/categories?post=214160"},{"taxonomy":"post_tag","embeddable":true,"href":"https:\/\/www.europesays.com\/pt\/wp-json\/wp\/v2\/tags?post=214160"}],"curies":[{"name":"wp","href":"https:\/\/api.w.org\/{rel}","templated":true}]}}