{"id":214174,"date":"2026-01-04T04:44:08","date_gmt":"2026-01-04T04:44:08","guid":{"rendered":"https:\/\/www.europesays.com\/pt\/214174\/"},"modified":"2026-01-04T04:44:08","modified_gmt":"2026-01-04T04:44:08","slug":"virginia-leva-os-filhos-para-passeio-diferente-durante-ferias-na-europa-fotos","status":"publish","type":"post","link":"https:\/\/www.europesays.com\/pt\/214174\/","title":{"rendered":"Virginia leva os filhos para passeio diferente durante f\u00e9rias na Europa; fotos"},"content":{"rendered":"<p><a href=\"https:\/\/caras.com.br\/tags\/virginia-fonseca\" rel=\"nofollow noopener\" target=\"_blank\"><strong>Virginia Fonseca<\/strong><\/a> usou as redes sociais neste s\u00e1bado, 3, para dividir com os seguidores um momento de lazer ao lado dos filhos. A influenciadora aproveitou a tarde para fazer um passeio fora do comum com <strong>Maria Alice,<\/strong> de 4 anos, <strong>Maria Flor,<\/strong> de 3, e <strong>Jos\u00e9 Leonardo,<\/strong> de 1 ano, durante os dias de descanso na Europa.<\/p>\n<p>Nos registros publicados no Instagram, Virginia mostrou detalhes de uma visita a um safari. Na legenda da publica\u00e7\u00e3o, ela comentou o dia com os filhos: \u201cQue passeio legal! Nos divertimos muito, mas confesso que p\u00f3s passeio precisei de 10 minutos em sil\u00eancio para minha alma voltar pro corpo\u201d, escreveu.<\/p>\n<p>Ao falar sobre a din\u00e2mica do passeio, Virginia brincou com a log\u00edstica de levar tr\u00eas crian\u00e7as pequenas para dentro de um carro em meio aos animais. \u201cTr\u00eas crian\u00e7as, dentro de um carro, em um safari. Por\u00e9m, iria de novo\u201d, disse, demonstrando bom humor ao relatar a experi\u00eancia.<\/p>\n<blockquote class=\"instagram-media\" style=\"background: #FFF; border: 0; border-radius: 3px; box-shadow: 0 0 1px 0 rgba(0,0,0,0.5),0 1px 10px 0 rgba(0,0,0,0.15); margin: 1px; max-width: 540px; min-width: 326px; padding: 0; width: calc(100% - 2px);\" data-instgrm-captioned=\"\" data-instgrm-permalink=\"https:\/\/www.instagram.com\/p\/DTEBRmGjCsu\/?utm_source=ig_embed&amp;utm_campaign=loading\" data-instgrm-version=\"14\"><\/blockquote>\n<p>\t Safari e rea\u00e7\u00f5es das crian\u00e7as <\/p>\n<p>A influenciadora tamb\u00e9m mostrou os filhos interagindo com os animais. Maria Alice e Jos\u00e9 Leonardo apareceram alimentando alguns deles de perto, enquanto Maria Flor preferiu manter dist\u00e2ncia. Segundo a m\u00e3e, a filha do meio ficou receosa durante todo o passeio. \u201cFloflo tem medo e n\u00e3o quis alimentar nenhum animal\u201d, contou.<\/p>\n<p>Em outros registros, Virginia exibiu cenas mais detalhadas do trajeto, incluindo a rea\u00e7\u00e3o das crian\u00e7as diante dos bichos. Maria Flor apareceu comendo as cenouras separadas para alimentar os animais, arrancando risadas da m\u00e3e. \u201cQue apetite \u00e9 esse?\u201d, brincou.<\/p>\n<p> <img loading=\"lazy\" decoding=\"async\" class=\"wp-image-1052642 size-full img-fluid lazy\" alt=\"Maria Flor - Foto: Reprodu\u00e7\u00e3o \/ Instagram\" width=\"331\" height=\"602\" src=\"https:\/\/www.europesays.com\/pt\/wp-content\/uploads\/2026\/01\/stories-virginia.jpg\"  \/>Maria Flor \u2013 Foto: Reprodu\u00e7\u00e3o \/ Instagram <\/p>\n<p>Virginia tamb\u00e9m relatou o comportamento dos filhos ao longo do passeio. Enquanto Maria Alice e o ca\u00e7ula demonstraram curiosidade e pouca inseguran\u00e7a, Maria Flor se manteve mais cautelosa. \u201cJos\u00e9 tem medo de nada, igual Maria Alice. A Flor nem chega perto\u201d, explicou.<\/p>\n<p> <img loading=\"lazy\" decoding=\"async\" class=\"wp-image-1052639 size-full img-fluid lazy\" alt=\"Virginia e as filhas em safari na Espanha - Foto: Reprodu\u00e7\u00e3o \/ Instagram\" width=\"344\" height=\"615\" src=\"https:\/\/www.europesays.com\/pt\/wp-content\/uploads\/2026\/01\/stories-virginia3.jpg\"  \/>Virginia e as filhas em safari na Espanha \u2013 Foto: Reprodu\u00e7\u00e3o \/ Instagram <\/p>\n<p>\u00a0<\/p>\n<p>\t <img loading=\"lazy\" decoding=\"async\" class=\"wp-image-1052641 size-full img-fluid lazy\" alt=\"Maria Alice e Maria Flor - Foto: Reprodu\u00e7\u00e3o \/ Instagram\" width=\"344\" height=\"602\" src=\"https:\/\/www.europesays.com\/pt\/wp-content\/uploads\/2026\/01\/stories-virginia1.jpg\"  \/>Maria Alice e Maria Flor \u2013 Foto: Reprodu\u00e7\u00e3o \/ Instagram <\/p>\n<p>\u00a0<\/p>\n<p> <img loading=\"lazy\" decoding=\"async\" class=\"wp-image-1052640 size-full img-fluid lazy\" alt=\"Virginia em safari na Espanha - Foto: Reprodu\u00e7\u00e3o \/ Instagram\" width=\"338\" height=\"613\" src=\"https:\/\/www.europesays.com\/pt\/wp-content\/uploads\/2026\/01\/stories-virginia2.jpg\"  \/>Virginia em safari na Espanha \u2013 Foto: Reprodu\u00e7\u00e3o \/ Instagram <\/p>\n<p>Virginia est\u00e1 passando uma temporada de f\u00e9rias em Madri, na Espanha, onde celebrou a virada do ano ao lado do atual namorado, <strong>Vini Jr<\/strong>.<\/p>\n<p>Leia tamb\u00e9m: <a href=\"https:\/\/caras.com.br\/atualidades\/veja-a-reacao-de-vini-jr-a-declaracao-romantica-da-namorada-virginia-fonseca.phtml\" rel=\"nofollow noopener\" target=\"_blank\">Veja a rea\u00e7\u00e3o de Vini Jr \u00e0 declara\u00e7\u00e3o rom\u00e2ntica da namorada, Virginia Fonseca<\/a><\/p>\n<p>        <a href=\"https:\/\/caras.com.br\/autor\/izabella-nicolau\" rel=\"nofollow noopener\" target=\"_blank\">&#13;<br \/>\n          <img loading=\"lazy\" decoding=\"async\" alt=\"Izabella Nicolau\" src=\"https:\/\/www.europesays.com\/pt\/wp-content\/uploads\/2025\/10\/1761546134_794_whatsapp_image_2025-08-12_at_15.10.50_1_sqmd.jpeg\" class=\"avatar avatar-115 photo rounded-circle\" height=\"115\" width=\"115\"\/>        <\/a><\/p>\n<p><strong>Izabella Nicolau<\/strong> \u00e9 rep\u00f3rter de conte\u00fado do site CARAS. Formada em jornalismo, j\u00e1 passou por sites como Observat\u00f3rio do Cinema e Ultraverso. Escreve sobre cultura, entretenimento e celebridades.<\/p>\n<p>\t                                            <script async src=\"\/\/www.instagram.com\/embed.js\"><\/script><\/p>\n","protected":false},"excerpt":{"rendered":"Virginia Fonseca usou as redes sociais neste s\u00e1bado, 3, para dividir com os seguidores um momento de lazer&hellip;\n","protected":false},"author":2,"featured_media":214175,"comment_status":"","ping_status":"","sticky":false,"template":"","format":"standard","meta":{"footnotes":""},"categories":[145],"tags":[211,210,114,115,41844,32,33,973,1446],"class_list":{"0":"post-214174","1":"post","2":"type-post","3":"status-publish","4":"format-standard","5":"has-post-thumbnail","7":"category-celebridades","8":"tag-celebridades","9":"tag-celebrities","10":"tag-entertainment","11":"tag-entretenimento","12":"tag-filhos-de-virgini-e-ze-felipe","13":"tag-portugal","14":"tag-pt","15":"tag-virginia","16":"tag-virginia-fonseca"},"share_on_mastodon":{"url":"https:\/\/pubeurope.com\/@pt\/115835008708805516","error":""},"_links":{"self":[{"href":"https:\/\/www.europesays.com\/pt\/wp-json\/wp\/v2\/posts\/214174","targetHints":{"allow":["GET"]}}],"collection":[{"href":"https:\/\/www.europesays.com\/pt\/wp-json\/wp\/v2\/posts"}],"about":[{"href":"https:\/\/www.europesays.com\/pt\/wp-json\/wp\/v2\/types\/post"}],"author":[{"embeddable":true,"href":"https:\/\/www.europesays.com\/pt\/wp-json\/wp\/v2\/users\/2"}],"replies":[{"embeddable":true,"href":"https:\/\/www.europesays.com\/pt\/wp-json\/wp\/v2\/comments?post=214174"}],"version-history":[{"count":0,"href":"https:\/\/www.europesays.com\/pt\/wp-json\/wp\/v2\/posts\/214174\/revisions"}],"wp:featuredmedia":[{"embeddable":true,"href":"https:\/\/www.europesays.com\/pt\/wp-json\/wp\/v2\/media\/214175"}],"wp:attachment":[{"href":"https:\/\/www.europesays.com\/pt\/wp-json\/wp\/v2\/media?parent=214174"}],"wp:term":[{"taxonomy":"category","embeddable":true,"href":"https:\/\/www.europesays.com\/pt\/wp-json\/wp\/v2\/categories?post=214174"},{"taxonomy":"post_tag","embeddable":true,"href":"https:\/\/www.europesays.com\/pt\/wp-json\/wp\/v2\/tags?post=214174"}],"curies":[{"name":"wp","href":"https:\/\/api.w.org\/{rel}","templated":true}]}}