{"id":214176,"date":"2026-01-04T04:51:00","date_gmt":"2026-01-04T04:51:00","guid":{"rendered":"https:\/\/www.europesays.com\/pt\/214176\/"},"modified":"2026-01-04T04:51:00","modified_gmt":"2026-01-04T04:51:00","slug":"sporting-com-3-baixas-confirmadas-por-suspensao-apos-jogo-com-o-gil-vicente","status":"publish","type":"post","link":"https:\/\/www.europesays.com\/pt\/214176\/","title":{"rendered":"Sporting com 3 baixas confirmadas por suspens\u00e3o ap\u00f3s jogo com o Gil Vicente"},"content":{"rendered":"<p>&#8211; Advertisement &#8211;<\/p>\n<p><strong>Morten Hjulmand e Maxi Ara\u00fajo falham o Sporting x Casa Pia na pr\u00f3xima jornada da Primeira Liga. Gon\u00e7alo In\u00e1cio cumpre castigo na Ta\u00e7a da Liga.<\/strong><\/p>\n<p id=\"h-o-sportingtem-tres-baixas-confirmadas-por-castigo-para-o-jogo-da-proxima-jornada-frente-ao-casa-pia-morten-hjulmand-maxi-araujo-e-goncalo-inacio\">Morten Hjulmand e Maxi Ara\u00fajo s\u00e3o baixas confirmadas no Sporting para o pr\u00f3ximo jogo da Primeira Liga, frente ao Casa Pia. Os dois jogadores ficaram suspensos, ap\u00f3s a partida frente ao Gil Vicente.<\/p>\n<p>Gon\u00e7alo In\u00e1cio foi expulso na partida, aos 79 minutos, ap\u00f3s ter agarrado Gustavo Varela, que ia sozinho para a baliza. No entanto, o defesa-central cumprir\u00e1 castigo no jogo da Ta\u00e7a da Liga. J\u00e1 Maxi Ara\u00fajo e <a href=\"https:\/\/bolanarede.pt\/especial-bola-na-rede\/atualidade\/sporting-com-baixa-importante-contra-o-casa-pia-na-primeira-liga\/\" target=\"_blank\" rel=\"noreferrer noopener nofollow\">Morten Hjulmand viram o quinto cart\u00e3o amarelo<\/a> no campeonato e ficam tamb\u00e9m fora do pr\u00f3ximo jogo da liga.<\/p>\n<p>O Sporting mede for\u00e7as com o Casa Pia no pr\u00f3ximo dia 16 janeiro, num encontro referente \u00e0 18.\u00aa jornada da Primeira Liga.<\/p>\n","protected":false},"excerpt":{"rendered":"&#8211; Advertisement &#8211; Morten Hjulmand e Maxi Ara\u00fajo falham o Sporting x Casa Pia na pr\u00f3xima jornada da&hellip;\n","protected":false},"author":2,"featured_media":207160,"comment_status":"","ping_status":"","sticky":false,"template":"","format":"standard","meta":{"footnotes":""},"categories":[87],"tags":[260,1529,135,4815,8187,2075,32,33,34,134],"class_list":{"0":"post-214176","1":"post","2":"type-post","3":"status-publish","4":"format-standard","5":"has-post-thumbnail","7":"category-desporto","8":"tag-atualidade","9":"tag-casa-pia","10":"tag-desporto","11":"tag-goncalo-inacio","12":"tag-maxi-araujo","13":"tag-morten-hjulmand","14":"tag-portugal","15":"tag-pt","16":"tag-sporting","17":"tag-sports"},"share_on_mastodon":{"url":"https:\/\/pubeurope.com\/@pt\/115835036125397638","error":""},"_links":{"self":[{"href":"https:\/\/www.europesays.com\/pt\/wp-json\/wp\/v2\/posts\/214176","targetHints":{"allow":["GET"]}}],"collection":[{"href":"https:\/\/www.europesays.com\/pt\/wp-json\/wp\/v2\/posts"}],"about":[{"href":"https:\/\/www.europesays.com\/pt\/wp-json\/wp\/v2\/types\/post"}],"author":[{"embeddable":true,"href":"https:\/\/www.europesays.com\/pt\/wp-json\/wp\/v2\/users\/2"}],"replies":[{"embeddable":true,"href":"https:\/\/www.europesays.com\/pt\/wp-json\/wp\/v2\/comments?post=214176"}],"version-history":[{"count":0,"href":"https:\/\/www.europesays.com\/pt\/wp-json\/wp\/v2\/posts\/214176\/revisions"}],"wp:featuredmedia":[{"embeddable":true,"href":"https:\/\/www.europesays.com\/pt\/wp-json\/wp\/v2\/media\/207160"}],"wp:attachment":[{"href":"https:\/\/www.europesays.com\/pt\/wp-json\/wp\/v2\/media?parent=214176"}],"wp:term":[{"taxonomy":"category","embeddable":true,"href":"https:\/\/www.europesays.com\/pt\/wp-json\/wp\/v2\/categories?post=214176"},{"taxonomy":"post_tag","embeddable":true,"href":"https:\/\/www.europesays.com\/pt\/wp-json\/wp\/v2\/tags?post=214176"}],"curies":[{"name":"wp","href":"https:\/\/api.w.org\/{rel}","templated":true}]}}