{"id":214177,"date":"2026-01-04T04:59:12","date_gmt":"2026-01-04T04:59:12","guid":{"rendered":"https:\/\/www.europesays.com\/pt\/214177\/"},"modified":"2026-01-04T04:59:12","modified_gmt":"2026-01-04T04:59:12","slug":"goiana-relata-momentos-de-terror-em-show-de-alok-durante-tempestade-em-cruzeiro-o-popular","status":"publish","type":"post","link":"https:\/\/www.europesays.com\/pt\/214177\/","title":{"rendered":"Goiana relata momentos de terror em show de Alok durante tempestade em cruzeiro &#8211; O Popular"},"content":{"rendered":"<ol>\n<li><a href=\"https:\/\/news.google.com\/rss\/articles\/CBMivgFBVV95cUxOT3FianFUQUh5RjNvTVhfbEM4dFZtTm5pdzhsUjNBVzl6WGZFeEhEU0ZlQmlpbGYtckgyYXA2Y0xRdUZYT1JyanRDWGQwYlpBV2dKWXZ6aTNBRFd3V1pvVGlfbVZoMHV5ZllYNzFreU0td3JFSnUtc1BzV2lyZW9ZeVo2eFNiSm9QblgzdG9JVFdQNEhYZkZ3aHV0UnRwcDBZd2Itc1JEUFZaSFZnMWNTaWxlWHhubGJ5MGhRT3RB?oc=5\" target=\"_blank\" rel=\"nofollow noopener\">Goiana relata momentos de terror em show de Alok durante tempestade em cruzeiro<\/a>&nbsp;&nbsp;O Popular<\/li>\n<li><a href=\"https:\/\/news.google.com\/rss\/articles\/CBMikgFBVV95cUxNQUE3ODk2XzlTNkdvbEE2MWp2XzZyM01BbHdNcl84cWhTSXdDUGFQRmE1QVo1OUc0WENsWmdaRmVRRm9uM3ZmX3lpZTdpSWxnS2VWQjRzS1JDSXkzQk9Uak16Tk1EWE1Cbks0SUR4RnJyeWN5M3hrWnhsRlREMlBGT3lVNFRfOUVhWXE3blAxVE5mZw?oc=5\" target=\"_blank\" rel=\"nofollow noopener\">O susto de Alok durante o show de R\u00e9veillon<\/a>&nbsp;&nbsp;VEJA<\/li>\n<li><a href=\"https:\/\/news.google.com\/rss\/articles\/CBMi_gFBVV95cUxQRGxMUUxFX290bkhlamotdkV1OGFJWXFiY3dIOG1LcHdCMTlOdXowRXQ3Q1ZrRVZWTkJVeGN5M1drY2Uwb3U5Z3dlSW1MclVhVktIRDl2QnVsNVBzNDRoQ1B3UFpUcUpuYjJxNkJIa19QLTVRWGxCUHNZZFBISjNyOEhjSW5xN1I1eWtJOUhxVjlvQThSQXRkTjFraGFaeUZKbFI0akl3VWhGNmhITHdhZlRKVjc4SU9EaUR5VTNIVkdSeWREN0RBb0NhWE1nb2ZuQ2tLdFRxUHpmZ0d5SnNBVUlMUExqQmZrV3F3NWRuZWdFZHU1SHJDX1RlV1FNd9IBjAJBVV95cUxNTVplQTQzNFdCZWd5SFdRM0Rqek53Tnl3eHR2MEM2ckZETnZaZzJMajNTX2NUUWQyb1hINF9UTURrU2c3bWVfSDVIOU83RUtsVTBtY1NOX1FuWktGX0JFY2NwWmFQbVBqcThLYlJicXJsdHc0d3hseC1YN0NTcy1ZVzFoNXNWMHJXTnpJTzVJd3FzNlkyTmhOcUNOSzVLX2ZPcS1hUlNHbGl6S1pkUUU3V2JFN0x2dmJ3MmdZRlJSYUNYQkFqLVYtcE1kZFZuZVktZk1xcm9Yc0ItNERQN09vZW1SWnAwcEdsQmNyOEFRMURfMmxZS2dqQlJkOXJkaVJRN2tSV25BQTc4N1Rf?oc=5\" target=\"_blank\" rel=\"nofollow noopener\">Empres\u00e1ria de An\u00e1polis relata momentos de p\u00e2nico em cruzeiro durante show do DJ Alok: \u2018Embarca\u00e7\u00e3o come\u00e7ou a inclinar\u2019<\/a>&nbsp;&nbsp;G1<\/li>\n<li><a href=\"https:\/\/news.google.com\/rss\/articles\/CBMi1wFBVV95cUxQQTFxdjY0dXdHQUVXdnpJcjN1LS1CQXI1eFp4bHJnUkRhSTlWTUotTEhTQjdTT0tJbU85NEkwYTZvSVBkMlMzVzdyYlJpUmdmX1AzLWxMekJHaHBCTEgyeUdKOWl4MmdGZS1ZNnI3MnUxS2tQeUtiVFIwMWZEbzlEZEU1LTU3MUt0YVhNdk8yWEdNdkdHVXdRYTY0T0Y5UEh4V0w3ZXQyUVRIWHNfc3pxaUJiTGljdmxlR0p4V01DMDZ2b1VucG9kMVE0VkJxQUFNUDk5dzJyaw?oc=5\" target=\"_blank\" rel=\"nofollow noopener\">&#8216;Corre, corre&#8217;: influenciador conta tens\u00e3o durante cruzeiro que inclinou com ventania no R\u00e9veillon<\/a>&nbsp;&nbsp;Jornal Correio<\/li>\n<li><a href=\"https:\/\/news.google.com\/rss\/articles\/CBMivAFBVV95cUxPeG5LTm1iRUQwbm01MGpQZHJzY29PeFpMeEZmS2NuY0FldmxjamxUUmJhUXR3UnVJZ1VwRWNDelBjTzdNR0M3ZG1ydWFOSTdaSl9yeVgyMmxCWHdRVEpKc3BKYlVOcnkxVFVlSzhOakswT2hPU2ZKZV9tZWRtT0hSbGxPOE5VMTM4S1hOMVRzaWpKdEhaaWVBbmp6bnhFd3lTdjBRdXQyeTdUN0JIVGJhQlR2N0pENmJEYXB0Uw?oc=5\" target=\"_blank\" rel=\"nofollow noopener\">V\u00eddeo mostra p\u00e2nico em navio durante tempestade que parou show de Alok<\/a>&nbsp;&nbsp;Metr\u00f3poles<\/li>\n<\/ol>\n","protected":false},"excerpt":{"rendered":"Goiana relata momentos de terror em show de Alok durante tempestade em cruzeiro&nbsp;&nbsp;O Popular O susto de Alok&hellip;\n","protected":false},"author":2,"featured_media":214178,"comment_status":"","ping_status":"","sticky":false,"template":"","format":"standard","meta":{"footnotes":""},"categories":[145],"tags":[14398,41845,211,210,6034,114,115,32,33,20982,227],"class_list":{"0":"post-214177","1":"post","2":"type-post","3":"status-publish","4":"format-standard","5":"has-post-thumbnail","7":"category-celebridades","8":"tag-alok","9":"tag-anapolis","10":"tag-celebridades","11":"tag-celebrities","12":"tag-cruzeiro","13":"tag-entertainment","14":"tag-entretenimento","15":"tag-portugal","16":"tag-pt","17":"tag-tempestade","18":"tag-videos"},"share_on_mastodon":{"url":"https:\/\/pubeurope.com\/@pt\/115835067629823725","error":""},"_links":{"self":[{"href":"https:\/\/www.europesays.com\/pt\/wp-json\/wp\/v2\/posts\/214177","targetHints":{"allow":["GET"]}}],"collection":[{"href":"https:\/\/www.europesays.com\/pt\/wp-json\/wp\/v2\/posts"}],"about":[{"href":"https:\/\/www.europesays.com\/pt\/wp-json\/wp\/v2\/types\/post"}],"author":[{"embeddable":true,"href":"https:\/\/www.europesays.com\/pt\/wp-json\/wp\/v2\/users\/2"}],"replies":[{"embeddable":true,"href":"https:\/\/www.europesays.com\/pt\/wp-json\/wp\/v2\/comments?post=214177"}],"version-history":[{"count":0,"href":"https:\/\/www.europesays.com\/pt\/wp-json\/wp\/v2\/posts\/214177\/revisions"}],"wp:featuredmedia":[{"embeddable":true,"href":"https:\/\/www.europesays.com\/pt\/wp-json\/wp\/v2\/media\/214178"}],"wp:attachment":[{"href":"https:\/\/www.europesays.com\/pt\/wp-json\/wp\/v2\/media?parent=214177"}],"wp:term":[{"taxonomy":"category","embeddable":true,"href":"https:\/\/www.europesays.com\/pt\/wp-json\/wp\/v2\/categories?post=214177"},{"taxonomy":"post_tag","embeddable":true,"href":"https:\/\/www.europesays.com\/pt\/wp-json\/wp\/v2\/tags?post=214177"}],"curies":[{"name":"wp","href":"https:\/\/api.w.org\/{rel}","templated":true}]}}