{"id":214195,"date":"2026-01-04T05:41:12","date_gmt":"2026-01-04T05:41:12","guid":{"rendered":"https:\/\/www.europesays.com\/pt\/214195\/"},"modified":"2026-01-04T05:41:12","modified_gmt":"2026-01-04T05:41:12","slug":"astro-de-the-vampire-diaries-curte-dias-de-sol-no-brasil-e-agita-fas","status":"publish","type":"post","link":"https:\/\/www.europesays.com\/pt\/214195\/","title":{"rendered":"Astro de &#8216;The Vampire Diaries&#8217; curte dias de sol no Brasil e agita f\u00e3s"},"content":{"rendered":"\n<p>O Brasil est\u00e1 mesmo sendo um destino queridinho pelos gringos famosos. Shawn Mendes aproveitou praias ao lado de Bruna Marquezine, Rosal\u00eda foi vista se esbaldando no Rio de Janeiro e Paul Wesley, astro de &#8220;The vampire diaries&#8221;, est\u00e1 curtindo os dias ensolarados em Paraty. O ator est\u00e1 com a noiva brasileira Natalie Kuckenburg.<\/p>\n<p>A modelo compartilhou registros de como est\u00e3o sendo os dias dela e do amado famoso no Brasil. Na \u00faltima postagem, ela mostra momentos em que os dois passearam por ruas de Paraty, entraram em algumas lojas, foram parar em uma cachoeira e ainda se deliciaram com bebidas brasileiras nesse ver\u00e3o.<\/p>\n<blockquote class=\"instagram-media\" data-instgrm-captioned=\"\" data-instgrm-permalink=\"https:\/\/www.instagram.com\/p\/DTAnO2rkbB5\/?utm_source=ig_embed&amp;utm_campaign=loading\" data-instgrm-version=\"14\" style=\"border: 0; border-radius: 3px; box-shadow: 0 0 1px 0 rgba(0,0,0,0.5),0 1px 10px 0 rgba(0,0,0,0.15); margin: 1px; max-width: 540px; min-width: 326px; padding: 0; width: calc(100% - 2px);\"><\/blockquote>\n<p>Antes disso, o casal estava em Angra dos Reis, onde festejou a virada do ano. De acordo com as fotos, \u00e9 poss\u00edvel ver que Natalie e Wesley tamb\u00e9m mergulharam em praias na regi\u00e3o, realizaram trilha e fizeram um passeio de barco. O noivado dos dois aconteceu no m\u00eas de julho de 2025.<\/p>\n<p>Os f\u00e3s do ator ficaram empolgados com a estadia dele no Brasil: &#8220;J\u00e1 podemos tirar um CPF pra ele&#8221;, comentou um internauta no Instagram. &#8220;Paul muito brasileiro. Estou amando acompanhar tudo&#8221;, escreveu outro em uma das postagens da modelo. &#8220;Esse nosso homem na nossa terra&#8221;, brincou uma terceira pessoa na mesma rede.<\/p>\n<p> <script async src=\"\/\/www.instagram.com\/embed.js\"><\/script><\/p>\n","protected":false},"excerpt":{"rendered":"O Brasil est\u00e1 mesmo sendo um destino queridinho pelos gringos famosos. Shawn Mendes aproveitou praias ao lado de&hellip;\n","protected":false},"author":2,"featured_media":214196,"comment_status":"","ping_status":"","sticky":false,"template":"","format":"standard","meta":{"footnotes":""},"categories":[145],"tags":[41846,6762,726,211,210,20151,14645,114,115,1507,41847,32,33,2836,19288],"class_list":{"0":"post-214195","1":"post","2":"type-post","3":"status-publish","4":"format-standard","5":"has-post-thumbnail","7":"category-celebridades","8":"tag-agita","9":"tag-astro","10":"tag-brasil","11":"tag-celebridades","12":"tag-celebrities","13":"tag-curte","14":"tag-dias","15":"tag-entertainment","16":"tag-entretenimento","17":"tag-fas","18":"tag-paul-wesley","19":"tag-portugal","20":"tag-pt","21":"tag-sol","22":"tag-the-vampire-diaries"},"share_on_mastodon":{"url":"https:\/\/pubeurope.com\/@pt\/115835232798411550","error":""},"_links":{"self":[{"href":"https:\/\/www.europesays.com\/pt\/wp-json\/wp\/v2\/posts\/214195","targetHints":{"allow":["GET"]}}],"collection":[{"href":"https:\/\/www.europesays.com\/pt\/wp-json\/wp\/v2\/posts"}],"about":[{"href":"https:\/\/www.europesays.com\/pt\/wp-json\/wp\/v2\/types\/post"}],"author":[{"embeddable":true,"href":"https:\/\/www.europesays.com\/pt\/wp-json\/wp\/v2\/users\/2"}],"replies":[{"embeddable":true,"href":"https:\/\/www.europesays.com\/pt\/wp-json\/wp\/v2\/comments?post=214195"}],"version-history":[{"count":0,"href":"https:\/\/www.europesays.com\/pt\/wp-json\/wp\/v2\/posts\/214195\/revisions"}],"wp:featuredmedia":[{"embeddable":true,"href":"https:\/\/www.europesays.com\/pt\/wp-json\/wp\/v2\/media\/214196"}],"wp:attachment":[{"href":"https:\/\/www.europesays.com\/pt\/wp-json\/wp\/v2\/media?parent=214195"}],"wp:term":[{"taxonomy":"category","embeddable":true,"href":"https:\/\/www.europesays.com\/pt\/wp-json\/wp\/v2\/categories?post=214195"},{"taxonomy":"post_tag","embeddable":true,"href":"https:\/\/www.europesays.com\/pt\/wp-json\/wp\/v2\/tags?post=214195"}],"curies":[{"name":"wp","href":"https:\/\/api.w.org\/{rel}","templated":true}]}}