{"id":214203,"date":"2026-01-04T05:58:14","date_gmt":"2026-01-04T05:58:14","guid":{"rendered":"https:\/\/www.europesays.com\/pt\/214203\/"},"modified":"2026-01-04T05:58:14","modified_gmt":"2026-01-04T05:58:14","slug":"noiva-vanessa-martins-faz-confissao-sobre-casamento-seria-uma-loucura","status":"publish","type":"post","link":"https:\/\/www.europesays.com\/pt\/214203\/","title":{"rendered":"Noiva, Vanessa Martins faz confiss\u00e3o sobre casamento: &#8220;Seria uma loucura&#8230;&#8221;"},"content":{"rendered":"<p>Este s\u00e1bado, dia 3, <a href=\"https:\/\/selfie.iol.pt\/famosos\/vanessa-martins\/apos-tres-semanas-vanessa-martins-surge-irreconhecivel\/20251221\/6947e8ced34e2bd5c6d55f0e\" target=\"_blank\" rel=\"nofollow noopener\">Vanessa Martins<\/a> mostrou-se dispon\u00edvel para responder a uma s\u00e9rie de quest\u00f5es dos seguidores.<\/p>\n<p>&#8220;Preparativos para o casamento?&#8221;, quis saber um dos internautas. E a influenciadora digital respondeu:\u00a0 &#8220;Nenhuns! J\u00e1 temos algumas ideias partilhadas entre n\u00f3s, mas nada fechado. N\u00e3o vamos casar este ano. Estamos a pensar em 2027.&#8221;<\/p>\n<p>&#8220;Fui pedida em casamento em junho. Seria uma loucura, num ano, colocar o meu casamento na minha agenda quando j\u00e1 tanta coisa vai acontecer&#8221;, acrescentou, antes de concluir: &#8220;Vai acontecer, com calma e \u00e0 nossa medida.&#8221;<\/p>\n<p>Recorde-se que Vanessa Martins est\u00e1 noiva de David Soares.<\/p>\n<p>Veja, agora, algumas das melhores imagens de Vanessa Martins nas galerias de fotografias que prepar\u00e1mos para si.<\/p>\n<p><img decoding=\"async\" alt=\"\" onclick=\"\" src=\"https:\/\/www.europesays.com\/pt\/wp-content\/uploads\/2026\/01\/1767506294_587_1024.jpeg\" title=\"Vanessa Martins\"\/><\/p>\n","protected":false},"excerpt":{"rendered":"Este s\u00e1bado, dia 3, Vanessa Martins mostrou-se dispon\u00edvel para responder a uma s\u00e9rie de quest\u00f5es dos seguidores. &#8220;Preparativos&hellip;\n","protected":false},"author":2,"featured_media":214204,"comment_status":"","ping_status":"","sticky":false,"template":"","format":"standard","meta":{"footnotes":""},"categories":[145],"tags":[211,210,41849,114,115,980,6983,1015,619,32,33,1016,1012,41848],"class_list":{"0":"post-214203","1":"post","2":"type-post","3":"status-publish","4":"format-standard","5":"has-post-thumbnail","7":"category-celebridades","8":"tag-celebridades","9":"tag-celebrities","10":"tag-david-soares","11":"tag-entertainment","12":"tag-entretenimento","13":"tag-famosos","14":"tag-influenciadora-digital","15":"tag-instagram","16":"tag-nacional","17":"tag-portugal","18":"tag-pt","19":"tag-romance","20":"tag-selfie","21":"tag-vanessa-martins"},"share_on_mastodon":{"url":"https:\/\/pubeurope.com\/@pt\/115835299596770704","error":""},"_links":{"self":[{"href":"https:\/\/www.europesays.com\/pt\/wp-json\/wp\/v2\/posts\/214203","targetHints":{"allow":["GET"]}}],"collection":[{"href":"https:\/\/www.europesays.com\/pt\/wp-json\/wp\/v2\/posts"}],"about":[{"href":"https:\/\/www.europesays.com\/pt\/wp-json\/wp\/v2\/types\/post"}],"author":[{"embeddable":true,"href":"https:\/\/www.europesays.com\/pt\/wp-json\/wp\/v2\/users\/2"}],"replies":[{"embeddable":true,"href":"https:\/\/www.europesays.com\/pt\/wp-json\/wp\/v2\/comments?post=214203"}],"version-history":[{"count":0,"href":"https:\/\/www.europesays.com\/pt\/wp-json\/wp\/v2\/posts\/214203\/revisions"}],"wp:featuredmedia":[{"embeddable":true,"href":"https:\/\/www.europesays.com\/pt\/wp-json\/wp\/v2\/media\/214204"}],"wp:attachment":[{"href":"https:\/\/www.europesays.com\/pt\/wp-json\/wp\/v2\/media?parent=214203"}],"wp:term":[{"taxonomy":"category","embeddable":true,"href":"https:\/\/www.europesays.com\/pt\/wp-json\/wp\/v2\/categories?post=214203"},{"taxonomy":"post_tag","embeddable":true,"href":"https:\/\/www.europesays.com\/pt\/wp-json\/wp\/v2\/tags?post=214203"}],"curies":[{"name":"wp","href":"https:\/\/api.w.org\/{rel}","templated":true}]}}