{"id":214209,"date":"2026-01-04T06:12:21","date_gmt":"2026-01-04T06:12:21","guid":{"rendered":"https:\/\/www.europesays.com\/pt\/214209\/"},"modified":"2026-01-04T06:12:21","modified_gmt":"2026-01-04T06:12:21","slug":"marido-de-isabel-veloso-fala-sobre-ausencia-da-influenciadora-no-dia-a-dia-me-entendia","status":"publish","type":"post","link":"https:\/\/www.europesays.com\/pt\/214209\/","title":{"rendered":"Marido de Isabel Veloso fala sobre aus\u00eancia da influenciadora no dia a dia: &#8220;Me entendia\u201d"},"content":{"rendered":"<p><a href=\"https:\/\/caras.com.br\/tags\/lucas-borbas\" rel=\"nofollow noopener\" target=\"_blank\"><strong>Lucas Borbas<\/strong><\/a> usou as redes sociais neste s\u00e1bado, 3, para falar abertamente sobre o per\u00edodo dif\u00edcil que vem enfrentando ao lado da esposa, <strong><a href=\"https:\/\/caras.com.br\/tags\/isabel-veloso\" rel=\"nofollow noopener\" target=\"_blank\">Isabel Veloso<\/a>.<\/strong> Em um v\u00eddeo publicado para os seguidores, ele compartilhou reflex\u00f5es pessoais sobre a rotina atual e o impacto emocional provocado pelo afastamento da influenciadora do conv\u00edvio di\u00e1rio.<\/p>\n<p>Durante o desabafo, Lucas explicou que tem se mantido mais distante das redes sociais nos \u00faltimos dias como forma de tentar lidar com tudo o que a fam\u00edlia atravessa. Segundo ele, apesar das dificuldades, existe a convic\u00e7\u00e3o de que a situa\u00e7\u00e3o encontrar\u00e1 um novo equil\u00edbrio. \u201cPor mais que as coisas estejam dif\u00edceis, elas v\u00e3o ficar bem. De alguma forma, tudo vai se encaixar\u201d, afirmou.<\/p>\n<p>O marido de Isabel tamb\u00e9m falou sobre como a aus\u00eancia da esposa tem pesado emocionalmente. Ele contou que n\u00e3o costuma se abrir com facilidade e que Isabel sempre foi sua principal refer\u00eancia para conversas e apoio emocional. \u201cA pessoa com quem eu mais conversava era a Isabel. Ela sempre me entendia\u201d, disse, visivelmente emocionado.<\/p>\n<p>Lucas aproveitou o momento para refletir sobre f\u00e9 e prop\u00f3sito diante do cen\u00e1rio atual. Para ele, mais importante do que buscar explica\u00e7\u00f5es imediatas \u00e9 tentar compreender o sentido do que est\u00e3o vivendo. \u201cTalvez a gente n\u00e3o tenha que perguntar para Deus o porqu\u00ea, mas o pra qu\u00ea. Qual \u00e9 o sentido disso tudo\u201d, declarou.<\/p>\n<p>Ao encerrar o v\u00eddeo, Lucas demonstrou confian\u00e7a na recupera\u00e7\u00e3o e na for\u00e7a da esposa. Ele relembrou a trajet\u00f3ria de supera\u00e7\u00e3o de Isabel e destacou a resili\u00eancia que, segundo ele, sempre marcou a hist\u00f3ria dela. \u201cA gente acredita muito que isso vai mudar. A Isabel vai dar a volta por cima. Ela \u00e9 a pessoa mais guerreira que eu conhe\u00e7o\u201d, afirmou.<\/p>\n<p>Isabel Veloso segue internada na UTI<\/p>\n<p>Isabel Veloso permanece internada na UTI, onde segue sob acompanhamento m\u00e9dico cont\u00ednuo desde 27 de novembro, ap\u00f3s enfrentar complica\u00e7\u00f5es respirat\u00f3rias. A jovem, que trata um linfoma de Hodgkin desde os 15 anos, est\u00e1 hospitalizada no Hospital Erasto Gaertner, em Curitiba.<\/p>\n<p>Isabel chegou a permanecer na UTI (Unidade de Terapia Intensiva) por algumas horas e, ap\u00f3s apresentar uma melhora, foi encaminhada para o quarto. Por\u00e9m, em 3 de dezembro, ela precisou retornar para a UTI ap\u00f3s os m\u00e9dicos notarem um esfor\u00e7o respirat\u00f3rio fora do normal.<\/p>\n<p>Leia tamb\u00e9m: <a href=\"https:\/\/caras.com.br\/atualidades\/marido-de-isabel-veloso-rebate-criticas-apos-comemorar-aniversario-do-filho.phtml\" rel=\"nofollow noopener\" target=\"_blank\">Marido de Isabel Veloso rebate cr\u00edticas ap\u00f3s comemorar anivers\u00e1rio do filho<\/a><\/p>\n<p>        <a href=\"https:\/\/caras.com.br\/autor\/izabella-nicolau\" rel=\"nofollow noopener\" target=\"_blank\">&#13;<br \/>\n          <img loading=\"lazy\" decoding=\"async\" alt=\"Izabella Nicolau\" src=\"https:\/\/www.europesays.com\/pt\/wp-content\/uploads\/2025\/10\/1761546134_794_whatsapp_image_2025-08-12_at_15.10.50_1_sqmd.jpeg\" class=\"avatar avatar-115 photo rounded-circle\" height=\"115\" width=\"115\"\/>        <\/a><\/p>\n<p><strong>Izabella Nicolau<\/strong> \u00e9 rep\u00f3rter de conte\u00fado do site CARAS. Formada em jornalismo, j\u00e1 passou por sites como Observat\u00f3rio do Cinema e Ultraverso. Escreve sobre cultura, entretenimento e celebridades.<\/p>\n<ul class=\"terms-list post_tag list-inline\">\n<li class=\"isabel-veloso list-inline-item\">\n\t\t\t\t\t<a href=\"https:\/\/caras.com.br\/tags\/isabel-veloso\" class=\"item-category\" rel=\"nofollow noopener\" target=\"_blank\">Isabel Veloso<\/a>\n\t\t\t\t<\/li>\n<li class=\"lucas-borbas list-inline-item\">\n\t\t\t\t\t<a href=\"https:\/\/caras.com.br\/tags\/lucas-borbas\" class=\"item-category\" rel=\"nofollow noopener\" target=\"_blank\">Lucas Borbas<\/a>\n\t\t\t\t<\/li>\n<\/ul>\n","protected":false},"excerpt":{"rendered":"Lucas Borbas usou as redes sociais neste s\u00e1bado, 3, para falar abertamente sobre o per\u00edodo dif\u00edcil que vem&hellip;\n","protected":false},"author":2,"featured_media":214210,"comment_status":"","ping_status":"","sticky":false,"template":"","format":"standard","meta":{"footnotes":""},"categories":[145],"tags":[211,210,114,115,7733,37619,32,33],"class_list":{"0":"post-214209","1":"post","2":"type-post","3":"status-publish","4":"format-standard","5":"has-post-thumbnail","7":"category-celebridades","8":"tag-celebridades","9":"tag-celebrities","10":"tag-entertainment","11":"tag-entretenimento","12":"tag-isabel-veloso","13":"tag-lucas-borbas","14":"tag-portugal","15":"tag-pt"},"share_on_mastodon":{"url":"https:\/\/pubeurope.com\/@pt\/115835354628258419","error":""},"_links":{"self":[{"href":"https:\/\/www.europesays.com\/pt\/wp-json\/wp\/v2\/posts\/214209","targetHints":{"allow":["GET"]}}],"collection":[{"href":"https:\/\/www.europesays.com\/pt\/wp-json\/wp\/v2\/posts"}],"about":[{"href":"https:\/\/www.europesays.com\/pt\/wp-json\/wp\/v2\/types\/post"}],"author":[{"embeddable":true,"href":"https:\/\/www.europesays.com\/pt\/wp-json\/wp\/v2\/users\/2"}],"replies":[{"embeddable":true,"href":"https:\/\/www.europesays.com\/pt\/wp-json\/wp\/v2\/comments?post=214209"}],"version-history":[{"count":0,"href":"https:\/\/www.europesays.com\/pt\/wp-json\/wp\/v2\/posts\/214209\/revisions"}],"wp:featuredmedia":[{"embeddable":true,"href":"https:\/\/www.europesays.com\/pt\/wp-json\/wp\/v2\/media\/214210"}],"wp:attachment":[{"href":"https:\/\/www.europesays.com\/pt\/wp-json\/wp\/v2\/media?parent=214209"}],"wp:term":[{"taxonomy":"category","embeddable":true,"href":"https:\/\/www.europesays.com\/pt\/wp-json\/wp\/v2\/categories?post=214209"},{"taxonomy":"post_tag","embeddable":true,"href":"https:\/\/www.europesays.com\/pt\/wp-json\/wp\/v2\/tags?post=214209"}],"curies":[{"name":"wp","href":"https:\/\/api.w.org\/{rel}","templated":true}]}}