{"id":214217,"date":"2026-01-04T06:26:11","date_gmt":"2026-01-04T06:26:11","guid":{"rendered":"https:\/\/www.europesays.com\/pt\/214217\/"},"modified":"2026-01-04T06:26:11","modified_gmt":"2026-01-04T06:26:11","slug":"wagner-moura-pode-vencer-critics-choice-e-nao-e-por-o-agente-secreto","status":"publish","type":"post","link":"https:\/\/www.europesays.com\/pt\/214217\/","title":{"rendered":"Wagner Moura pode vencer Critics Choice e n\u00e3o \u00e9 por O Agente Secreto"},"content":{"rendered":"<p data-start=\"182\" data-end=\"586\"><a href=\"https:\/\/natelinha.uol.com.br\/famosos\/tudo-sobre\/wagner-moura\" rel=\"nofollow noopener\" target=\"_blank\">Wagner Moura<\/a> chega \u00e0 cerim\u00f4nia do Critics Choice Awards deste domingo (4) com duas indica\u00e7\u00f5es e cen\u00e1rios distintos de disputa. Embora esteja nomeado como melhor ator por O Agente Secreto, a categoria em que aparece mais bem posicionado nas previs\u00f5es n\u00e3o \u00e9 a do filme dirigido por <a href=\"https:\/\/natelinha.uol.com.br\/famosos\/tudo-sobre\/kleber-mendonca-filho\" rel=\"nofollow noopener\" target=\"_blank\">Kleber Mendon\u00e7a Filho<\/a>, mas a de ator coadjuvante em miniss\u00e9rie ou filme para TV, pela produ\u00e7\u00e3o Dope Thief, da Apple TV+.<\/p>\n<p data-start=\"588\" data-end=\"987\">Segundo levantamentos publicados pela Variety, Wagner aparece como o segundo favorito na categoria de ator coadjuvante em miniss\u00e9rie ou filme para TV.<\/p>\n<p data-start=\"588\" data-end=\"987\">O primeiro lugar nas previs\u00f5es \u00e9 atribu\u00eddo a Owen Cooper, da s\u00e9rie Adolescence, apontado como principal nome da disputa. Ainda assim, a presen\u00e7a do brasileiro entre os mais cotados sustenta a possibilidade de vit\u00f3ria fora do eixo principal do cinema.<\/p>\n<p data-start=\"588\" data-end=\"987\">+\u00a0<a href=\"https:\/\/natelinha.uol.com.br\/famosos\/2025\/12\/13\/como-wagner-moura-comprou-briga-com-governo-lula-e-ganhou-apoio-235211.php\" target=\"_blank\" rel=\"noopener noreferrer nofollow\">Como Wagner Moura comprou briga com governo Lula e ganhou apoio<\/a><\/p>\n<p data-start=\"989\" data-end=\"1369\">Na categoria de melhor ator em filme, o artista concorre por O Agente Secreto. A indica\u00e7\u00e3o marca um feito in\u00e9dito: ele \u00e9 o primeiro ator latino-americano e brasileiro a disputar esse pr\u00eamio no Critics Choice.<\/p>\n<p data-start=\"989\" data-end=\"1369\">O reconhecimento o coloca como \u201cquebra-barreiras\u201d e \u201csurpresa hist\u00f3rica\u201d, nos termos usados por ve\u00edculos especializados ao tratar de sua presen\u00e7a na temporada de premia\u00e7\u00f5es.<\/p>\n<p data-start=\"1371\" data-end=\"1679\">Al\u00e9m da indica\u00e7\u00e3o individual, O Agente Secreto tamb\u00e9m concorre como melhor filme internacional, representando o Brasil. Nessa disputa, o longa aparece como segundo favorito nas an\u00e1lises, atr\u00e1s de N\u00e3o Foi Apenas um Acidente. A categoria re\u00fane ainda produ\u00e7\u00f5es de pa\u00edses como Fran\u00e7a, Taiwan e Coreia do Sul.<\/p>\n<p>Indica\u00e7\u00f5es de Wagner Moura<\/p>\n<p><img decoding=\"async\" loading=\"lazy\" class=\"horizontal\" src=\"https:\/\/www.europesays.com\/pt\/wp-content\/uploads\/2026\/01\/wagner-moura-fica-de-fora-do-emmy_7555.jpeg\" alt=\"imagem-texto\"\/><\/p>\n<p>continua depois da publicidade<\/p>\n<p data-start=\"1681\" data-end=\"2151\">A indica\u00e7\u00e3o dupla transforma Wagner em um dos poucos artistas da edi\u00e7\u00e3o a concorrer simultaneamente em categorias de cinema e televis\u00e3o.<\/p>\n<p data-start=\"1681\" data-end=\"2151\">No caso da TV, ele disputa o pr\u00eamio ao lado de nomes como Nick Offerman (Death by Lightning), Michael Pe\u00f1a (All Her Fault), Ashley Walters (Adolescence) e Ramy Youssef (Mountainhead). Adolescence, por sua vez, lidera as indica\u00e7\u00f5es televisivas da premia\u00e7\u00e3o, com seis nomea\u00e7\u00f5es, fator que refor\u00e7a o favoritismo de Owen Cooper.<\/p>\n<p data-start=\"1681\" data-end=\"2151\">+\u00a0<a href=\"https:\/\/natelinha.uol.com.br\/famosos\/2025\/12\/10\/morre-marcelo-vip-maior-golpista-do-brasil-que-inspirou-filme-com-wagner-moura-235086.php\" target=\"_blank\" rel=\"noopener noreferrer nofollow\">Morre Marcelo VIP, &#8220;maior golpista do Brasil&#8221;, que inspirou filme com Wagner Moura<\/a><\/p>\n<p data-start=\"2153\" data-end=\"2464\">A 31\u00aa edi\u00e7\u00e3o do Critics Choice Awards acontece no Barker Hangar, em Santa Monica, na Calif\u00f3rnia. A cerim\u00f4nia ser\u00e1 apresentada por Chelsea Handler e transmitida nos Estados Unidos pelos canais E! e USA Network. No Brasil, a exibi\u00e7\u00e3o est\u00e1 prevista para a TNT e a HBO Max, a partir das 21h, no hor\u00e1rio de Bras\u00edlia.<\/p>\n","protected":false},"excerpt":{"rendered":"Wagner Moura chega \u00e0 cerim\u00f4nia do Critics Choice Awards deste domingo (4) com duas indica\u00e7\u00f5es e cen\u00e1rios distintos&hellip;\n","protected":false},"author":2,"featured_media":214218,"comment_status":"","ping_status":"","sticky":false,"template":"","format":"standard","meta":{"footnotes":""},"categories":[145],"tags":[211,210,114,115,32,33,12348],"class_list":{"0":"post-214217","1":"post","2":"type-post","3":"status-publish","4":"format-standard","5":"has-post-thumbnail","7":"category-celebridades","8":"tag-celebridades","9":"tag-celebrities","10":"tag-entertainment","11":"tag-entretenimento","12":"tag-portugal","13":"tag-pt","14":"tag-wagner-moura"},"share_on_mastodon":{"url":"https:\/\/pubeurope.com\/@pt\/115835409746207263","error":""},"_links":{"self":[{"href":"https:\/\/www.europesays.com\/pt\/wp-json\/wp\/v2\/posts\/214217","targetHints":{"allow":["GET"]}}],"collection":[{"href":"https:\/\/www.europesays.com\/pt\/wp-json\/wp\/v2\/posts"}],"about":[{"href":"https:\/\/www.europesays.com\/pt\/wp-json\/wp\/v2\/types\/post"}],"author":[{"embeddable":true,"href":"https:\/\/www.europesays.com\/pt\/wp-json\/wp\/v2\/users\/2"}],"replies":[{"embeddable":true,"href":"https:\/\/www.europesays.com\/pt\/wp-json\/wp\/v2\/comments?post=214217"}],"version-history":[{"count":0,"href":"https:\/\/www.europesays.com\/pt\/wp-json\/wp\/v2\/posts\/214217\/revisions"}],"wp:featuredmedia":[{"embeddable":true,"href":"https:\/\/www.europesays.com\/pt\/wp-json\/wp\/v2\/media\/214218"}],"wp:attachment":[{"href":"https:\/\/www.europesays.com\/pt\/wp-json\/wp\/v2\/media?parent=214217"}],"wp:term":[{"taxonomy":"category","embeddable":true,"href":"https:\/\/www.europesays.com\/pt\/wp-json\/wp\/v2\/categories?post=214217"},{"taxonomy":"post_tag","embeddable":true,"href":"https:\/\/www.europesays.com\/pt\/wp-json\/wp\/v2\/tags?post=214217"}],"curies":[{"name":"wp","href":"https:\/\/api.w.org\/{rel}","templated":true}]}}