{"id":214225,"date":"2026-01-04T06:38:09","date_gmt":"2026-01-04T06:38:09","guid":{"rendered":"https:\/\/www.europesays.com\/pt\/214225\/"},"modified":"2026-01-04T06:38:09","modified_gmt":"2026-01-04T06:38:09","slug":"governo-portugues-defende-edmundo-gonzalez-para-novo-presidente-da-venezuela-montenegro-e-marcelo-acreditam-no-papel-dos-eua-na-transicao","status":"publish","type":"post","link":"https:\/\/www.europesays.com\/pt\/214225\/","title":{"rendered":"Governo portugu\u00eas defende Edmundo Gonz\u00e1lez para novo Presidente da Venezuela, Montenegro e Marcelo acreditam no \u201cpapel dos EUA\u201d na transi\u00e7\u00e3o"},"content":{"rendered":"<p>O ministro dos Neg\u00f3cios Estrangeiros portugu\u00eas, Paulo Rangel, defende que Edmundo Gonz\u00e1lez, opositor de Nicol\u00e1s Maduro, que foi considerado vencedor das elei\u00e7\u00f5es de 2024, por parte da comunidade internacional, deve ser nomeado Presidente da Venezuela no m\u00e9dio-prazo, depois da situa\u00e7\u00e3o no pa\u00eds serenar.<\/p>\n<p>&#8220;Espero que possamos avan\u00e7ar rapidamente para devolu\u00e7\u00e3o de processo democr\u00e1tico, (&#8230;) que possa trazer tranquilidade e prosperidade&#8221;, afirmou. Rangel recorda que Portugal nunca reconheceu o Governo de Maduro e defende que a solu\u00e7\u00e3o no m\u00e9dio-prazo deve passar por\u00a0Edmundo Gonz\u00e1lez, opositor que foi considerado vencedor das elei\u00e7\u00f5es de 2024, por parte da comunidade internacional. Trata-se de &#8220;uma solu\u00e7\u00e3o a prazo perfeitamente aceit\u00e1vel, talvez a prefer\u00edvel&#8221;, reconheceu.<\/p>\n<p style=\"text-align: start;\">Rangel argumentou que h\u00e1 &#8220;um candidato eleito, comprovadamente vencedor, segundo ag\u00eancias internacionais, independentes, imparciais, que tiveram acesso \u00e0s atas, e ser\u00e1 um presidente leg\u00edtimo&#8221;, se o resultado deste processo de transi\u00e7\u00e3o for nesse sentido.<\/p>\n<p style=\"text-align: start;\">&#8220;Para Portugal e quase 100% de certeza para a Uni\u00e3o Europeia, a solu\u00e7\u00e3o de, no mais breve prazo poss\u00edvel, retomar a legitimidade democr\u00e1tica n\u00e3o \u00e9 repor [Nicol\u00e1s] Maduro no poder, \u00e9 justamente p\u00f4r na presid\u00eancia aquele que foi o candidato que venceu as elei\u00e7\u00f5es&#8221;, insistiu.<\/p>\n<p>&#8220;Temos esta situa\u00e7\u00e3o de facto e temos de trabalhar para criar uma solu\u00e7\u00e3o que traga democracia, estabilidade, governabilidade \u00e0 Venezuela&#8221;, disse, numa declara\u00e7\u00e3o \u00e0 imprensa, no Pal\u00e1cio das Necessidades, admitindo que a situa\u00e7\u00e3o no terreno neste momento &#8220;n\u00e3o \u00e9 clara&#8221;.<\/p>\n<p style=\"text-align: start;\">Instado a comentar se a interven\u00e7\u00e3o dos Estados Unidos, que atacaram alvos na Venezuela e detiveram o l\u00edder venezuelano, Nicol\u00e1s Maduro, Rangel lembrou que o Governo portugu\u00eas defende o respeito pelo Direito Internacional.<\/p>\n<p style=\"text-align: start;\">&#8220;Muitos consideram esta interven\u00e7\u00e3o feita nestes termos, independentemente das inten\u00e7\u00f5es, que s\u00e3o benignas, n\u00e3o est\u00e3o conformes ao Direito internacional, mas tendo em conta a ilegitimidade de Nicol\u00e1s Maduro e de uma elite do narco-Estado, h\u00e1 quem entenda que possa haver algum grau de legitima\u00e7\u00e3o&#8221;, comentou.<\/p>\n<p style=\"text-align: start;\">Instado a comentar a declara\u00e7\u00e3o do Presidente norte-americano, Donald Trump, de que os EUA v\u00e3o ficar, para j\u00e1, a governar o pa\u00eds, Rangel desvalorizou: &#8220;N\u00e3o interpretaria as palavras dessa forma literal&#8221;.<\/p>\n<p style=\"text-align: start;\">O chefe da diplomacia portuguesa afirmou que &#8220;ter\u00e1 de haver um processo de pacifica\u00e7\u00e3o da situa\u00e7\u00e3o no terreno, que pode implicar conversa\u00e7\u00f5es com agentes do atual regime e o envolvimento das oposi\u00e7\u00f5es&#8221; e no qual os EUA &#8220;ter\u00e3o um papel de piv\u00f4 nesse di\u00e1logo&#8221;.<\/p>\n<p>Portugueses s\u00e3o principal preocupa\u00e7\u00e3o<\/p>\n<p>Rangel garante que, para j\u00e1, n\u00e3o tem qualquer &#8220;reporte de feridos ou de danos materiais dos portugueses&#8221; que vivem no pa\u00eds. &#8220;A primeira preocupa\u00e7\u00e3o \u00e9 sempre a comunidade portuguesa, neste caso muito numerosa e influente, que infelizmente devido a ditadura de Ch\u00e1vez e Maduro tem sofrido muito, quer no contexto da situa\u00e7\u00e3o econ\u00f3mica, quer com a situa\u00e7\u00e3o politica&#8221;.<\/p>\n<p style=\"text-align: left;\">&#8220;Estamos preocupados com os presos politicos, existem cinco presos politicos luso-venezuelanos, mas h\u00e1 muitos mais de outras nacionalidades&#8221;, continua Rangel, defendendo que \u00e9 muito importante que se continue a libert\u00e1-los nos pr\u00f3ximos dias.<\/p>\n<p style=\"text-align: left;\">Rangel sustentou que pa\u00edses com Portugal, mas tamb\u00e9m Espanha ou It\u00e1lia, que t\u00eam importantes comunidades na Venezuela, t\u00eam &#8220;uma influ\u00eancia importante&#8221; para &#8220;criar as condi\u00e7\u00f5es para que o mais breve poss\u00edvel, uma solu\u00e7\u00e3o democr\u00e1tica e que tenha sido sufragada pelos venezuelanos, possa ser a solu\u00e7\u00e3o governativa&#8221;.<\/p>\n<p>Montenegro e Marcelo acreditam no &#8220;papel dos EUA&#8221; na transi\u00e7\u00e3o<\/p>\n<p style=\"text-align: left;\">O ministro dos Neg\u00f3cios Estrangeiros esteve tamb\u00e9m presente no encontro entre o Presidente da Rep\u00fablica, Marcelo Rebelo de Sousa, e o primeiro-ministro, Lu\u00eds Montenegro, a prop\u00f3sito da ofensiva militar norte-americana.<\/p>\n<p>Na rede social X, Lu\u00eds Montenegro diz que ambos est\u00e3o &#8220;focados no futuro e no restabelecimento de uma democracia plena&#8221;. &#8220;N\u00e3o tendo reconhecido os resultados das elei\u00e7\u00f5es de 2024, tomamos nota das declara\u00e7\u00f5es e garantias do Presidente Donald Trump e constatamos o papel dos EUA na promo\u00e7\u00e3o de uma transi\u00e7\u00e3o est\u00e1vel, pac\u00edfica, democr\u00e1tica e inclusiva na Venezuela com a maior brevidade poss\u00edvel&#8221;, acrescentou.<\/p>\n<p style=\"text-align: start;\">Lu\u00eds Montenegro destacou ainda que o executivo est\u00e1 a &#8220;acompanhar em perman\u00eancia e desde o primeiro momento a situa\u00e7\u00e3o na Venezuela, com aten\u00e7\u00e3o particular \u00e0 seguran\u00e7a e ao bem-estar&#8221; da comunidade portuguesa e que a embaixada de Portugal em Caracas e os consulados no pa\u00eds &#8220;est\u00e3o plenamente mobilizadas para acompanhar&#8221; os cidad\u00e3os portugueses.<\/p>\n<p>Fran\u00e7a defende Edmundo, Espanha condena ataque dos EUA<\/p>\n<p>Rangel juntou-se ao Presidente franc\u00eas, Emmanuel Macron, que afirmou esperar que \u201cEdmundo Gonz\u00e1lez Urrutia, eleito em 2024\u201d, possa assegurar a transi\u00e7\u00e3o de poder \u201co mais rapidamente poss\u00edvel\u201d.<\/p>\n<p>Numa publica\u00e7\u00e3o na rede social X, Macron sublinhou que a transi\u00e7\u00e3o que se aproxima deve ser \u201cpac\u00edfica, democr\u00e1tica e respeitadora da vontade do povo venezuelano\u201d, deixando claro o apoio de Paris a uma mudan\u00e7a pol\u00edtica sustentada por princ\u00edpios democr\u00e1ticos.<\/p>\n<p>O chefe de Estado franc\u00eas foi particularmente cr\u00edtico em rela\u00e7\u00e3o a Nicol\u00e1s Maduro, acusando-o de \u201catropelo das liberdades fundamentais\u201d e de \u201catacar gravemente a dignidade do seu povo\u201d.<\/p>\n<p>Em Madrid, a posi\u00e7\u00e3o do Governo espanhol foi mais cautelosa no que respeita ao papel dos Estados Unidos. O primeiro-ministro Pedro S\u00e1nchez afirmou que Espanha n\u00e3o reconhecer\u00e1 qualquer interven\u00e7\u00e3o norte-americana na Venezuela que viole o Direito Internacional.<\/p>\n<p>\u201cEspanha n\u00e3o reconheceu o regime de Maduro. Mas tamb\u00e9m n\u00e3o reconhecer\u00e1 uma interven\u00e7\u00e3o que viole o Direito Internacional e empurre a regi\u00e3o para um horizonte de incerteza e beliger\u00e2ncia\u201d, escreveu tamb\u00e9m na rede social X.<\/p>\n","protected":false},"excerpt":{"rendered":"O ministro dos Neg\u00f3cios Estrangeiros portugu\u00eas, Paulo Rangel, defende que Edmundo Gonz\u00e1lez, opositor de Nicol\u00e1s Maduro, que foi&hellip;\n","protected":false},"author":2,"featured_media":214226,"comment_status":"","ping_status":"","sticky":false,"template":"","format":"standard","meta":{"footnotes":""},"categories":[10],"tags":[27,28,15,16,14,25,26,21,22,12,13,19,20,32,23,24,33,17,18,29,30,31],"class_list":{"0":"post-214225","1":"post","2":"type-post","3":"status-publish","4":"format-standard","5":"has-post-thumbnail","7":"category-portugal","8":"tag-breaking-news","9":"tag-breakingnews","10":"tag-featured-news","11":"tag-featurednews","12":"tag-headlines","13":"tag-latest-news","14":"tag-latestnews","15":"tag-main-news","16":"tag-mainnews","17":"tag-news","18":"tag-noticias","19":"tag-noticias-principais","20":"tag-noticiasprincipais","21":"tag-portugal","22":"tag-principais-noticias","23":"tag-principaisnoticias","24":"tag-pt","25":"tag-top-stories","26":"tag-topstories","27":"tag-ultimas","28":"tag-ultimas-noticias","29":"tag-ultimasnoticias"},"share_on_mastodon":{"url":"https:\/\/pubeurope.com\/@pt\/115835456863732088","error":""},"_links":{"self":[{"href":"https:\/\/www.europesays.com\/pt\/wp-json\/wp\/v2\/posts\/214225","targetHints":{"allow":["GET"]}}],"collection":[{"href":"https:\/\/www.europesays.com\/pt\/wp-json\/wp\/v2\/posts"}],"about":[{"href":"https:\/\/www.europesays.com\/pt\/wp-json\/wp\/v2\/types\/post"}],"author":[{"embeddable":true,"href":"https:\/\/www.europesays.com\/pt\/wp-json\/wp\/v2\/users\/2"}],"replies":[{"embeddable":true,"href":"https:\/\/www.europesays.com\/pt\/wp-json\/wp\/v2\/comments?post=214225"}],"version-history":[{"count":0,"href":"https:\/\/www.europesays.com\/pt\/wp-json\/wp\/v2\/posts\/214225\/revisions"}],"wp:featuredmedia":[{"embeddable":true,"href":"https:\/\/www.europesays.com\/pt\/wp-json\/wp\/v2\/media\/214226"}],"wp:attachment":[{"href":"https:\/\/www.europesays.com\/pt\/wp-json\/wp\/v2\/media?parent=214225"}],"wp:term":[{"taxonomy":"category","embeddable":true,"href":"https:\/\/www.europesays.com\/pt\/wp-json\/wp\/v2\/categories?post=214225"},{"taxonomy":"post_tag","embeddable":true,"href":"https:\/\/www.europesays.com\/pt\/wp-json\/wp\/v2\/tags?post=214225"}],"curies":[{"name":"wp","href":"https:\/\/api.w.org\/{rel}","templated":true}]}}