{"id":214227,"date":"2026-01-04T06:40:14","date_gmt":"2026-01-04T06:40:14","guid":{"rendered":"https:\/\/www.europesays.com\/pt\/214227\/"},"modified":"2026-01-04T06:40:14","modified_gmt":"2026-01-04T06:40:14","slug":"marido-de-isabel-veloso-chora-ao-falar-do-estado-de-saude-da-influenciadora-nao-esta-sendo-facil","status":"publish","type":"post","link":"https:\/\/www.europesays.com\/pt\/214227\/","title":{"rendered":"Marido de Isabel Veloso chora ao falar do estado de sa\u00fade da influenciadora: &#8216;N\u00e3o est\u00e1 sendo f\u00e1cil&#8217;"},"content":{"rendered":"<p>\n                        Isabel est\u00e1 internada desde novembro e foi extubada em dezembro. Ela foi diagnosticada com linfoma de Hodgkin em 2021\n                    <\/p>\n<p class=\"text\">Lucas Borbas, marido de <b>Isabel Veloso<\/b>, voltou a falar sobre o estado de sa\u00fade da influenciadora nas redes sociais neste s\u00e1bado, 3. Lucas se emocionou ao falar sobre os desafios do momento e a falta que Isabel faz em seu dia-a-dia.<\/p>\n<p class=\"text\">&#8220;Por mais que as coisas sejam dif\u00edceis, elas v\u00e3o ficar bem&#8221;, disse ele em stories publicados no Instagram. &#8220;Mas eu confesso, tamb\u00e9m, que n\u00e3o est\u00e1 sendo f\u00e1cil&#8221;, completou.<\/p>\n<p><img loading=\"lazy\" decoding=\"async\" alt=\"Lucas Borbas se emociona ao falar sobre o estado de sa\u00fade de Isabel Veloso.\" class=\"img-86baeb2a451cc43297d209deb9d84314vxrchcqi\" height=\"1032\" src=\"https:\/\/www.europesays.com\/pt\/wp-content\/uploads\/2026\/01\/1065329816-syngmbriwzey5ame7ifjklvrlm.jpg\"  title=\"Lucas Borbas se emociona ao falar sobre o estado de sa\u00fade de Isabel Veloso.\" width=\"774\"\/><\/p>\n<p>Lucas Borbas se emociona ao falar sobre o estado de sa\u00fade de Isabel Veloso.<\/p>\n<p>Foto: @lucasborbass via Instagram \/ Estad\u00e3o<\/p>\n<p class=\"text\">O marido tamb\u00e9m falou sobre sua f\u00e9. &#8220;Talvez n\u00e3o tenhamos que perguntar o porqu\u00ea de tudo isso, mas o para qu\u00ea. N\u00f3s sempre esperamos que tudo isso v\u00e1 mudar, e vai mudar&#8221;, afirmou ele, dizendo que Isabel \u00e9 &#8220;a pessoa mais guerreira&#8221; que conhece.<\/p>\n<p class=\"text\">Isabel est\u00e1 internada desde novembro e foi extubada em dezembro. \u00c0 \u00e9poca do in\u00edcio da interna\u00e7\u00e3o, os exames da influenciadora apontaram um excesso de magn\u00e9sio no sangue. Poucos dias depois, ela foi diagnosticada com um quadro grave de pneumonia.<\/p>\n<p class=\"text\">A jovem de 19 anos foi diagnosticada em 2021 com um linfoma de Hodgkin, c\u00e2ncer agressivo que se origina no sistema linf\u00e1tico e passou por tratamento paliativo por anos. Em maio de 2025, ela revelou que a doen\u00e7a estava em remiss\u00e3o, contrariando o progn\u00f3stico de muitos m\u00e9dicos e, em outubro, passou por um transplante de medula.<\/p>\n","protected":false},"excerpt":{"rendered":"Isabel est\u00e1 internada desde novembro e foi extubada em dezembro. Ela foi diagnosticada com linfoma de Hodgkin em&hellip;\n","protected":false},"author":2,"featured_media":214228,"comment_status":"","ping_status":"","sticky":false,"template":"","format":"standard","meta":{"footnotes":""},"categories":[145],"tags":[1776,211,210,114,115,7733,32,33],"class_list":{"0":"post-214227","1":"post","2":"type-post","3":"status-publish","4":"format-standard","5":"has-post-thumbnail","7":"category-celebridades","8":"tag-cancer","9":"tag-celebridades","10":"tag-celebrities","11":"tag-entertainment","12":"tag-entretenimento","13":"tag-isabel-veloso","14":"tag-portugal","15":"tag-pt"},"share_on_mastodon":{"url":"https:\/\/pubeurope.com\/@pt\/115835464766676932","error":""},"_links":{"self":[{"href":"https:\/\/www.europesays.com\/pt\/wp-json\/wp\/v2\/posts\/214227","targetHints":{"allow":["GET"]}}],"collection":[{"href":"https:\/\/www.europesays.com\/pt\/wp-json\/wp\/v2\/posts"}],"about":[{"href":"https:\/\/www.europesays.com\/pt\/wp-json\/wp\/v2\/types\/post"}],"author":[{"embeddable":true,"href":"https:\/\/www.europesays.com\/pt\/wp-json\/wp\/v2\/users\/2"}],"replies":[{"embeddable":true,"href":"https:\/\/www.europesays.com\/pt\/wp-json\/wp\/v2\/comments?post=214227"}],"version-history":[{"count":0,"href":"https:\/\/www.europesays.com\/pt\/wp-json\/wp\/v2\/posts\/214227\/revisions"}],"wp:featuredmedia":[{"embeddable":true,"href":"https:\/\/www.europesays.com\/pt\/wp-json\/wp\/v2\/media\/214228"}],"wp:attachment":[{"href":"https:\/\/www.europesays.com\/pt\/wp-json\/wp\/v2\/media?parent=214227"}],"wp:term":[{"taxonomy":"category","embeddable":true,"href":"https:\/\/www.europesays.com\/pt\/wp-json\/wp\/v2\/categories?post=214227"},{"taxonomy":"post_tag","embeddable":true,"href":"https:\/\/www.europesays.com\/pt\/wp-json\/wp\/v2\/tags?post=214227"}],"curies":[{"name":"wp","href":"https:\/\/api.w.org\/{rel}","templated":true}]}}