{"id":214237,"date":"2026-01-04T06:53:15","date_gmt":"2026-01-04T06:53:15","guid":{"rendered":"https:\/\/www.europesays.com\/pt\/214237\/"},"modified":"2026-01-04T06:53:15","modified_gmt":"2026-01-04T06:53:15","slug":"detido-em-vila-real-suspeito-de-duplo-homicidio-de-setubal","status":"publish","type":"post","link":"https:\/\/www.europesays.com\/pt\/214237\/","title":{"rendered":"Detido em Vila Real suspeito de duplo homic\u00eddio de Set\u00fabal"},"content":{"rendered":"<p>A Pol\u00edcia Judici\u00e1ria, atrav\u00e9s do Departamento de Investiga\u00e7\u00e3o Criminal de Set\u00fabal, com a colabora\u00e7\u00e3o do Departamento de Investiga\u00e7\u00e3o Criminal de Vila Real, localizou, identificou e deteve, um homem de 25 anos, fortemente indiciado pela pr\u00e1tica de um duplo homic\u00eddio, um na forma consumada que vitimou uma crian\u00e7a de nove anos e outro na forma tentada que vitimou uma crian\u00e7a de 14 anos.<\/p>\n<p>Os factos em investiga\u00e7\u00e3o reportam-se ao passado dia 31 de dezembro, quando a PSP contactou o Piquete da PJ, pelas 17H15, dando conhecimento ter dado entrada no Hospital de Set\u00fabal duas crian\u00e7as v\u00edtimas de disparos de arma de fogo, uma acabando por falecer.<\/p>\n<p>Das dilig\u00eancias realizadas pela PJ, foi poss\u00edvel apurar que o suspeito, na manh\u00e3 de 31 de dezembro, efetuou v\u00e1rios disparos com uma arma ca\u00e7adeira, na via p\u00fablica, na presen\u00e7a de v\u00e1rias pessoas, incluindo crian\u00e7as.<\/p>\n<p>A determinado momento foi alertado para parar, conselho que ignorou.<\/p>\n<p>Pelas 17H00, e quando se preparava para efetuar mais disparos, a arma encravou, altura em que iniciou os procedimentos necess\u00e1rios para desencrav\u00e1-la, na presen\u00e7a de v\u00e1rias pessoas, incluindo crian\u00e7as.<\/p>\n<p>Durante os procedimentos, o suspeito efetuou um disparo que atingiu as crian\u00e7as, ap\u00f3s o qual foge na dire\u00e7\u00e3o da sua resid\u00eancia, onde guardou a arma.<\/p>\n<p>As crian\u00e7as foram de imediato socorridas por familiares que as transportam para o Hospital de Set\u00fabal.<\/p>\n<p>Foi, ainda, poss\u00edvel apurar que o suspeito, ap\u00f3s a pr\u00e1tica dos factos, dirigiu-se para a zona norte do pa\u00eds, tendo se apresentado, este s\u00e1bado (3), no Departamento de Investiga\u00e7\u00e3o Criminal de Vila Real.<\/p>\n<p>O detido, sem antecedentes policiais, foi presente a primeiro interrogat\u00f3rio judicial para aplica\u00e7\u00e3o das medidas de coa\u00e7\u00e3o.<\/p>\n","protected":false},"excerpt":{"rendered":"A Pol\u00edcia Judici\u00e1ria, atrav\u00e9s do Departamento de Investiga\u00e7\u00e3o Criminal de Set\u00fabal, com a colabora\u00e7\u00e3o do Departamento de Investiga\u00e7\u00e3o&hellip;\n","protected":false},"author":2,"featured_media":214238,"comment_status":"","ping_status":"","sticky":false,"template":"","format":"standard","meta":{"footnotes":""},"categories":[8],"tags":[27,28,15,16,14,25,26,21,22,12,13,19,20,32,23,24,33,17,18,29,30,31],"class_list":{"0":"post-214237","1":"post","2":"type-post","3":"status-publish","4":"format-standard","5":"has-post-thumbnail","7":"category-principais-noticias","8":"tag-breaking-news","9":"tag-breakingnews","10":"tag-featured-news","11":"tag-featurednews","12":"tag-headlines","13":"tag-latest-news","14":"tag-latestnews","15":"tag-main-news","16":"tag-mainnews","17":"tag-news","18":"tag-noticias","19":"tag-noticias-principais","20":"tag-noticiasprincipais","21":"tag-portugal","22":"tag-principais-noticias","23":"tag-principaisnoticias","24":"tag-pt","25":"tag-top-stories","26":"tag-topstories","27":"tag-ultimas","28":"tag-ultimas-noticias","29":"tag-ultimasnoticias"},"share_on_mastodon":{"url":"https:\/\/pubeurope.com\/@pt\/115835515893965064","error":""},"_links":{"self":[{"href":"https:\/\/www.europesays.com\/pt\/wp-json\/wp\/v2\/posts\/214237","targetHints":{"allow":["GET"]}}],"collection":[{"href":"https:\/\/www.europesays.com\/pt\/wp-json\/wp\/v2\/posts"}],"about":[{"href":"https:\/\/www.europesays.com\/pt\/wp-json\/wp\/v2\/types\/post"}],"author":[{"embeddable":true,"href":"https:\/\/www.europesays.com\/pt\/wp-json\/wp\/v2\/users\/2"}],"replies":[{"embeddable":true,"href":"https:\/\/www.europesays.com\/pt\/wp-json\/wp\/v2\/comments?post=214237"}],"version-history":[{"count":0,"href":"https:\/\/www.europesays.com\/pt\/wp-json\/wp\/v2\/posts\/214237\/revisions"}],"wp:featuredmedia":[{"embeddable":true,"href":"https:\/\/www.europesays.com\/pt\/wp-json\/wp\/v2\/media\/214238"}],"wp:attachment":[{"href":"https:\/\/www.europesays.com\/pt\/wp-json\/wp\/v2\/media?parent=214237"}],"wp:term":[{"taxonomy":"category","embeddable":true,"href":"https:\/\/www.europesays.com\/pt\/wp-json\/wp\/v2\/categories?post=214237"},{"taxonomy":"post_tag","embeddable":true,"href":"https:\/\/www.europesays.com\/pt\/wp-json\/wp\/v2\/tags?post=214237"}],"curies":[{"name":"wp","href":"https:\/\/api.w.org\/{rel}","templated":true}]}}