{"id":214247,"date":"2026-01-04T07:08:12","date_gmt":"2026-01-04T07:08:12","guid":{"rendered":"https:\/\/www.europesays.com\/pt\/214247\/"},"modified":"2026-01-04T07:08:12","modified_gmt":"2026-01-04T07:08:12","slug":"os-melhores-dias-do-mes","status":"publish","type":"post","link":"https:\/\/www.europesays.com\/pt\/214247\/","title":{"rendered":"os melhores dias do m\u00eas"},"content":{"rendered":"<p><strong>As fases da Lua em janeiro ser\u00e3o as seguintes:<\/strong><\/p>\n<p>&#8211; Dia 3 \u00e0s 10.02 \u2013 Super Lua Cheia em Caranguejo<\/p>\n<p>Especialmente emotiva, p\u00f5e em destaque os sentimentos e ajuda a fortalecer a uni\u00e3o em casal e tamb\u00e9m a n\u00edvel familiar, mas tamb\u00e9m pode, por outro lado, exacerbar as car\u00eancias afetivas e trazer atritos causados por exig\u00eancias excessivas e necessidades que n\u00e3o s\u00e3o satisfeitas. Acentua a intui\u00e7\u00e3o e a criatividade.<\/p>\n<p>&#8211; Dia 10 \u00e0s 15.48 \u2013 Quarto Minguante em Balan\u00e7a<\/p>\n<p>Aproveite esta fase lunar para esclarecer situa\u00e7\u00f5es em casal ou na sua rela\u00e7\u00e3o com as pessoas pr\u00f3ximas, resolva conflitos e procure chegar a um consenso em assuntos nos quais haja diverg\u00eancias de opini\u00e3o. Boa fase para proceder a uma organiza\u00e7\u00e3o do seu lar, que lhe permita tornar mais belo e agrad\u00e1vel o espa\u00e7o onde vive.<\/p>\n<p>&#8211; Dia 18 \u00e0s 19.51 \u2013 Lua Nova em Aqu\u00e1rio<\/p>\n<p>Tem uma poderosa energia de liberta\u00e7\u00e3o, dando for\u00e7a a tudo aquilo que decidiu durante o Quarto Minguante. Ajuda a definir os seus limites, a reclamar o seu poder pessoal e a sua liberdade.\u00a0<\/p>\n<p>&#8211; Dia 26 \u00e0s 04.47 \u2013 Quarto Crescente em Touro<\/p>\n<p>Aten\u00e7\u00e3o, o seu apetite pode aumentar nesta fase, que nos deixa mais gulosos e \u00e1vidos por desfrutar de tudo aquilo que d\u00e1 prazer aos nossos sentidos. \u00c9 uma boa altura para embelezar o seu lar e para investir no seu visual, assim como para dinamizar os neg\u00f3cios e a vida financeira.<br \/><strong>\u00a0<\/strong><br \/><strong>Os melhores dias do m\u00eas<\/strong><\/p>\n","protected":false},"excerpt":{"rendered":"As fases da Lua em janeiro ser\u00e3o as seguintes: &#8211; Dia 3 \u00e0s 10.02 \u2013 Super Lua Cheia&hellip;\n","protected":false},"author":2,"featured_media":214248,"comment_status":"","ping_status":"","sticky":false,"template":"","format":"standard","meta":{"footnotes":""},"categories":[8],"tags":[27,28,15,16,14,25,26,21,22,12,13,19,20,32,23,24,33,17,18,29,30,31],"class_list":{"0":"post-214247","1":"post","2":"type-post","3":"status-publish","4":"format-standard","5":"has-post-thumbnail","7":"category-principais-noticias","8":"tag-breaking-news","9":"tag-breakingnews","10":"tag-featured-news","11":"tag-featurednews","12":"tag-headlines","13":"tag-latest-news","14":"tag-latestnews","15":"tag-main-news","16":"tag-mainnews","17":"tag-news","18":"tag-noticias","19":"tag-noticias-principais","20":"tag-noticiasprincipais","21":"tag-portugal","22":"tag-principais-noticias","23":"tag-principaisnoticias","24":"tag-pt","25":"tag-top-stories","26":"tag-topstories","27":"tag-ultimas","28":"tag-ultimas-noticias","29":"tag-ultimasnoticias"},"share_on_mastodon":{"url":"https:\/\/pubeurope.com\/@pt\/115835575011656287","error":""},"_links":{"self":[{"href":"https:\/\/www.europesays.com\/pt\/wp-json\/wp\/v2\/posts\/214247","targetHints":{"allow":["GET"]}}],"collection":[{"href":"https:\/\/www.europesays.com\/pt\/wp-json\/wp\/v2\/posts"}],"about":[{"href":"https:\/\/www.europesays.com\/pt\/wp-json\/wp\/v2\/types\/post"}],"author":[{"embeddable":true,"href":"https:\/\/www.europesays.com\/pt\/wp-json\/wp\/v2\/users\/2"}],"replies":[{"embeddable":true,"href":"https:\/\/www.europesays.com\/pt\/wp-json\/wp\/v2\/comments?post=214247"}],"version-history":[{"count":0,"href":"https:\/\/www.europesays.com\/pt\/wp-json\/wp\/v2\/posts\/214247\/revisions"}],"wp:featuredmedia":[{"embeddable":true,"href":"https:\/\/www.europesays.com\/pt\/wp-json\/wp\/v2\/media\/214248"}],"wp:attachment":[{"href":"https:\/\/www.europesays.com\/pt\/wp-json\/wp\/v2\/media?parent=214247"}],"wp:term":[{"taxonomy":"category","embeddable":true,"href":"https:\/\/www.europesays.com\/pt\/wp-json\/wp\/v2\/categories?post=214247"},{"taxonomy":"post_tag","embeddable":true,"href":"https:\/\/www.europesays.com\/pt\/wp-json\/wp\/v2\/tags?post=214247"}],"curies":[{"name":"wp","href":"https:\/\/api.w.org\/{rel}","templated":true}]}}