{"id":214254,"date":"2026-01-04T07:21:09","date_gmt":"2026-01-04T07:21:09","guid":{"rendered":"https:\/\/www.europesays.com\/pt\/214254\/"},"modified":"2026-01-04T07:21:09","modified_gmt":"2026-01-04T07:21:09","slug":"gnr-deteve-casal-e-apreendeu-mais-de-4-mil-doses-de-droga-observador","status":"publish","type":"post","link":"https:\/\/www.europesays.com\/pt\/214254\/","title":{"rendered":"GNR deteve casal e apreendeu mais de 4 mil doses de droga \u2013 Observador"},"content":{"rendered":"<p>A GNR de Santar\u00e9m anunciou este s\u00e1bado a deten\u00e7\u00e3o em flagrante delito de um casal suspeito de tr\u00e1fico de droga, a quem apreendeu mais de 4 mil doses individuais de estupefacientes.<\/p>\n<p>Em comunicado, a GNR explica que o homem e a mulher, de 44 e 35 anos, respetivamente, foram detidos no decorrer de uma a\u00e7\u00e3o de fiscaliza\u00e7\u00e3o rodovi\u00e1ria no concelho de Salvaterra de Magos.<\/p>\n<p>\u201cO condutor e ocupante da viatura evidenciaram nervosismo e comportamentos suspeitos, tendo ainda sido detetado um odor proveniente do interior do ve\u00edculo, o que levou os militares a proceder a uma busca \u00e0 viatura e a uma revista de seguran\u00e7a aos suspeitos\u201d, esclarece.<\/p>\n<p>Na sequ\u00eancia das deten\u00e7\u00f5es efetuadas, foi ainda realizada uma busca domicili\u00e1ria, que permitiu a apreens\u00e3o de 1.130 doses de haxixe, 2.609 doses de anfetaminas, 147 doses de coca\u00edna, 153 pastilhas de ecstasy, 85 selos de LSD, 4,83 gramas de cogumelos alucinog\u00e9nios, 1.250 euros em numer\u00e1rio, cinco balan\u00e7as de precis\u00e3o e uma viatura, entre outro material.<\/p>\n<p>Os detidos foram ouvidos no Tribunal Judicial de Santar\u00e9m que determinou, como medidas de coa\u00e7\u00e3o, apresenta\u00e7\u00f5es trissemanais em posto policial das respetivas \u00e1reas de resid\u00eancia.<\/p>\n","protected":false},"excerpt":{"rendered":"A GNR de Santar\u00e9m anunciou este s\u00e1bado a deten\u00e7\u00e3o em flagrante delito de um casal suspeito de tr\u00e1fico&hellip;\n","protected":false},"author":2,"featured_media":214255,"comment_status":"","ping_status":"","sticky":false,"template":"","format":"standard","meta":{"footnotes":""},"categories":[10],"tags":[27,28,604,15,16,2002,14,25,26,21,22,12,13,19,20,57,2003,32,23,24,33,3271,2004,58,17,18,6995,29,30,31],"class_list":{"0":"post-214254","1":"post","2":"type-post","3":"status-publish","4":"format-standard","5":"has-post-thumbnail","7":"category-portugal","8":"tag-breaking-news","9":"tag-breakingnews","10":"tag-crime","11":"tag-featured-news","12":"tag-featurednews","13":"tag-gnr","14":"tag-headlines","15":"tag-latest-news","16":"tag-latestnews","17":"tag-main-news","18":"tag-mainnews","19":"tag-news","20":"tag-noticias","21":"tag-noticias-principais","22":"tag-noticiasprincipais","23":"tag-pau00eds","24":"tag-polu00edcia","25":"tag-portugal","26":"tag-principais-noticias","27":"tag-principaisnoticias","28":"tag-pt","29":"tag-salvaterra-de-magos","30":"tag-seguranu00e7a","31":"tag-sociedade","32":"tag-top-stories","33":"tag-topstories","34":"tag-tru00e1fico-de-droga","35":"tag-ultimas","36":"tag-ultimas-noticias","37":"tag-ultimasnoticias"},"share_on_mastodon":{"url":"https:\/\/pubeurope.com\/@pt\/115835625945752152","error":""},"_links":{"self":[{"href":"https:\/\/www.europesays.com\/pt\/wp-json\/wp\/v2\/posts\/214254","targetHints":{"allow":["GET"]}}],"collection":[{"href":"https:\/\/www.europesays.com\/pt\/wp-json\/wp\/v2\/posts"}],"about":[{"href":"https:\/\/www.europesays.com\/pt\/wp-json\/wp\/v2\/types\/post"}],"author":[{"embeddable":true,"href":"https:\/\/www.europesays.com\/pt\/wp-json\/wp\/v2\/users\/2"}],"replies":[{"embeddable":true,"href":"https:\/\/www.europesays.com\/pt\/wp-json\/wp\/v2\/comments?post=214254"}],"version-history":[{"count":0,"href":"https:\/\/www.europesays.com\/pt\/wp-json\/wp\/v2\/posts\/214254\/revisions"}],"wp:featuredmedia":[{"embeddable":true,"href":"https:\/\/www.europesays.com\/pt\/wp-json\/wp\/v2\/media\/214255"}],"wp:attachment":[{"href":"https:\/\/www.europesays.com\/pt\/wp-json\/wp\/v2\/media?parent=214254"}],"wp:term":[{"taxonomy":"category","embeddable":true,"href":"https:\/\/www.europesays.com\/pt\/wp-json\/wp\/v2\/categories?post=214254"},{"taxonomy":"post_tag","embeddable":true,"href":"https:\/\/www.europesays.com\/pt\/wp-json\/wp\/v2\/tags?post=214254"}],"curies":[{"name":"wp","href":"https:\/\/api.w.org\/{rel}","templated":true}]}}