{"id":214275,"date":"2026-01-04T08:03:07","date_gmt":"2026-01-04T08:03:07","guid":{"rendered":"https:\/\/www.europesays.com\/pt\/214275\/"},"modified":"2026-01-04T08:03:07","modified_gmt":"2026-01-04T08:03:07","slug":"quatro-distritos-com-aviso-amarelo-de-frio-observador","status":"publish","type":"post","link":"https:\/\/www.europesays.com\/pt\/214275\/","title":{"rendered":"Quatro distritos com aviso amarelo de frio \u2013 Observador"},"content":{"rendered":"<p>Os distritos de Bragan\u00e7a, Guarda, Castelo Branco e Portalegre v\u00e3o estar sob aviso meteorol\u00f3gico amarelo relativo a frio entre segunda e ter\u00e7a-feira, divulgou este s\u00e1bado o Instituto Portugu\u00eas do Mar e da Atmosfera (IPMA).<\/p>\n<p>Em causa est\u00e3o, nos quatro casos, avisos com in\u00edcio \u00e0s 00h de segunda-feira e fim \u00e0s 9h de ter\u00e7a-feira, devido \u00e0 \u201cpersist\u00eancia de valores baixos da temperatura m\u00ednima\u201d.<\/p>\n<p>O aviso amarelo, o menos grave de uma escala de tr\u00eas, \u00e9 emitido sempre que existe uma situa\u00e7\u00e3o de risco para determinadas atividades dependentes da situa\u00e7\u00e3o meteorol\u00f3gica.<\/p>\n<p>A previs\u00e3o aponta para temperaturas de -4\u00baC (graus Celsius) a 5\u00baC em Bragan\u00e7a na segunda-feira (m\u00ednima e m\u00e1xima), de -4\u00baC a 1\u00baC na Guarda, entre 1\u00baC e 8\u00baC em Castelo Branco e entre 2\u00baC e 8\u00baC em Portalegre.<\/p>\n<p>O IPMA mant\u00e9m s\u00e1bado at\u00e9 \u00e0s 24h outro aviso amarelo, mas relativo a precipita\u00e7\u00e3o, para o distrito de Faro.<\/p>\n<p>Entre a noite de s\u00e1bado e as 3h de domingo, a costa norte da ilha da Madeira e a ilha do Porto Santo est\u00e3o com o mesmo n\u00edvel, mas para agita\u00e7\u00e3o mar\u00edtima.<\/p>\n","protected":false},"excerpt":{"rendered":"Os distritos de Bragan\u00e7a, Guarda, Castelo Branco e Portalegre v\u00e3o estar sob aviso meteorol\u00f3gico amarelo relativo a frio&hellip;\n","protected":false},"author":2,"featured_media":214276,"comment_status":"","ping_status":"","sticky":false,"template":"","format":"standard","meta":{"footnotes":""},"categories":[10],"tags":[27,28,442,15,16,14,25,26,21,22,606,12,13,19,20,32,23,24,33,17,18,29,30,31],"class_list":{"0":"post-214275","1":"post","2":"type-post","3":"status-publish","4":"format-standard","5":"has-post-thumbnail","7":"category-portugal","8":"tag-breaking-news","9":"tag-breakingnews","10":"tag-ciu00eancia","11":"tag-featured-news","12":"tag-featurednews","13":"tag-headlines","14":"tag-latest-news","15":"tag-latestnews","16":"tag-main-news","17":"tag-mainnews","18":"tag-meteorologia","19":"tag-news","20":"tag-noticias","21":"tag-noticias-principais","22":"tag-noticiasprincipais","23":"tag-portugal","24":"tag-principais-noticias","25":"tag-principaisnoticias","26":"tag-pt","27":"tag-top-stories","28":"tag-topstories","29":"tag-ultimas","30":"tag-ultimas-noticias","31":"tag-ultimasnoticias"},"share_on_mastodon":{"url":"https:\/\/pubeurope.com\/@pt\/115835791158163154","error":""},"_links":{"self":[{"href":"https:\/\/www.europesays.com\/pt\/wp-json\/wp\/v2\/posts\/214275","targetHints":{"allow":["GET"]}}],"collection":[{"href":"https:\/\/www.europesays.com\/pt\/wp-json\/wp\/v2\/posts"}],"about":[{"href":"https:\/\/www.europesays.com\/pt\/wp-json\/wp\/v2\/types\/post"}],"author":[{"embeddable":true,"href":"https:\/\/www.europesays.com\/pt\/wp-json\/wp\/v2\/users\/2"}],"replies":[{"embeddable":true,"href":"https:\/\/www.europesays.com\/pt\/wp-json\/wp\/v2\/comments?post=214275"}],"version-history":[{"count":0,"href":"https:\/\/www.europesays.com\/pt\/wp-json\/wp\/v2\/posts\/214275\/revisions"}],"wp:featuredmedia":[{"embeddable":true,"href":"https:\/\/www.europesays.com\/pt\/wp-json\/wp\/v2\/media\/214276"}],"wp:attachment":[{"href":"https:\/\/www.europesays.com\/pt\/wp-json\/wp\/v2\/media?parent=214275"}],"wp:term":[{"taxonomy":"category","embeddable":true,"href":"https:\/\/www.europesays.com\/pt\/wp-json\/wp\/v2\/categories?post=214275"},{"taxonomy":"post_tag","embeddable":true,"href":"https:\/\/www.europesays.com\/pt\/wp-json\/wp\/v2\/tags?post=214275"}],"curies":[{"name":"wp","href":"https:\/\/api.w.org\/{rel}","templated":true}]}}