{"id":214277,"date":"2026-01-04T08:05:12","date_gmt":"2026-01-04T08:05:12","guid":{"rendered":"https:\/\/www.europesays.com\/pt\/214277\/"},"modified":"2026-01-04T08:05:12","modified_gmt":"2026-01-04T08:05:12","slug":"patricia-poeta-surge-com-a-irma-na-praia-e-semelhanca-choca-a-internet-iguais-2","status":"publish","type":"post","link":"https:\/\/www.europesays.com\/pt\/214277\/","title":{"rendered":"Patr\u00edcia Poeta surge com a irm\u00e3 na praia e semelhan\u00e7a choca a internet: &#8216;Iguais&#8217;"},"content":{"rendered":"<p>A apresentadora <strong>Patr\u00edcia Poeta<\/strong> est\u00e1 curtindo os dias de folga em grande estilo! Aproveitando o in\u00edcio do ano em Fernando de Noronha, a comandante do programa Encontro roubou a cena ao surgir na praia.<\/p>\n<p>Patr\u00edcia, que apareceu bel\u00edssima de mai\u00f4, surgiu acompanhada da irm\u00e3 <strong>Paloma Duarte.<\/strong> A semelhan\u00e7a entre as duas, apesar da diferen\u00e7a de 16 anos, chamou aten\u00e7\u00e3o e virou assunto na internet.<\/p>\n<p>\u201cS\u00e3o iguais\u201d, disse uma internauta. \u201cQual das duas \u00e9 a Patr\u00edcia?\u201d, questionou outra pessoa, surpresa. \u201cMuito parecidas mesmo\u201d, refor\u00e7ou a terceira.<\/p>\n<blockquote class=\"instagram-media\" style=\"background: #FFF; border: 0; border-radius: 3px; box-shadow: 0 0 1px 0 rgba(0,0,0,0.5),0 1px 10px 0 rgba(0,0,0,0.15); margin: 1px; max-width: 540px; min-width: 326px; padding: 0; width: calc(100% - 2px);\" data-instgrm-captioned=\"\" data-instgrm-permalink=\"https:\/\/www.instagram.com\/p\/DTDy9ICD595\/?utm_source=ig_embed&amp;utm_campaign=loading\" data-instgrm-version=\"14\"><\/blockquote>\n<p>\t Tar\u00f3loga surpreende Patr\u00edcia Poeta ao vivo no Encontro com previs\u00e3o <\/p>\n<p>No final de dezembro, a tar\u00f3loga Gl\u00f3ria Britho participou do Encontro com Patr\u00edcia Poeta e fez uma previs\u00e3o ap\u00f3s a apresentadora escolher uma carta. A famosa tirou O Sol. \u201cP\u00f4, Patr\u00edcia, arrasou, n\u00e9? Mas isso tamb\u00e9m \u00e9 muito o que voc\u00ea \u00e9\u201d, iniciou a sensitiva.<\/p>\n<p>\u201cEnt\u00e3o nada mais pertinente do que voc\u00ea tirar essa carta. Ent\u00e3o, assim, 2026 de muita sa\u00fade, fertilidade, riqueza. \u00c9 como a carta tr\u00eas, parecida com a carta tr\u00eas, ent\u00e3o assim, intelig\u00eancia, bom senso, consci\u00eancia, amor, casamento, todas essas coisas est\u00e3o contidas na carta do sol\u201d, destacou a mulher.<\/p>\n<p>\u201cE o sol \u00e9 amarelo, n\u00e9?\u201d, apontou a global. \u201cQue combina com a sua cor. Olha, conte com um 2026 da pesada, viu? Inclusive de ser muito mais reconhecida e procurada\u201d, garantiu Gl\u00f3ria. \u201cQue maravilhava. Am\u00e9m. Obrigada\u201d, agradeceu a comunicadora.<\/p>\n<p> Patr\u00edcia Poeta faz revela\u00e7\u00e3o <\/p>\n<p>No dia 24 do m\u00eas passado, Patr\u00edcia Poeta foi surpreendida pelo ator Daniel Rangel, que fez perguntas \u00edntimas. \u201cQual \u00e9 o seu maior sonho?\u201d, questionou o famoso. \u201cVoc\u00ea perguntou isso para uma libriana. Libriano gosta de todos os pratinhos equilibrados. O meu sonho \u00e9 conhecer cada vez mais pessoas, ajudar a contar hist\u00f3rias porque eu acho que todo mundo tem pelo menos uma bela hist\u00f3ria para contar\u201d, respondeu a apresentadora.<\/p>\n<p>\u201cEsse \u00e9 o meu sonho de vida, e claro que sempre feliz com a fam\u00edlia, sempre pertinho da fam\u00edlia, de quem a gente ama. Os sonhos \u00e0s vezes s\u00e3o t\u00e3o b\u00e1sicos e t\u00e3o simples, mas eles s\u00e3o muito valiosos. \u00c9 simples, \u00e9 b\u00e1sico, mas ele n\u00e3o tem pre\u00e7o. Estar perto de quem voc\u00ea ama \u00e9 um sonho eterno\u201d, apontou a estrela.<\/p>\n<p>Leia tamb\u00e9m:<a href=\"https:\/\/contigo.com.br\/noticias\/famosos\/aos-17-anos-filho-de-bruno-causa-polemica-ao-assumir-namoro-com-mulher-10-anos-mais-velha.phtml\" rel=\"nofollow noopener\" target=\"_blank\"> Aos 17 anos, filho de Bruno causa pol\u00eamica ao assumir namoro com mulher 10 anos mais velha<\/a><\/p>\n<ul class=\"terms-list post_tag list-inline\">\n<li class=\"paloma-poeta list-inline-item\">\n\t\t\t\t\t<a href=\"https:\/\/contigo.com.br\/tags\/paloma-poeta\" class=\"item-category\" rel=\"nofollow noopener\" target=\"_blank\">Paloma Poeta<\/a>\n\t\t\t\t<\/li>\n<li class=\"patricia-poeta list-inline-item\">\n\t\t\t\t\t<a href=\"https:\/\/contigo.com.br\/tags\/patricia-poeta\" class=\"item-category\" rel=\"nofollow noopener\" target=\"_blank\">Patr\u00edcia Poeta<\/a>\n\t\t\t\t<\/li>\n<\/ul>\n<p>\t                                            <script async src=\"\/\/www.instagram.com\/embed.js\"><\/script><\/p>\n","protected":false},"excerpt":{"rendered":"A apresentadora Patr\u00edcia Poeta est\u00e1 curtindo os dias de folga em grande estilo! Aproveitando o in\u00edcio do ano&hellip;\n","protected":false},"author":2,"featured_media":214278,"comment_status":"","ping_status":"","sticky":false,"template":"","format":"standard","meta":{"footnotes":""},"categories":[145],"tags":[211,210,114,115,36769,10994,32,33],"class_list":{"0":"post-214277","1":"post","2":"type-post","3":"status-publish","4":"format-standard","5":"has-post-thumbnail","7":"category-celebridades","8":"tag-celebridades","9":"tag-celebrities","10":"tag-entertainment","11":"tag-entretenimento","12":"tag-paloma-poeta","13":"tag-patricia-poeta","14":"tag-portugal","15":"tag-pt"},"share_on_mastodon":{"url":"https:\/\/pubeurope.com\/@pt\/115835798984561763","error":""},"_links":{"self":[{"href":"https:\/\/www.europesays.com\/pt\/wp-json\/wp\/v2\/posts\/214277","targetHints":{"allow":["GET"]}}],"collection":[{"href":"https:\/\/www.europesays.com\/pt\/wp-json\/wp\/v2\/posts"}],"about":[{"href":"https:\/\/www.europesays.com\/pt\/wp-json\/wp\/v2\/types\/post"}],"author":[{"embeddable":true,"href":"https:\/\/www.europesays.com\/pt\/wp-json\/wp\/v2\/users\/2"}],"replies":[{"embeddable":true,"href":"https:\/\/www.europesays.com\/pt\/wp-json\/wp\/v2\/comments?post=214277"}],"version-history":[{"count":0,"href":"https:\/\/www.europesays.com\/pt\/wp-json\/wp\/v2\/posts\/214277\/revisions"}],"wp:featuredmedia":[{"embeddable":true,"href":"https:\/\/www.europesays.com\/pt\/wp-json\/wp\/v2\/media\/214278"}],"wp:attachment":[{"href":"https:\/\/www.europesays.com\/pt\/wp-json\/wp\/v2\/media?parent=214277"}],"wp:term":[{"taxonomy":"category","embeddable":true,"href":"https:\/\/www.europesays.com\/pt\/wp-json\/wp\/v2\/categories?post=214277"},{"taxonomy":"post_tag","embeddable":true,"href":"https:\/\/www.europesays.com\/pt\/wp-json\/wp\/v2\/tags?post=214277"}],"curies":[{"name":"wp","href":"https:\/\/api.w.org\/{rel}","templated":true}]}}