{"id":214287,"date":"2026-01-04T08:22:07","date_gmt":"2026-01-04T08:22:07","guid":{"rendered":"https:\/\/www.europesays.com\/pt\/214287\/"},"modified":"2026-01-04T08:22:07","modified_gmt":"2026-01-04T08:22:07","slug":"a-protegida-a-reacao-de-jd-ao-saber-que-e-um-dos-donos-da-farica-novelas","status":"publish","type":"post","link":"https:\/\/www.europesays.com\/pt\/214287\/","title":{"rendered":"A Protegida: A rea\u00e7\u00e3o de JD ao saber que \u00e9 um dos donos da f\u00e1rica &#8211; Novelas"},"content":{"rendered":"<p>Em \u00abA Protegida\u00bb, JD (Pedro Sousa) est\u00e1 a tentar assimilar que a f\u00e1brica tamb\u00e9m \u00e9 dele. Isabel (Sara Barradas) diz-lhe para n\u00e3o se preocupar, pois ela est\u00e1 a represent\u00e1-lo. Mariana (Matilde Reym\u00e3o) acha importante JD saber da f\u00e1brica, pois se Jorge (Paulo Pires) e Clarice (Fernanda Serrano) souberem que ele est\u00e1 sem mem\u00f3ria, podem tentar aproveitar-se disso. JD n\u00e3o faz ideia de quem s\u00e3o Jorge e Clarice. Mariana (Matilde Reym\u00e3o) explica a JD que Jorge e Clarice s\u00e3o os seus pais adotivos e ele n\u00e3o percebe por que raz\u00e3o haviam de se aproveitar dele. Isabel e Mariana dizem-lhe que eles n\u00e3o s\u00e3o as pessoas mais honestas do mundo. JD fica a assimilar a informa\u00e7\u00e3o, embora n\u00e3o lhe cause nenhum impacto.<\/p>\n","protected":false},"excerpt":{"rendered":"Em \u00abA Protegida\u00bb, JD (Pedro Sousa) est\u00e1 a tentar assimilar que a f\u00e1brica tamb\u00e9m \u00e9 dele. Isabel (Sara&hellip;\n","protected":false},"author":2,"featured_media":214288,"comment_status":"","ping_status":"","sticky":false,"template":"","format":"standard","meta":{"footnotes":""},"categories":[142],"tags":[168,160,166,114,115,157,167,164,161,158,165,159,32,33,156,163,151,162],"class_list":{"0":"post-214287","1":"post","2":"type-post","3":"status-publish","4":"format-standard","5":"has-post-thumbnail","7":"category-tv","8":"tag-a-protegida","9":"tag-ana-guiomar","10":"tag-cristina-ferreira","11":"tag-entertainment","12":"tag-entretenimento","13":"tag-festa-e-festa","14":"tag-ficcao","15":"tag-jose-fidalgo","16":"tag-novelas","17":"tag-para-sempre","18":"tag-pedro-sousa","19":"tag-pedro-teixeira","20":"tag-portugal","21":"tag-pt","22":"tag-queridos-papas","23":"tag-tiago-teotonio-pereira","24":"tag-tv","25":"tag-tvi"},"share_on_mastodon":{"url":"https:\/\/pubeurope.com\/@pt\/115835865835165112","error":""},"_links":{"self":[{"href":"https:\/\/www.europesays.com\/pt\/wp-json\/wp\/v2\/posts\/214287","targetHints":{"allow":["GET"]}}],"collection":[{"href":"https:\/\/www.europesays.com\/pt\/wp-json\/wp\/v2\/posts"}],"about":[{"href":"https:\/\/www.europesays.com\/pt\/wp-json\/wp\/v2\/types\/post"}],"author":[{"embeddable":true,"href":"https:\/\/www.europesays.com\/pt\/wp-json\/wp\/v2\/users\/2"}],"replies":[{"embeddable":true,"href":"https:\/\/www.europesays.com\/pt\/wp-json\/wp\/v2\/comments?post=214287"}],"version-history":[{"count":0,"href":"https:\/\/www.europesays.com\/pt\/wp-json\/wp\/v2\/posts\/214287\/revisions"}],"wp:featuredmedia":[{"embeddable":true,"href":"https:\/\/www.europesays.com\/pt\/wp-json\/wp\/v2\/media\/214288"}],"wp:attachment":[{"href":"https:\/\/www.europesays.com\/pt\/wp-json\/wp\/v2\/media?parent=214287"}],"wp:term":[{"taxonomy":"category","embeddable":true,"href":"https:\/\/www.europesays.com\/pt\/wp-json\/wp\/v2\/categories?post=214287"},{"taxonomy":"post_tag","embeddable":true,"href":"https:\/\/www.europesays.com\/pt\/wp-json\/wp\/v2\/tags?post=214287"}],"curies":[{"name":"wp","href":"https:\/\/api.w.org\/{rel}","templated":true}]}}