{"id":214289,"date":"2026-01-04T08:24:17","date_gmt":"2026-01-04T08:24:17","guid":{"rendered":"https:\/\/www.europesays.com\/pt\/214289\/"},"modified":"2026-01-04T08:24:17","modified_gmt":"2026-01-04T08:24:17","slug":"os-10-melhores-filmes-do-seculo-xxi-segundo-pedro-almodovar","status":"publish","type":"post","link":"https:\/\/www.europesays.com\/pt\/214289\/","title":{"rendered":"Os 10 melhores filmes do s\u00e9culo XXI, segundo Pedro Almod\u00f3var"},"content":{"rendered":"<p>\n                        Para marcar o fim de 2025, o diretor de Volver se juntou a outros 55 cineastas espanh\u00f3is para eleger os t\u00edtulos mais influentes dos \u00faltimos 25 anos\n                    <\/p>\n<ul class=\"article__header__author\">\n<li class=\"article__header__author__item\">\n                                                Por:<br \/>\n                                                                                    Angelo Cordeiro (@angelocordeirosilva) \/ Rolling Stone Brasil\n                                                                        <\/li>\n<\/ul>\n<p>\n                                    3 jan<br \/>\n                                    2026<br \/>\n                                     &#8211; 14h03\n                                <\/p>\n<p>\n                                                                                                                        (atualizado \u00e0s 14h09)\n                                                                            <\/p>\n<p class=\"text\">Para marcar o encerramento de 2025, o cineasta espanhol Pedro Almod\u00f3var (V\u00f3lver) divulgou sua lista pessoal com os 10 melhores filmes do s\u00e9culo XXI, em uma iniciativa do jornal El Diario. A escolha integra um levantamento maior que reuniu 56 diretores espanh\u00f3is, convidados a apontar as obras que mais os influenciaram nos \u00faltimos 25 anos.<\/p>\n<p><img loading=\"lazy\" decoding=\"async\" alt=\"Os 10 melhores filmes do s\u00e9culo XXI, segundo Pedro Almod\u00f3var\" class=\"img-19fa3f6dc142b8bd4067a026ee6144a9mruqnic7\" height=\"435\" src=\"https:\/\/www.europesays.com\/pt\/wp-content\/uploads\/2026\/01\/126362231-os-10-melhores-filmes-do-seculo-xxi-segundo-pedro-almodovar-2212467473.jpg\"  title=\"Os 10 melhores filmes do s\u00e9culo XXI, segundo Pedro Almod\u00f3var\" width=\"774\"\/><\/p>\n<p>Os 10 melhores filmes do s\u00e9culo XXI, segundo Pedro Almod\u00f3var<\/p>\n<p>Foto: 2212467473 (Theo Wargo\/WireImage) \/ Rolling Stone Brasil<\/p>\n<p class=\"text\">O resultado coletivo deu origem a uma lista de 25 t\u00edtulos, liderada por Cidade dos Sonhos (2001), de <strong>David Lynch<\/strong>, e encerrada por A Fita Branca (2009), de <strong>Michael Haneke<\/strong>. Entre os filmes mais citados aparecem ainda Amor \u00e0 Flor da Pele (2000), de <strong>Wong Kar Wai<\/strong>, Retrato de uma Jovem em Chamas (2019) e Pequena Mam\u00e3e\u00a0(2021), de <strong>C\u00e9line Sciamma<\/strong>, Zona de Interesse (2023) e Sob a Pele (2013), de <strong>Jonathan Glazer<\/strong>, al\u00e9m de O Profeta (2009), de <strong>Jacques Audiard<\/strong>.<\/p>\n<p class=\"text\"><strong>Almod\u00f3var<\/strong> \u2014 que tamb\u00e9m figura na lista geral com Fale com Ela (2002) e Volver (2006) \u2014 teve seu top 10 individual publicado como material complementar. Segundo o El Diario, a sele\u00e7\u00e3o do diretor espanhol contrasta com a lista divulgada meses antes pelo New York Times, marcada pela predomin\u00e2ncia do cinema anglo-sax\u00e3o. Aqui, o olhar \u00e9 mais internacional e autoral, com forte presen\u00e7a de cineastas europeus e asi\u00e1ticos. Confira a lista:<\/p>\n<p>Os 10 filmes favoritos de Pedro Almod\u00f3var no s\u00e9culo 21 (em ordem aleat\u00f3ria):<\/p>\n<ul>\n<li>\n<p class=\"text\"><strong>Dez<\/strong>\u00a0(Abbas Kiarostami, 2002)<\/p>\n<\/li>\n<li>\n<p class=\"text\"><b>O P\u00e2ntano <\/b>(Lucrecia Martel, 2001)<\/p>\n<\/li>\n<li>\n<p class=\"text\"><strong>Toni Erdmann<\/strong>\u00a0(Maren Ade, 2016)<\/p>\n<\/li>\n<li>\n<p class=\"text\"><strong>Amor<\/strong> (Michael Haneke, 2012)<\/p>\n<\/li>\n<li>\n<p class=\"text\"><strong>Me Chame pelo Seu Nome<\/strong> (Luca Guadagnino, 2017)<\/p>\n<\/li>\n<li>\n<p class=\"text\"><strong>Trama Fantasma<\/strong> (Paul Thomas Anderson, 2017)<\/p>\n<\/li>\n<li>\n<p class=\"text\"><strong>Drive My Car<\/strong>\u00a0(Ryusuke Hamaguchi, 2021)<\/p>\n<\/li>\n<li>\n<p class=\"text\"><strong>Anatomia de uma Queda<\/strong> (Justine Triet, 2023)<\/p>\n<\/li>\n<li>\n<p class=\"text\"><strong>Valor Sentimental<\/strong> (Joachim Trier, 2025)<\/p>\n<\/li>\n<li>\n<p class=\"text\"><strong>Sir\u0101t<\/strong>\u00a0(Oliver Laxe, 2025)<\/p>\n<\/li>\n<\/ul>\n<p class=\"text\"><strong>Fonte:<\/strong> IndieWire<\/p>\n","protected":false},"excerpt":{"rendered":"Para marcar o fim de 2025, o diretor de Volver se juntou a outros 55 cineastas espanh\u00f3is para&hellip;\n","protected":false},"author":2,"featured_media":214290,"comment_status":"","ping_status":"","sticky":false,"template":"","format":"standard","meta":{"footnotes":""},"categories":[140],"tags":[114,115,147,148,146,32,33],"class_list":{"0":"post-214289","1":"post","2":"type-post","3":"status-publish","4":"format-standard","5":"has-post-thumbnail","7":"category-filmes","8":"tag-entertainment","9":"tag-entretenimento","10":"tag-film","11":"tag-filmes","12":"tag-movies","13":"tag-portugal","14":"tag-pt"},"share_on_mastodon":{"url":"https:\/\/pubeurope.com\/@pt\/115835873711265638","error":""},"_links":{"self":[{"href":"https:\/\/www.europesays.com\/pt\/wp-json\/wp\/v2\/posts\/214289","targetHints":{"allow":["GET"]}}],"collection":[{"href":"https:\/\/www.europesays.com\/pt\/wp-json\/wp\/v2\/posts"}],"about":[{"href":"https:\/\/www.europesays.com\/pt\/wp-json\/wp\/v2\/types\/post"}],"author":[{"embeddable":true,"href":"https:\/\/www.europesays.com\/pt\/wp-json\/wp\/v2\/users\/2"}],"replies":[{"embeddable":true,"href":"https:\/\/www.europesays.com\/pt\/wp-json\/wp\/v2\/comments?post=214289"}],"version-history":[{"count":0,"href":"https:\/\/www.europesays.com\/pt\/wp-json\/wp\/v2\/posts\/214289\/revisions"}],"wp:featuredmedia":[{"embeddable":true,"href":"https:\/\/www.europesays.com\/pt\/wp-json\/wp\/v2\/media\/214290"}],"wp:attachment":[{"href":"https:\/\/www.europesays.com\/pt\/wp-json\/wp\/v2\/media?parent=214289"}],"wp:term":[{"taxonomy":"category","embeddable":true,"href":"https:\/\/www.europesays.com\/pt\/wp-json\/wp\/v2\/categories?post=214289"},{"taxonomy":"post_tag","embeddable":true,"href":"https:\/\/www.europesays.com\/pt\/wp-json\/wp\/v2\/tags?post=214289"}],"curies":[{"name":"wp","href":"https:\/\/api.w.org\/{rel}","templated":true}]}}