{"id":214297,"date":"2026-01-04T08:44:07","date_gmt":"2026-01-04T08:44:07","guid":{"rendered":"https:\/\/www.europesays.com\/pt\/214297\/"},"modified":"2026-01-04T08:44:07","modified_gmt":"2026-01-04T08:44:07","slug":"as-primeiras-imagens-de-nicolas-maduro-detido-observador","status":"publish","type":"post","link":"https:\/\/www.europesays.com\/pt\/214297\/","title":{"rendered":"As primeiras imagens de Nicol\u00e1s Maduro detido \u2013 Observador"},"content":{"rendered":"<p>Algemado, de fato de treino azul e preto, de gorro, de chinelos e com meias brancas, foi assim que Nicol\u00e1s Maduro saiu do avi\u00e3o que o transportou at\u00e9 Nova Iorque depois de ter sido detido pelos Estados Unidos da Am\u00e9rica numa opera\u00e7\u00e3o militar que teve como objetivo levar o presidente venezuelano at\u00e9 justi\u00e7a norte-americana.<\/p>\n<p>Maduro apareceu rodeado por agente da Administra\u00e7\u00e3o de Repress\u00e3o \u00e0s Drogas (DEA) dos EUA, uma ag\u00eancia federal contra o narcotr\u00e1fico, \u00e0 sa\u00edda do avi\u00e3o e tamb\u00e9m \u00e0 entrada do edif\u00edcio onde ficar\u00e1 detido at\u00e9 ser presente a tribunal na pr\u00f3xima segunda-feira.<\/p>\n<blockquote class=\"twitter-tweet\" data-width=\"500\" data-dnt=\"true\">\n<p lang=\"es\" dir=\"ltr\"><a href=\"https:\/\/twitter.com\/hashtag\/Atenci%C3%B3n?src=hash&amp;ref_src=twsrc%5Etfw\" rel=\"nofollow noopener\" target=\"_blank\">#Atenci\u00f3n<\/a> Primeras im\u00e1genes de Nicol\u00e1s Maduro tras bajar del helic\u00f3ptero y en los cuarteles de la DEA, despu\u00e9s de su captura en Venezuela, por parte de la administraci\u00f3n del presidente Donald Trump. <a href=\"https:\/\/twitter.com\/hashtag\/VocesySonidos?src=hash&amp;ref_src=twsrc%5Etfw\" rel=\"nofollow noopener\" target=\"_blank\">#VocesySonidos<\/a> <a href=\"https:\/\/t.co\/wEqm5TUtGp\" rel=\"nofollow\">pic.twitter.com\/wEqm5TUtGp<\/a><\/p>\n<p>\u2014 BluRadio Colombia (@BluRadioCo) <a href=\"https:\/\/twitter.com\/BluRadioCo\/status\/2007629478353350965?ref_src=twsrc%5Etfw\" rel=\"nofollow noopener\" target=\"_blank\">January 4, 2026<\/a><\/p>\n<\/blockquote>\n<blockquote class=\"twitter-tweet\" data-width=\"500\" data-dnt=\"true\">\n<p lang=\"es\" dir=\"ltr\"><a href=\"https:\/\/twitter.com\/hashtag\/ATENCI%C3%93N?src=hash&amp;ref_src=twsrc%5Etfw\" rel=\"nofollow noopener\" target=\"_blank\">#ATENCI\u00d3N<\/a> | Est\u00e1s son las primeras im\u00e1genes que se conocen de Nicol\u00e1s Maduro llegando a Nueva York, tras ser capturado esta madrugada en una operaci\u00f3n estadounidense. <a href=\"https:\/\/t.co\/uYCArOYET4\" rel=\"nofollow\">pic.twitter.com\/uYCArOYET4<\/a><\/p>\n<p>\u2014 Noticias RCN (@NoticiasRCN) <a href=\"https:\/\/twitter.com\/NoticiasRCN\/status\/2007634700698038343?ref_src=twsrc%5Etfw\" rel=\"nofollow noopener\" target=\"_blank\">January 4, 2026<\/a><\/p>\n<\/blockquote>\n<p>Num dos v\u00eddeos captados por quem teve acesso \u00e0quelas instala\u00e7\u00f5es policiais e depois difundidos por v\u00e1rios meios de comunica\u00e7\u00e3o social, aparece Nicol\u00e1s Maduro a entrar num edif\u00edcio que tudo indica ser da DEA, a cumprimentar por quem por ela passa, dizendo: \u201cGood night\u201d [boa noite] e \u201chappy new year\u201d [feliz ano novo].<\/p>\n<p>A sua mulher, Cilia Flores, que tamb\u00e9m foi detida na madrugada de s\u00e1bado aparece, tamb\u00e9m ela de fato treino verde e cinzento, apenas num dos v\u00eddeos em que o presidente da Venezuela \u00e9 filmado a sair das traseiras de uma carrinha celular enquanto coxeava. Tamb\u00e9m neste momento Nicol\u00e1s Maduro diz v\u00e1rias vezes \u201d<\/p>\n<blockquote class=\"twitter-tweet\" data-width=\"500\" data-dnt=\"true\">\n<p lang=\"en\" dir=\"ltr\">WATCH: First video of Nicol\u00e1s Maduro getting off the plane at Stewart Air National Guard Base <a href=\"https:\/\/t.co\/4NKPQJYAxJ\" rel=\"nofollow\">pic.twitter.com\/4NKPQJYAxJ<\/a><\/p>\n<p>\u2014 Faytuks Network (@FaytuksNetwork) <a href=\"https:\/\/twitter.com\/FaytuksNetwork\/status\/2007626464301297731?ref_src=twsrc%5Etfw\" rel=\"nofollow noopener\" target=\"_blank\">January 4, 2026<\/a><\/p>\n<\/blockquote>\n<blockquote class=\"twitter-tweet\" data-width=\"500\" data-dnt=\"true\">\n<p lang=\"es\" dir=\"ltr\">????????????????| Asi ingresaba Maduro a las oficinas de la DEA. <a href=\"https:\/\/t.co\/YaIlRQCtlh\" rel=\"nofollow\">pic.twitter.com\/YaIlRQCtlh<\/a><\/p>\n<p>\u2014 Alerta Mundial (@AlertaMundoNews) <a href=\"https:\/\/twitter.com\/AlertaMundoNews\/status\/2007638225406550031?ref_src=twsrc%5Etfw\" rel=\"nofollow noopener\" target=\"_blank\">January 4, 2026<\/a><\/p>\n<\/blockquote>\n<p>Nicol\u00e1s Maduro foi detido juntamente com a sua mulher na madrugada de s\u00e1bado numa opera\u00e7\u00e3o militar levada a cabo pelos Estados Unidos da Am\u00e9rica e que <a href=\"https:\/\/observador.pt\/2026\/01\/03\/fotogaleria-as-imagens-de-donald-trump-a-assistir-ao-momento-em-que-nicolas-maduro-foi-detido\/\" rel=\"nofollow noopener\" target=\"_blank\">foi vista em direto por Donald Trump<\/a>. Ser\u00e1 presente a tribunal na pr\u00f3xima segunda-feira, em Nova Iorque.<\/p>\n<p>            <script async src=\"https:\/\/platform.twitter.com\/widgets.js\" charset=\"utf-8\"><\/script><\/p>\n","protected":false},"excerpt":{"rendered":"Algemado, de fato de treino azul e preto, de gorro, de chinelos e com meias brancas, foi assim&hellip;\n","protected":false},"author":2,"featured_media":214298,"comment_status":"","ping_status":"","sticky":false,"template":"","format":"standard","meta":{"footnotes":""},"categories":[50],"tags":[624,27,28,92,623,15,16,14,25,26,21,22,62,12,11336,13,19,20,23,24,17,18,29,30,31,3023,63,64,65],"class_list":{"0":"post-214297","1":"post","2":"type-post","3":"status-publish","4":"format-standard","5":"has-post-thumbnail","7":"category-mundo","8":"tag-amu00e9rica","9":"tag-breaking-news","10":"tag-breakingnews","11":"tag-donald-trump","12":"tag-estados-unidos-da-amu00e9rica","13":"tag-featured-news","14":"tag-featurednews","15":"tag-headlines","16":"tag-latest-news","17":"tag-latestnews","18":"tag-main-news","19":"tag-mainnews","20":"tag-mundo","21":"tag-news","22":"tag-nicolu00e1s-maduro","23":"tag-noticias","24":"tag-noticias-principais","25":"tag-noticiasprincipais","26":"tag-principais-noticias","27":"tag-principaisnoticias","28":"tag-top-stories","29":"tag-topstories","30":"tag-ultimas","31":"tag-ultimas-noticias","32":"tag-ultimasnoticias","33":"tag-venezuela","34":"tag-world","35":"tag-world-news","36":"tag-worldnews"},"share_on_mastodon":{"url":"https:\/\/pubeurope.com\/@pt\/115835952383007338","error":""},"_links":{"self":[{"href":"https:\/\/www.europesays.com\/pt\/wp-json\/wp\/v2\/posts\/214297","targetHints":{"allow":["GET"]}}],"collection":[{"href":"https:\/\/www.europesays.com\/pt\/wp-json\/wp\/v2\/posts"}],"about":[{"href":"https:\/\/www.europesays.com\/pt\/wp-json\/wp\/v2\/types\/post"}],"author":[{"embeddable":true,"href":"https:\/\/www.europesays.com\/pt\/wp-json\/wp\/v2\/users\/2"}],"replies":[{"embeddable":true,"href":"https:\/\/www.europesays.com\/pt\/wp-json\/wp\/v2\/comments?post=214297"}],"version-history":[{"count":0,"href":"https:\/\/www.europesays.com\/pt\/wp-json\/wp\/v2\/posts\/214297\/revisions"}],"wp:featuredmedia":[{"embeddable":true,"href":"https:\/\/www.europesays.com\/pt\/wp-json\/wp\/v2\/media\/214298"}],"wp:attachment":[{"href":"https:\/\/www.europesays.com\/pt\/wp-json\/wp\/v2\/media?parent=214297"}],"wp:term":[{"taxonomy":"category","embeddable":true,"href":"https:\/\/www.europesays.com\/pt\/wp-json\/wp\/v2\/categories?post=214297"},{"taxonomy":"post_tag","embeddable":true,"href":"https:\/\/www.europesays.com\/pt\/wp-json\/wp\/v2\/tags?post=214297"}],"curies":[{"name":"wp","href":"https:\/\/api.w.org\/{rel}","templated":true}]}}