{"id":214301,"date":"2026-01-04T08:50:07","date_gmt":"2026-01-04T08:50:07","guid":{"rendered":"https:\/\/www.europesays.com\/pt\/214301\/"},"modified":"2026-01-04T08:50:07","modified_gmt":"2026-01-04T08:50:07","slug":"a-protegida-jorge-foge-sem-clarice-deixando-a-entregue-aos-mafiosos-novelas","status":"publish","type":"post","link":"https:\/\/www.europesays.com\/pt\/214301\/","title":{"rendered":"A Protegida: Jorge foge sem Clarice, deixando-a entregue aos mafiosos &#8211; Novelas"},"content":{"rendered":"<p>Em \u00abA Protegida\u00bb, Jorge (Paulo Pires) e Clarice (Fernanda Serrano) correm para o autocarro que os vai levar para Lisboa. Os italianos aparecem e Jorge e Clarice fogem. Luca apanha Clarice. Ela implora para que n\u00e3o lhe fa\u00e7a mal e Luca decide ajud\u00e1-la. Clarice aponta uma arma a Luca e exige que Giorgio liberte Jorge. Jorge entra no autocarro, mas Giorgio tira a arma a Clarice, impedindo-a de seguir viagem. O autocarro parte, levando Jorge.<\/p>\n","protected":false},"excerpt":{"rendered":"Em \u00abA Protegida\u00bb, Jorge (Paulo Pires) e Clarice (Fernanda Serrano) correm para o autocarro que os vai levar&hellip;\n","protected":false},"author":2,"featured_media":214302,"comment_status":"","ping_status":"","sticky":false,"template":"","format":"standard","meta":{"footnotes":""},"categories":[142],"tags":[168,160,166,114,115,157,167,164,161,158,165,159,32,33,156,163,151,162],"class_list":{"0":"post-214301","1":"post","2":"type-post","3":"status-publish","4":"format-standard","5":"has-post-thumbnail","7":"category-tv","8":"tag-a-protegida","9":"tag-ana-guiomar","10":"tag-cristina-ferreira","11":"tag-entertainment","12":"tag-entretenimento","13":"tag-festa-e-festa","14":"tag-ficcao","15":"tag-jose-fidalgo","16":"tag-novelas","17":"tag-para-sempre","18":"tag-pedro-sousa","19":"tag-pedro-teixeira","20":"tag-portugal","21":"tag-pt","22":"tag-queridos-papas","23":"tag-tiago-teotonio-pereira","24":"tag-tv","25":"tag-tvi"},"share_on_mastodon":{"url":"https:\/\/pubeurope.com\/@pt\/115835975916797384","error":""},"_links":{"self":[{"href":"https:\/\/www.europesays.com\/pt\/wp-json\/wp\/v2\/posts\/214301","targetHints":{"allow":["GET"]}}],"collection":[{"href":"https:\/\/www.europesays.com\/pt\/wp-json\/wp\/v2\/posts"}],"about":[{"href":"https:\/\/www.europesays.com\/pt\/wp-json\/wp\/v2\/types\/post"}],"author":[{"embeddable":true,"href":"https:\/\/www.europesays.com\/pt\/wp-json\/wp\/v2\/users\/2"}],"replies":[{"embeddable":true,"href":"https:\/\/www.europesays.com\/pt\/wp-json\/wp\/v2\/comments?post=214301"}],"version-history":[{"count":0,"href":"https:\/\/www.europesays.com\/pt\/wp-json\/wp\/v2\/posts\/214301\/revisions"}],"wp:featuredmedia":[{"embeddable":true,"href":"https:\/\/www.europesays.com\/pt\/wp-json\/wp\/v2\/media\/214302"}],"wp:attachment":[{"href":"https:\/\/www.europesays.com\/pt\/wp-json\/wp\/v2\/media?parent=214301"}],"wp:term":[{"taxonomy":"category","embeddable":true,"href":"https:\/\/www.europesays.com\/pt\/wp-json\/wp\/v2\/categories?post=214301"},{"taxonomy":"post_tag","embeddable":true,"href":"https:\/\/www.europesays.com\/pt\/wp-json\/wp\/v2\/tags?post=214301"}],"curies":[{"name":"wp","href":"https:\/\/api.w.org\/{rel}","templated":true}]}}