{"id":214305,"date":"2026-01-04T08:58:06","date_gmt":"2026-01-04T08:58:06","guid":{"rendered":"https:\/\/www.europesays.com\/pt\/214305\/"},"modified":"2026-01-04T08:58:06","modified_gmt":"2026-01-04T08:58:06","slug":"trump-avisa-presidente-colombiano-para-ter-cuidado-apos-captura-de-maduro","status":"publish","type":"post","link":"https:\/\/www.europesays.com\/pt\/214305\/","title":{"rendered":"Trump avisa Presidente colombiano para &#8220;ter cuidado&#8221; ap\u00f3s captura de Maduro"},"content":{"rendered":"<p data-remotead-prev-elm=\"true\" data-remotead-elm-id=\"inread\">O Presidente dos Estados Unidos avisou este s\u00e1bado o hom\u00f3logo da Col\u00f4mbia, Gustavo Petro, para &#8220;tomar cuidado&#8221; ap\u00f3s o ataque em que foi capturado o chefe de Estado venezuelano, Nicol\u00e1s Maduro.<\/p>\n<p>Petro &#8220;tem laborat\u00f3rios de coca\u00edna, tem f\u00e1bricas onde produz coca\u00edna&#8221;, disse Donald Trump numa confer\u00eancia de imprensa na Florida, em que avisou o chefe de Estado da Col\u00f4mbia de que deve &#8220;ficar de olho&#8221;.<\/p>\n<p>Gustavo Petro afirmou, nas redes sociais, n\u00e3o estar &#8220;nada preocupado&#8221;, em resposta \u00e0 publica\u00e7\u00e3o de um jornalista que destacava a pris\u00e3o do l\u00edder do &#8220;cartel dos s\u00f3is&#8221;, a suposta organiza\u00e7\u00e3o envolvida no narcotr\u00e1fico que Maduro alegadamente lidera, noticiou a ag\u00eancia Europa Press.<\/p>\n<p data-remotead-prev-elm=\"true\" data-remotead-elm-id=\"centro1\">Em dezembro passado, Trump j\u00e1 havia alertado que Petro seria &#8220;o pr\u00f3ximo&#8221; depois de Maduro.<\/p>\n<p>Na confer\u00eancia de imprensa, o secret\u00e1rio de Estado norte-americano, Marco Rubio, afirmou que tamb\u00e9m o Governo cubano devia &#8220;estar preocupado&#8221;.<\/p>\n<p>&#8220;Se eu vivesse em Havana e fizesse parte do Governo, estaria pelo menos um pouco preocupado&#8221;, declarou, numa dura cr\u00edtica ao Governo cubano, ao mesmo tempo que afirmou que o pa\u00eds \u00e9 &#8220;dirigido por homens incompetentes e senis&#8221;.<\/p>\n<p data-remotead-prev-elm=\"true\" data-remotead-elm-id=\"centro2\">Os Estados Unidos lan\u00e7aram &#8220;um ataque em grande escala contra a Venezuela&#8221;, para capturar e julgar o l\u00edder venezuelano, Nicol\u00e1s Maduro, e a mulher, Cilia Flores, e anunciaram que v\u00e3o governar o pa\u00eds at\u00e9 se concluir uma transi\u00e7\u00e3o de poder.<\/p>\n<p>O Governo venezuelano denunciou a &#8220;grav\u00edssima agress\u00e3o militar&#8221; dos Estados Unidos e decretou o estado de exce\u00e7\u00e3o.<\/p>\n<p>A comunidade internacional tem-se dividido entre a condena\u00e7\u00e3o aos Estados Unidos e sauda\u00e7\u00f5es pela queda de Maduro e o secret\u00e1rio-geral das Na\u00e7\u00f5es Unidas, Ant\u00f3nio Guterres, expressou a sua &#8220;profunda preocupa\u00e7\u00e3o&#8221; com a recente &#8220;escalada de tens\u00e3o na Venezuela&#8221;, alertando que a a\u00e7\u00e3o militar dos Estados Unidos poder\u00e1 ter &#8220;implica\u00e7\u00f5es preocupantes&#8221; para a regi\u00e3o.<\/p>\n","protected":false},"excerpt":{"rendered":"O Presidente dos Estados Unidos avisou este s\u00e1bado o hom\u00f3logo da Col\u00f4mbia, Gustavo Petro, para &#8220;tomar cuidado&#8221; ap\u00f3s&hellip;\n","protected":false},"author":2,"featured_media":214306,"comment_status":"","ping_status":"","sticky":false,"template":"","format":"standard","meta":{"footnotes":""},"categories":[50],"tags":[27,28,41754,15,16,14,82,25,26,21,22,62,12,13,19,20,23,24,17,18,29,30,31,63,64,65],"class_list":{"0":"post-214305","1":"post","2":"type-post","3":"status-publish","4":"format-standard","5":"has-post-thumbnail","7":"category-mundo","8":"tag-breaking-news","9":"tag-breakingnews","10":"tag-eua-atacam-venezuela","11":"tag-featured-news","12":"tag-featurednews","13":"tag-headlines","14":"tag-internacional","15":"tag-latest-news","16":"tag-latestnews","17":"tag-main-news","18":"tag-mainnews","19":"tag-mundo","20":"tag-news","21":"tag-noticias","22":"tag-noticias-principais","23":"tag-noticiasprincipais","24":"tag-principais-noticias","25":"tag-principaisnoticias","26":"tag-top-stories","27":"tag-topstories","28":"tag-ultimas","29":"tag-ultimas-noticias","30":"tag-ultimasnoticias","31":"tag-world","32":"tag-world-news","33":"tag-worldnews"},"share_on_mastodon":{"url":"https:\/\/pubeurope.com\/@pt\/115836007454866215","error":""},"_links":{"self":[{"href":"https:\/\/www.europesays.com\/pt\/wp-json\/wp\/v2\/posts\/214305","targetHints":{"allow":["GET"]}}],"collection":[{"href":"https:\/\/www.europesays.com\/pt\/wp-json\/wp\/v2\/posts"}],"about":[{"href":"https:\/\/www.europesays.com\/pt\/wp-json\/wp\/v2\/types\/post"}],"author":[{"embeddable":true,"href":"https:\/\/www.europesays.com\/pt\/wp-json\/wp\/v2\/users\/2"}],"replies":[{"embeddable":true,"href":"https:\/\/www.europesays.com\/pt\/wp-json\/wp\/v2\/comments?post=214305"}],"version-history":[{"count":0,"href":"https:\/\/www.europesays.com\/pt\/wp-json\/wp\/v2\/posts\/214305\/revisions"}],"wp:featuredmedia":[{"embeddable":true,"href":"https:\/\/www.europesays.com\/pt\/wp-json\/wp\/v2\/media\/214306"}],"wp:attachment":[{"href":"https:\/\/www.europesays.com\/pt\/wp-json\/wp\/v2\/media?parent=214305"}],"wp:term":[{"taxonomy":"category","embeddable":true,"href":"https:\/\/www.europesays.com\/pt\/wp-json\/wp\/v2\/categories?post=214305"},{"taxonomy":"post_tag","embeddable":true,"href":"https:\/\/www.europesays.com\/pt\/wp-json\/wp\/v2\/tags?post=214305"}],"curies":[{"name":"wp","href":"https:\/\/api.w.org\/{rel}","templated":true}]}}