{"id":214309,"date":"2026-01-04T09:01:10","date_gmt":"2026-01-04T09:01:10","guid":{"rendered":"https:\/\/www.europesays.com\/pt\/214309\/"},"modified":"2026-01-04T09:01:10","modified_gmt":"2026-01-04T09:01:10","slug":"duda-guerra-ex-de-benicio-huck-comenta-sobre-reatar-relacionamento-a-vida-e-so-uma","status":"publish","type":"post","link":"https:\/\/www.europesays.com\/pt\/214309\/","title":{"rendered":"Duda Guerra, ex de Ben\u00edcio Huck, comenta sobre reatar relacionamento: &#8220;A vida \u00e9 s\u00f3 uma&#8221;"},"content":{"rendered":"<p><a href=\"https:\/\/caras.com.br\/tags\/duda-guerra\" rel=\"nofollow noopener\" target=\"_blank\"><strong>Duda Guerra<\/strong><\/a> voltou a chamar aten\u00e7\u00e3o nas redes sociais ao responder uma pergunta direta sobre relacionamentos neste s\u00e1bado, 3. A influenciadora, de 17 anos, falou abertamente sobre a possibilidade de reatar com um ex ao interagir com seguidores por meio de uma caixinha de perguntas do Instagram.<\/p>\n<p>Questionada se acredita que vale a pena voltar com algu\u00e9m do passado, Duda compartilhou uma reflex\u00e3o que rapidamente repercutiu. Para ela, o fato de uma rela\u00e7\u00e3o ter terminado costuma ter um motivo claro, mas isso n\u00e3o impede uma nova tentativa em determinadas circunst\u00e2ncias.<\/p>\n<p>\u201cSe \u00e9 ex e n\u00e3o atual \u00e9 porque tem um motivo\u2026 mas se voc\u00eas se gostam e est\u00e3o dispostos a mudar o que \u2018deu errado\u2019, vai em frente!\u201d, escreveu. A influenciadora ainda completou a resposta com uma mensagem de incentivo aos seguidores, destacando que o medo de errar n\u00e3o deve impedir novas experi\u00eancias. \u201cA vida \u00e9 s\u00f3 uma pra ficar se arrependendo de algo que deixou de fazer por medo de dar errado\u201d, afirmou.<\/p>\n<p>Posicionamento sobre t\u00e9rminos e prioridade emocional<\/p>\n<p>Em dezembro, Duda Guerra j\u00e1 havia falado sobre relacionamentos ao responder seguidores que perguntaram como lidar com o fim de um namoro. Solteira desde o encerramento da rela\u00e7\u00e3o com <strong><a href=\"https:\/\/caras.com.br\/tags\/benicio-huck\" rel=\"nofollow noopener\" target=\"_blank\">Ben\u00edcio Huck<\/a>,<\/strong> a influenciadora explicou de forma direta como encara processos de separa\u00e7\u00e3o e reconstru\u00e7\u00e3o emocional.<\/p>\n<p>Na ocasi\u00e3o, mesmo com pouca idade, Duda destacou que sempre colocou o pr\u00f3prio bem-estar como prioridade. Segundo ela, nunca abriu m\u00e3o de si mesma em fun\u00e7\u00e3o de um relacionamento e afirmou que n\u00e3o acredita em v\u00ednculos baseados em depend\u00eancia emocional.<\/p>\n<p>\u201cA prioridade da minha vida sou eu. Nada e ningu\u00e9m ocupa esse lugar\u201d, escreveu, ao explicar que jamais colocou um parceiro acima dos pr\u00f3prios sentimentos. Para Duda, rela\u00e7\u00f5es s\u00f3 fazem sentido quando existe troca saud\u00e1vel e crescimento m\u00fatuo.<\/p>\n<p>T\u00e9rmino com Ben\u00edcio Huck e Duda Guerra<\/p>\n<p>O posicionamento reacendeu coment\u00e1rios sobre o fim do relacionamento de Duda com Ben\u00edcio Huck, filho de <strong>Ang\u00e9lica<\/strong> e <strong>Luciano Huck.<\/strong> O casal assumiu publicamente o relacionamento durante o Carnaval de 2024 e encerraram o namoro em maio de 2025, ap\u00f3s cerca de um ano juntos.<\/p>\n<p>Na \u00e9poca, o t\u00e9rmino aconteceu ap\u00f3s grande repercuss\u00e3o de uma pol\u00eamica envolvendo a influenciadora. A situa\u00e7\u00e3o come\u00e7ou quando Duda decidiu confrontar <strong>Antonela Braga,<\/strong> outra influenciadora, que havia solicitado seguir o perfil privado de Ben\u00edcio no Instagram. O epis\u00f3dio gerou discuss\u00f5es nas redes sociais e acabou ganhando grande repercuss\u00e3o.<\/p>\n<p>Leia tamb\u00e9m: <a href=\"https:\/\/caras.com.br\/bem-estar\/medico-alerta-para-diagnostico-de-duda-guerra-ex-nora-de-angelica-tipo-mais-comum-de-tumor.phtml\" rel=\"nofollow noopener\" target=\"_blank\">M\u00e9dico alerta para diagn\u00f3stico de Duda Guerra, ex-nora de Ang\u00e9lica: \u2018Tipo mais comum de tumor\u2019<\/a><\/p>\n<p>        <a href=\"https:\/\/caras.com.br\/autor\/izabella-nicolau\" rel=\"nofollow noopener\" target=\"_blank\">&#13;<br \/>\n          <img loading=\"lazy\" decoding=\"async\" alt=\"Izabella Nicolau\" src=\"https:\/\/www.europesays.com\/pt\/wp-content\/uploads\/2025\/10\/1761546134_794_whatsapp_image_2025-08-12_at_15.10.50_1_sqmd.jpeg\" class=\"avatar avatar-115 photo rounded-circle\" height=\"115\" width=\"115\"\/>        <\/a><\/p>\n<p><strong>Izabella Nicolau<\/strong> \u00e9 rep\u00f3rter de conte\u00fado do site CARAS. Formada em jornalismo, j\u00e1 passou por sites como Observat\u00f3rio do Cinema e Ultraverso. Escreve sobre cultura, entretenimento e celebridades.<\/p>\n<ul class=\"terms-list post_tag list-inline\">\n<li class=\"benicio-huck list-inline-item\">\n\t\t\t\t\t<a href=\"https:\/\/caras.com.br\/tags\/benicio-huck\" class=\"item-category\" rel=\"nofollow noopener\" target=\"_blank\">Ben\u00edcio Huck<\/a>\n\t\t\t\t<\/li>\n<li class=\"duda-guerra list-inline-item\">\n\t\t\t\t\t<a href=\"https:\/\/caras.com.br\/tags\/duda-guerra\" class=\"item-category\" rel=\"nofollow noopener\" target=\"_blank\">duda guerra<\/a>\n\t\t\t\t<\/li>\n<\/ul>\n","protected":false},"excerpt":{"rendered":"Duda Guerra voltou a chamar aten\u00e7\u00e3o nas redes sociais ao responder uma pergunta direta sobre relacionamentos neste s\u00e1bado,&hellip;\n","protected":false},"author":2,"featured_media":214310,"comment_status":"","ping_status":"","sticky":false,"template":"","format":"standard","meta":{"footnotes":""},"categories":[145],"tags":[29153,211,210,36849,114,115,32,33],"class_list":{"0":"post-214309","1":"post","2":"type-post","3":"status-publish","4":"format-standard","5":"has-post-thumbnail","7":"category-celebridades","8":"tag-benicio-huck","9":"tag-celebridades","10":"tag-celebrities","11":"tag-duda-guerra","12":"tag-entertainment","13":"tag-entretenimento","14":"tag-portugal","15":"tag-pt"},"share_on_mastodon":{"url":"https:\/\/pubeurope.com\/@pt\/115836019170792637","error":""},"_links":{"self":[{"href":"https:\/\/www.europesays.com\/pt\/wp-json\/wp\/v2\/posts\/214309","targetHints":{"allow":["GET"]}}],"collection":[{"href":"https:\/\/www.europesays.com\/pt\/wp-json\/wp\/v2\/posts"}],"about":[{"href":"https:\/\/www.europesays.com\/pt\/wp-json\/wp\/v2\/types\/post"}],"author":[{"embeddable":true,"href":"https:\/\/www.europesays.com\/pt\/wp-json\/wp\/v2\/users\/2"}],"replies":[{"embeddable":true,"href":"https:\/\/www.europesays.com\/pt\/wp-json\/wp\/v2\/comments?post=214309"}],"version-history":[{"count":0,"href":"https:\/\/www.europesays.com\/pt\/wp-json\/wp\/v2\/posts\/214309\/revisions"}],"wp:featuredmedia":[{"embeddable":true,"href":"https:\/\/www.europesays.com\/pt\/wp-json\/wp\/v2\/media\/214310"}],"wp:attachment":[{"href":"https:\/\/www.europesays.com\/pt\/wp-json\/wp\/v2\/media?parent=214309"}],"wp:term":[{"taxonomy":"category","embeddable":true,"href":"https:\/\/www.europesays.com\/pt\/wp-json\/wp\/v2\/categories?post=214309"},{"taxonomy":"post_tag","embeddable":true,"href":"https:\/\/www.europesays.com\/pt\/wp-json\/wp\/v2\/tags?post=214309"}],"curies":[{"name":"wp","href":"https:\/\/api.w.org\/{rel}","templated":true}]}}