{"id":214332,"date":"2026-01-04T09:35:15","date_gmt":"2026-01-04T09:35:15","guid":{"rendered":"https:\/\/www.europesays.com\/pt\/214332\/"},"modified":"2026-01-04T09:35:15","modified_gmt":"2026-01-04T09:35:15","slug":"presidente-do-atletico-madrid-faz-pedido-a-diego-simeone-e-destaca-melhor-contratacao-durante-a-sua-presidencia-foi-espetacular","status":"publish","type":"post","link":"https:\/\/www.europesays.com\/pt\/214332\/","title":{"rendered":"Presidente do Atl\u00e9tico Madrid faz pedido a Diego Simeone e destaca melhor contrata\u00e7\u00e3o durante a sua presid\u00eancia: \u00abFoi espetacular\u00bb"},"content":{"rendered":"<p>&#8211; Advertisement &#8211;<\/p>\n<p><strong>Enrique Cerezo comentou o sonho de conquistar a Champions League e destacou Kun Aguero como a contrata\u00e7\u00e3o mais marcante do Atl\u00e9tico Madrid.<\/strong><\/p>\n<p>O presidente do Atl\u00e9tico Madrid, Enrique Cerezo, deu uma entrevista abordando v\u00e1rios temas, desde Diego Simeone at\u00e9 \u00e0 melhor contrata\u00e7\u00e3o dos colchoneros durante o seu mandato. O dirigente n\u00e3o escondeu a ambi\u00e7\u00e3o de conquistar a <a href=\"https:\/\/bolanarede.pt\/etiqueta\/champions-league\/\" target=\"_blank\" rel=\"noreferrer noopener nofollow\">Champions League<\/a> com o t\u00e9cnico argentino:<\/p>\n<p>\u00abN\u00e3o sei mais o que posso pedir ao \u2018Cholo\u2019, ele \u00e9 da fam\u00edlia. S\u00f3 lhe posso pedir o que me pedem a mim e aos jogadores, que oxal\u00e1 tenhamos sorte e que possamos o \u00fanico t\u00edtulo que nos falta\u00bb, come\u00e7ou por dizer.<\/p>\n<p>\u00abGanhar uma Champions \u00e9 algo dific\u00edlimo para qualquer equipa, mas estou convencido de que vamos consegui-lo com o \u2018Cholo\u2019. Sou otimista\u2026 Porque n\u00e3o podemos ganhar? H\u00e1 boas equipas, sim, mas n\u00f3s tamb\u00e9m somos. Falta-nos um pouco sorte e vamos em busca dela. Queremos muito esse t\u00edtulo t\u00e3o importante e que n\u00e3o temos\u00bb.<\/p>\n<p>Enrique Cerezo destacou tamb\u00e9m a melhor contrata\u00e7\u00e3o do clube durante a sua presid\u00eancia:<\/p>\n<p>\u00ab<a href=\"https:\/\/bolanarede.pt\/internacional\/resto-do-mundo\/sergio-aguero-momentos\/3\/\" target=\"_blank\" rel=\"noreferrer noopener nofollow\">Kun Aguero <\/a>foi espetacular. Veio numa altura dif\u00edcil, em que a economia n\u00e3o era pujante e deu-nos muitas alegrias. Ele e o Forl\u00e1n foram percursores do rendimento da equipa nos \u00faltimos 15 anos\u00bb.<\/p>\n","protected":false},"excerpt":{"rendered":"&#8211; Advertisement &#8211; Enrique Cerezo comentou o sonho de conquistar a Champions League e destacou Kun Aguero como&hellip;\n","protected":false},"author":2,"featured_media":214333,"comment_status":"","ping_status":"","sticky":false,"template":"","format":"standard","meta":{"footnotes":""},"categories":[87],"tags":[3171,260,135,4505,41867,41868,32,33,134],"class_list":{"0":"post-214332","1":"post","2":"type-post","3":"status-publish","4":"format-standard","5":"has-post-thumbnail","7":"category-desporto","8":"tag-atletico-madrid","9":"tag-atualidade","10":"tag-desporto","11":"tag-diego-simeone","12":"tag-enrique-cerezo","13":"tag-kun-aguero","14":"tag-portugal","15":"tag-pt","16":"tag-sports"},"share_on_mastodon":{"url":"https:\/\/pubeurope.com\/@pt\/115836153459850483","error":""},"_links":{"self":[{"href":"https:\/\/www.europesays.com\/pt\/wp-json\/wp\/v2\/posts\/214332","targetHints":{"allow":["GET"]}}],"collection":[{"href":"https:\/\/www.europesays.com\/pt\/wp-json\/wp\/v2\/posts"}],"about":[{"href":"https:\/\/www.europesays.com\/pt\/wp-json\/wp\/v2\/types\/post"}],"author":[{"embeddable":true,"href":"https:\/\/www.europesays.com\/pt\/wp-json\/wp\/v2\/users\/2"}],"replies":[{"embeddable":true,"href":"https:\/\/www.europesays.com\/pt\/wp-json\/wp\/v2\/comments?post=214332"}],"version-history":[{"count":0,"href":"https:\/\/www.europesays.com\/pt\/wp-json\/wp\/v2\/posts\/214332\/revisions"}],"wp:featuredmedia":[{"embeddable":true,"href":"https:\/\/www.europesays.com\/pt\/wp-json\/wp\/v2\/media\/214333"}],"wp:attachment":[{"href":"https:\/\/www.europesays.com\/pt\/wp-json\/wp\/v2\/media?parent=214332"}],"wp:term":[{"taxonomy":"category","embeddable":true,"href":"https:\/\/www.europesays.com\/pt\/wp-json\/wp\/v2\/categories?post=214332"},{"taxonomy":"post_tag","embeddable":true,"href":"https:\/\/www.europesays.com\/pt\/wp-json\/wp\/v2\/tags?post=214332"}],"curies":[{"name":"wp","href":"https:\/\/api.w.org\/{rel}","templated":true}]}}