{"id":214336,"date":"2026-01-04T09:38:19","date_gmt":"2026-01-04T09:38:19","guid":{"rendered":"https:\/\/www.europesays.com\/pt\/214336\/"},"modified":"2026-01-04T09:38:19","modified_gmt":"2026-01-04T09:38:19","slug":"motorola-antecipa-mundial-2026-com-edicao-especial-misteriosa-do-razr","status":"publish","type":"post","link":"https:\/\/www.europesays.com\/pt\/214336\/","title":{"rendered":"Motorola antecipa Mundial 2026 com edi\u00e7\u00e3o especial misteriosa do Razr"},"content":{"rendered":"<p style=\"text-align:center\"><img decoding=\"async\" alt=\"motorola fifa parceira\" height=\"300\" src=\"https:\/\/www.europesays.com\/pt\/wp-content\/uploads\/2026\/01\/tugatech-9919-43207.jpg\" width=\"600\" fetchpriority=\"high\"\/><\/p>\n<p>O ano de 2026 acaba de arrancar e, com ele, cresce a expectativa para o regresso do maior evento de futebol do planeta. Passaram quatro anos desde o \u00faltimo Campeonato do Mundo e, enquanto aguardamos para ver se a Argentina consegue defender o t\u00edtulo, as marcas tecnol\u00f3gicas j\u00e1 come\u00e7am a entrar em campo. A <strong><a href=\"https:\/\/tugatech.com.pt\/t75399-motorola-podera-revelar-o-seu-primeiro-dobravel-estilo-livro-na-ces-2026\" rel=\"noopener nofollow\" target=\"_blank\">Motorola<\/a><\/strong> parece ser a primeira a apitar para o in\u00edcio da partida com um novo teaser enigm\u00e1tico.<\/p>\n<p>Um equipamento envolto em mist\u00e9rio<\/p>\n<p>A fabricante divulgou um v\u00eddeo curto que levanta o v\u00e9u sobre o que aparenta ser uma edi\u00e7\u00e3o tem\u00e1tica do Motorola Razr. Embora as imagens sejam propositadamente escuras para esconder os detalhes, h\u00e1 um elemento que brilha literalmente: o log\u00f3tipo oficial do FIFA World Cup 2026.<\/p>\n<p style=\"text-align:center\"><img loading=\"lazy\" decoding=\"async\" alt=\"detalhes sobre dispositivo apresentado no video da empresa\" height=\"300\" src=\"https:\/\/www.europesays.com\/pt\/wp-content\/uploads\/2026\/01\/tugatech-5661-43208.jpg\" width=\"600\"\/><\/p>\n<p>Pelo que \u00e9 poss\u00edvel discernir, n\u00e3o parece tratar-se de uma nova gera\u00e7\u00e3o de hardware, mas sim de uma personaliza\u00e7\u00e3o est\u00e9tica do modelo de 2025. O log\u00f3tipo surge na parte traseira do dispositivo, ou possivelmente integrado como papel de parede no ecr\u00e3 externo, uma vez que n\u00e3o s\u00e3o vis\u00edveis lentes de c\u00e2mara salientes nesse \u00e2ngulo espec\u00edfico. Tudo indica que estamos perante um &#8220;reskin&#8221; comemorativo para celebrar o torneio que ter\u00e1 lugar, em parte, nos Estados Unidos.<\/p>\n<p>Data marcada para o pontap\u00e9 de sa\u00edda<\/p>\n<p>A marca definiu o dia 6 de janeiro como o momento chave para revelar todos os detalhes desta edi\u00e7\u00e3o especial. Ainda n\u00e3o \u00e9 claro se o dispositivo estar\u00e1 dispon\u00edvel para compra imediata ou se ser\u00e1 apenas aberto o per\u00edodo de pr\u00e9-reserva.<\/p>\n<p style=\"text-align:center\">\u00a0<\/p>\n<p>Independentemente da disponibilidade, \u00e9 refrescante ver uma varia\u00e7\u00e3o tem\u00e1tica num dobr\u00e1vel que foge \u00e0 norma das edi\u00e7\u00f5es regionais limitadas, como as que frequentemente vemos na concorrente <strong><a href=\"https:\/\/tugatech.com.pt\/t75129-samsung-oficializa-o-galaxy-z-trifold-o-gigante-de-tres-dobras-que-cabe-no-bolso\" rel=\"noopener nofollow\" target=\"_blank\">Samsung<\/a><\/strong> com a sua linha Galaxy Z Fold. Resta agora aguardar para ver se esta aposta da Motorola marca um golo junto dos f\u00e3s de tecnologia e futebol, tal como sugere a <strong><a href=\"https:\/\/9to5google.com\/2026\/01\/02\/motorola-teases-world-cup-edition-razr\/\" rel=\"noopener nofollow\" target=\"_blank\">9to5Google<\/a><\/strong>.<\/p>\n","protected":false},"excerpt":{"rendered":"O ano de 2026 acaba de arrancar e, com ele, cresce a expectativa para o regresso do maior&hellip;\n","protected":false},"author":2,"featured_media":214337,"comment_status":"","ping_status":"","sticky":false,"template":"","format":"standard","meta":{"footnotes":""},"categories":[84],"tags":[109,107,108,32,33,105,103,104,106,110],"class_list":{"0":"post-214336","1":"post","2":"type-post","3":"status-publish","4":"format-standard","5":"has-post-thumbnail","7":"category-ciencia-e-tecnologia","8":"tag-ciencia","9":"tag-ciencia-e-tecnologia","10":"tag-cienciaetecnologia","11":"tag-portugal","12":"tag-pt","13":"tag-science","14":"tag-science-and-technology","15":"tag-scienceandtechnology","16":"tag-technology","17":"tag-tecnologia"},"share_on_mastodon":{"url":"https:\/\/pubeurope.com\/@pt\/115836164682293600","error":""},"_links":{"self":[{"href":"https:\/\/www.europesays.com\/pt\/wp-json\/wp\/v2\/posts\/214336","targetHints":{"allow":["GET"]}}],"collection":[{"href":"https:\/\/www.europesays.com\/pt\/wp-json\/wp\/v2\/posts"}],"about":[{"href":"https:\/\/www.europesays.com\/pt\/wp-json\/wp\/v2\/types\/post"}],"author":[{"embeddable":true,"href":"https:\/\/www.europesays.com\/pt\/wp-json\/wp\/v2\/users\/2"}],"replies":[{"embeddable":true,"href":"https:\/\/www.europesays.com\/pt\/wp-json\/wp\/v2\/comments?post=214336"}],"version-history":[{"count":0,"href":"https:\/\/www.europesays.com\/pt\/wp-json\/wp\/v2\/posts\/214336\/revisions"}],"wp:featuredmedia":[{"embeddable":true,"href":"https:\/\/www.europesays.com\/pt\/wp-json\/wp\/v2\/media\/214337"}],"wp:attachment":[{"href":"https:\/\/www.europesays.com\/pt\/wp-json\/wp\/v2\/media?parent=214336"}],"wp:term":[{"taxonomy":"category","embeddable":true,"href":"https:\/\/www.europesays.com\/pt\/wp-json\/wp\/v2\/categories?post=214336"},{"taxonomy":"post_tag","embeddable":true,"href":"https:\/\/www.europesays.com\/pt\/wp-json\/wp\/v2\/tags?post=214336"}],"curies":[{"name":"wp","href":"https:\/\/api.w.org\/{rel}","templated":true}]}}