{"id":214361,"date":"2026-01-04T10:11:12","date_gmt":"2026-01-04T10:11:12","guid":{"rendered":"https:\/\/www.europesays.com\/pt\/214361\/"},"modified":"2026-01-04T10:11:12","modified_gmt":"2026-01-04T10:11:12","slug":"como-um-presidente-sequestra-outro","status":"publish","type":"post","link":"https:\/\/www.europesays.com\/pt\/214361\/","title":{"rendered":"&#8216;Como um presidente sequestra outro?&#8217;"},"content":{"rendered":"<p data-start=\"158\" data-end=\"491\">A atriz\u00a0Luana Piovani\u00a0usou as redes sociais neste s\u00e1bado (3\/1) para comentar a <strong><a href=\"https:\/\/www.em.com.br\/internacional\/2026\/01\/7325611-maduro-desembarca-em-nova-york-escoltado-por-agentes-federais.html\" target=\"_blank\" rel=\"nofollow noopener\">invas\u00e3o \u00e0\u00a0Venezuela\u00a0e a captura do presidente\u00a0Nicol\u00e1s Maduro<\/a><\/strong>, em uma opera\u00e7\u00e3o militar liderada pelos\u00a0Estados Unidos. Em v\u00eddeos publicados em seu perfil, a artista reagiu com surpresa e indigna\u00e7\u00e3o \u00e0s imagens de explos\u00f5es e \u00e0 not\u00edcia da a\u00e7\u00e3o internacional.<\/p>\n<p data-start=\"493\" data-end=\"711\">\u201cAcabei de saber que o Trump sequestrou o Maduro. Voc\u00eas viram a imagem das explos\u00f5es? Como \u00e9 que um presidente sequestra o outro?\u201d, questionou Piovani, visivelmente impactada com os acontecimentos.<\/p>\n<p data-start=\"713\" data-end=\"1145\">Ao longo do desabafo, a atriz afirmou nunca ter imaginado presenciar um epis\u00f3dio desse tipo. \u201cEu n\u00e3o achei que eu fosse estar viva para ver um neg\u00f3cio desse. Nunca ouvi falar de uma coisa assim\u201d, disse. Ela comparou o epis\u00f3dio a conflitos hist\u00f3ricos e demonstrou perplexidade ao imaginar a a\u00e7\u00e3o militar. \u201cEstou imaginando a cena do ex\u00e9rcito americano entrando na Venezuela e sequestrando o Maduro\u201d, comentou.<\/p>\n<p data-start=\"1147\" data-end=\"1519\">Luana tamb\u00e9m fez cr\u00edticas diretas ao presidente dos Estados Unidos, Donald Trump. Apesar das cr\u00edticas ao governo venezuelano, a atriz disse n\u00e3o concordar com a forma como a opera\u00e7\u00e3o foi conduzida. \u201cEu detesto o Maduro, mas voc\u00ea n\u00e3o vai na casa dos outros e mata o dono da casa\u201d, afirmou.<\/p>\n<p class=\"texto\"><a href=\"https:\/\/whatsapp.com\/channel\/0029Va8e466AO7RPLL06EL2h\" target=\"_blank\" rel=\"nofollow noopener\"><strong>Siga nosso canal no WhatsApp e receba not\u00edcias relevantes para o seu dia<\/strong><\/a><\/p>\n<p data-start=\"1521\" data-end=\"1697\">Na sequ\u00eancia, Piovani ponderou que, embora Maduro n\u00e3o tenha sido morto, a inten\u00e7\u00e3o da a\u00e7\u00e3o seria essa. \u201cN\u00e3o matou o Maduro, mas \u00e9 o que ele est\u00e1 querendo fazer\u201d, concluiu.<\/p>\n<p>Veja o v\u00eddeo<\/p>\n","protected":false},"excerpt":{"rendered":"A atriz\u00a0Luana Piovani\u00a0usou as redes sociais neste s\u00e1bado (3\/1) para comentar a invas\u00e3o \u00e0\u00a0Venezuela\u00a0e a captura do presidente\u00a0Nicol\u00e1s&hellip;\n","protected":false},"author":2,"featured_media":214362,"comment_status":"","ping_status":"","sticky":false,"template":"","format":"standard","meta":{"footnotes":""},"categories":[145],"tags":[211,210,3883,3864,114,115,4585,24218,32,33,2183],"class_list":{"0":"post-214361","1":"post","2":"type-post","3":"status-publish","4":"format-standard","5":"has-post-thumbnail","7":"category-celebridades","8":"tag-celebridades","9":"tag-celebrities","10":"tag-criticas","11":"tag-desabafo","12":"tag-entertainment","13":"tag-entretenimento","14":"tag-luana-piovani","15":"tag-maduro","16":"tag-portugal","17":"tag-pt","18":"tag-trump"},"share_on_mastodon":{"url":"https:\/\/pubeurope.com\/@pt\/115836294492884639","error":""},"_links":{"self":[{"href":"https:\/\/www.europesays.com\/pt\/wp-json\/wp\/v2\/posts\/214361","targetHints":{"allow":["GET"]}}],"collection":[{"href":"https:\/\/www.europesays.com\/pt\/wp-json\/wp\/v2\/posts"}],"about":[{"href":"https:\/\/www.europesays.com\/pt\/wp-json\/wp\/v2\/types\/post"}],"author":[{"embeddable":true,"href":"https:\/\/www.europesays.com\/pt\/wp-json\/wp\/v2\/users\/2"}],"replies":[{"embeddable":true,"href":"https:\/\/www.europesays.com\/pt\/wp-json\/wp\/v2\/comments?post=214361"}],"version-history":[{"count":0,"href":"https:\/\/www.europesays.com\/pt\/wp-json\/wp\/v2\/posts\/214361\/revisions"}],"wp:featuredmedia":[{"embeddable":true,"href":"https:\/\/www.europesays.com\/pt\/wp-json\/wp\/v2\/media\/214362"}],"wp:attachment":[{"href":"https:\/\/www.europesays.com\/pt\/wp-json\/wp\/v2\/media?parent=214361"}],"wp:term":[{"taxonomy":"category","embeddable":true,"href":"https:\/\/www.europesays.com\/pt\/wp-json\/wp\/v2\/categories?post=214361"},{"taxonomy":"post_tag","embeddable":true,"href":"https:\/\/www.europesays.com\/pt\/wp-json\/wp\/v2\/tags?post=214361"}],"curies":[{"name":"wp","href":"https:\/\/api.w.org\/{rel}","templated":true}]}}