{"id":214363,"date":"2026-01-04T10:14:16","date_gmt":"2026-01-04T10:14:16","guid":{"rendered":"https:\/\/www.europesays.com\/pt\/214363\/"},"modified":"2026-01-04T10:14:16","modified_gmt":"2026-01-04T10:14:16","slug":"a-protegida-oscar-e-considerado-inocente-novelas","status":"publish","type":"post","link":"https:\/\/www.europesays.com\/pt\/214363\/","title":{"rendered":"A Protegida: \u00d3scar \u00e9 considerado inocente &#8211; Novelas"},"content":{"rendered":"<p>Em \u00abA Protegida\u00bb, \u00d3scar (Joaquim Horta) e Sofia (Catarina Rebelo) chegam do julgamento e Isabel vem ao encontro deles, para celebrarem a inoc\u00eancia de \u00d3scar. Anita e o grupo de m\u00e3es juntam-se \u00e0 festa e trazem um bolo. \u00d3scar est\u00e1 aliviado e feliz, mas continua a faltar-lhe Laura (Alexandra Lencastre). Isabel pede-lhe para descontrair e agradecer por ser um homem livre.<\/p>\n","protected":false},"excerpt":{"rendered":"Em \u00abA Protegida\u00bb, \u00d3scar (Joaquim Horta) e Sofia (Catarina Rebelo) chegam do julgamento e Isabel vem ao encontro&hellip;\n","protected":false},"author":2,"featured_media":214364,"comment_status":"","ping_status":"","sticky":false,"template":"","format":"standard","meta":{"footnotes":""},"categories":[142],"tags":[168,160,166,114,115,157,167,164,161,158,165,159,32,33,156,163,151,162],"class_list":{"0":"post-214363","1":"post","2":"type-post","3":"status-publish","4":"format-standard","5":"has-post-thumbnail","7":"category-tv","8":"tag-a-protegida","9":"tag-ana-guiomar","10":"tag-cristina-ferreira","11":"tag-entertainment","12":"tag-entretenimento","13":"tag-festa-e-festa","14":"tag-ficcao","15":"tag-jose-fidalgo","16":"tag-novelas","17":"tag-para-sempre","18":"tag-pedro-sousa","19":"tag-pedro-teixeira","20":"tag-portugal","21":"tag-pt","22":"tag-queridos-papas","23":"tag-tiago-teotonio-pereira","24":"tag-tv","25":"tag-tvi"},"share_on_mastodon":{"url":"https:\/\/pubeurope.com\/@pt\/115836306229917221","error":""},"_links":{"self":[{"href":"https:\/\/www.europesays.com\/pt\/wp-json\/wp\/v2\/posts\/214363","targetHints":{"allow":["GET"]}}],"collection":[{"href":"https:\/\/www.europesays.com\/pt\/wp-json\/wp\/v2\/posts"}],"about":[{"href":"https:\/\/www.europesays.com\/pt\/wp-json\/wp\/v2\/types\/post"}],"author":[{"embeddable":true,"href":"https:\/\/www.europesays.com\/pt\/wp-json\/wp\/v2\/users\/2"}],"replies":[{"embeddable":true,"href":"https:\/\/www.europesays.com\/pt\/wp-json\/wp\/v2\/comments?post=214363"}],"version-history":[{"count":0,"href":"https:\/\/www.europesays.com\/pt\/wp-json\/wp\/v2\/posts\/214363\/revisions"}],"wp:featuredmedia":[{"embeddable":true,"href":"https:\/\/www.europesays.com\/pt\/wp-json\/wp\/v2\/media\/214364"}],"wp:attachment":[{"href":"https:\/\/www.europesays.com\/pt\/wp-json\/wp\/v2\/media?parent=214363"}],"wp:term":[{"taxonomy":"category","embeddable":true,"href":"https:\/\/www.europesays.com\/pt\/wp-json\/wp\/v2\/categories?post=214363"},{"taxonomy":"post_tag","embeddable":true,"href":"https:\/\/www.europesays.com\/pt\/wp-json\/wp\/v2\/tags?post=214363"}],"curies":[{"name":"wp","href":"https:\/\/api.w.org\/{rel}","templated":true}]}}