{"id":214379,"date":"2026-01-04T10:32:06","date_gmt":"2026-01-04T10:32:06","guid":{"rendered":"https:\/\/www.europesays.com\/pt\/214379\/"},"modified":"2026-01-04T10:32:06","modified_gmt":"2026-01-04T10:32:06","slug":"prefeitura-de-goiania-realiza-mais-de-mil-vistorias-compulsorias-em-imoveis-abandonados-na-capital","status":"publish","type":"post","link":"https:\/\/www.europesays.com\/pt\/214379\/","title":{"rendered":"Prefeitura de Goi\u00e2nia realiza mais de mil vistorias compuls\u00f3rias em im\u00f3veis abandonados na capital"},"content":{"rendered":"<p>Prefeitura de Goi\u00e2nia realiza mais de mil vistorias compuls\u00f3rias em im\u00f3veis abandonados na capital                          <\/p>\n<p>A Prefeitura de Goi\u00e2nia, por meio da Secretaria Municipal de Sa\u00fade (SMS), realizou 1.017 vistorias compuls\u00f3rias em im\u00f3veis abandonados ou permanentemente fechados da capital em 2025. Iniciativa integra o pacote de a\u00e7\u00f5es para combate ao mosquito Aedes Aegypti, transmissor da dengue, zika e chikungunya. Goi\u00e2nia registrou neste ano queda de 47,2% no n\u00famero de casos de dengue.<\/p>\n<p>A iniciativa \u00e9 fundamentada pela Lei 13.301\/2016 que permite a entrada de agentes de sa\u00fade em im\u00f3veis p\u00fablicos e particulares, em situa\u00e7\u00e3o de abandono, aus\u00eancia ou recusa de pessoa que possa permitir o acesso, quando a a\u00e7\u00e3o \u00e9 essencial para a conten\u00e7\u00e3o de epidemias. Segundo o secret\u00e1rio municipal de Sa\u00fade, Luiz Pellizzer, \u00e9 uma medida emergencial que visa a prote\u00e7\u00e3o da sa\u00fade coletiva.<\/p>\n<p>\u201cFazemos abertura compuls\u00f3ria de im\u00f3veis que podem trazer riscos \u00e0 sa\u00fade p\u00fablica, intensificando o combate ao mosquito. Nossas equipes s\u00e3o acompanhadas por chaveiros para preservar a integridade do im\u00f3vel e n\u00e3o alterar as condi\u00e7\u00f5es de seguran\u00e7a em que o local foi encontrado. \u00c9 uma medida emergencial que visa a prote\u00e7\u00e3o da sa\u00fade coletiva e o controle do avan\u00e7o da dengue\u201d, destaca.<\/p>\n<p>Segundo a SMS, durante as vistorias, os agentes encontraram 1.319 focos do mosquito Aedes Aegypti, eliminaram 1023 deles e trataram 296 criadouros. Al\u00e9m disso, aplicaram 261 autua\u00e7\u00f5es. A pasta realiza ainda o monitoramento da oviposi\u00e7\u00e3o dos mosquitos, com a instala\u00e7\u00e3o de dispositivos que permitem a contagem dos ovos e o mapeamento de \u00e1reas com as maiores infesta\u00e7\u00f5es.<\/p>\n<p>Em 2025, conforme o Boletim Epidemiol\u00f3gico Arboviroses de dezembro, Goi\u00e2nia registrou 28.427 casos de dengue, sendo 67 quadros graves e com 34 \u00f3bitos comprovadamente causados pela doen\u00e7a. Quantitativo \u00e9 47,2% menor do que o apresentado no mesmo per\u00edodo do ano passado, quando a capital contabilizava 50.508 casos de dengue e 81 \u00f3bitos causados pela doen\u00e7a.<\/p>\n<p>Leia Tamb\u00e9m<\/p>\n<ol class=\"related-articles\">\n<li><a href=\"https:\/\/ciberjornal.com.br\/goiania\/mais-de-30-mocos-sao-demolidos-em-goiania-em-2025\/87024\/\" class=\"entry-share-inside\" rel=\"nofollow noopener\" target=\"_blank\">Mais de 30 moc\u00f3s s\u00e3o demolidos em Goi\u00e2nia em 2025<\/a><\/li>\n<li><a href=\"https:\/\/ciberjornal.com.br\/goiania\/goiania-acelera-transporte-coletivo-com-metronizacao-e-vira-referencia-nacional\/86979\/\" class=\"entry-share-inside\" rel=\"nofollow noopener\" target=\"_blank\">Goi\u00e2nia acelera transporte coletivo com metroniza\u00e7\u00e3o e vira refer\u00eancia nacional<\/a><\/li>\n<li><a href=\"https:\/\/ciberjornal.com.br\/goiania\/vereadores-aprovam-emprestimo-para-prefeitura-de-goiania\/86976\/\" class=\"entry-share-inside\" rel=\"nofollow noopener\" target=\"_blank\">Vereadores aprovam emprestimo para prefeitura de Goi\u00e2nia<\/a><\/li>\n<li><a href=\"https:\/\/ciberjornal.com.br\/goiania\/sedicas-vai-priorizar-criacao-de-polos-industriais-em-goiania\/86955\/\" class=\"entry-share-inside\" rel=\"nofollow noopener\" target=\"_blank\">Sedicas vai priorizar cria\u00e7\u00e3o de polos industriais em Goi\u00e2nia<\/a><\/li>\n<li><a href=\"https:\/\/ciberjornal.com.br\/goiania\/vereadores-de-goiania-voltam-a-debater-mudancas-na-taxa-de-iluminacao-publica\/86893\/\" class=\"entry-share-inside\" rel=\"nofollow noopener\" target=\"_blank\">Vereadores de Goi\u00e2nia voltam a debater mudan\u00e7as na taxa de ilumina\u00e7\u00e3o p\u00fablica<\/a><\/li>\n<\/ol>\n<p>Fotos: Divulga\u00e7\u00e3o\/SMS<\/p>\n<p><strong>Leia mais sobre:<\/strong> <a href=\"https:\/\/ciberjornal.com.br\/tag\/goiania\/\" rel=\"tag nofollow noopener\" target=\"_blank\">Goi\u00e2nia<\/a> \/ <a href=\"https:\/\/ciberjornal.com.br\/categoria\/goiania\/\" rel=\"category tag nofollow noopener\" target=\"_blank\">Goi\u00e2nia<\/a><\/p>\n<p><a href=\"https:\/\/ciberjornal.com.br\/author\/equipe\/\" rel=\"nofollow noopener\" target=\"_blank\">Altair Tavares<\/a><br \/>\n<img data-lazyloaded=\"1\" alt=\"\" src=\"https:\/\/www.europesays.com\/pt\/wp-content\/uploads\/2026\/01\/9559dd69094622b88e69031b6f7e6c72.jpg\"  class=\"avatar avatar-300 photo\" height=\"300\" width=\"300\" fetchpriority=\"high\" decoding=\"async\"\/><\/p>\n<p class=\"lead\" style=\"text-align: left;\">Editor do Ciberjornal que sucedeu desde fevereiro de 2025 todo o conte\u00fado do blog www.altairtavares.com.br . Atuante no webjornalismo desde 2000. Rep\u00f3rter, comentarista e analista de pol\u00edtica. Perfil nas redes sociais: @altairtavares<\/p>\n","protected":false},"excerpt":{"rendered":"Prefeitura de Goi\u00e2nia realiza mais de mil vistorias compuls\u00f3rias em im\u00f3veis abandonados na capital A Prefeitura de Goi\u00e2nia,&hellip;\n","protected":false},"author":2,"featured_media":214380,"comment_status":"","ping_status":"","sticky":false,"template":"","format":"standard","meta":{"footnotes":""},"categories":[86],"tags":[2554,116,32,33,117],"class_list":{"0":"post-214379","1":"post","2":"type-post","3":"status-publish","4":"format-standard","5":"has-post-thumbnail","7":"category-saude","8":"tag-goiania","9":"tag-health","10":"tag-portugal","11":"tag-pt","12":"tag-saude"},"share_on_mastodon":{"url":"https:\/\/pubeurope.com\/@pt\/115836377033375308","error":""},"_links":{"self":[{"href":"https:\/\/www.europesays.com\/pt\/wp-json\/wp\/v2\/posts\/214379","targetHints":{"allow":["GET"]}}],"collection":[{"href":"https:\/\/www.europesays.com\/pt\/wp-json\/wp\/v2\/posts"}],"about":[{"href":"https:\/\/www.europesays.com\/pt\/wp-json\/wp\/v2\/types\/post"}],"author":[{"embeddable":true,"href":"https:\/\/www.europesays.com\/pt\/wp-json\/wp\/v2\/users\/2"}],"replies":[{"embeddable":true,"href":"https:\/\/www.europesays.com\/pt\/wp-json\/wp\/v2\/comments?post=214379"}],"version-history":[{"count":0,"href":"https:\/\/www.europesays.com\/pt\/wp-json\/wp\/v2\/posts\/214379\/revisions"}],"wp:featuredmedia":[{"embeddable":true,"href":"https:\/\/www.europesays.com\/pt\/wp-json\/wp\/v2\/media\/214380"}],"wp:attachment":[{"href":"https:\/\/www.europesays.com\/pt\/wp-json\/wp\/v2\/media?parent=214379"}],"wp:term":[{"taxonomy":"category","embeddable":true,"href":"https:\/\/www.europesays.com\/pt\/wp-json\/wp\/v2\/categories?post=214379"},{"taxonomy":"post_tag","embeddable":true,"href":"https:\/\/www.europesays.com\/pt\/wp-json\/wp\/v2\/tags?post=214379"}],"curies":[{"name":"wp","href":"https:\/\/api.w.org\/{rel}","templated":true}]}}