{"id":214387,"date":"2026-01-04T10:42:26","date_gmt":"2026-01-04T10:42:26","guid":{"rendered":"https:\/\/www.europesays.com\/pt\/214387\/"},"modified":"2026-01-04T10:42:26","modified_gmt":"2026-01-04T10:42:26","slug":"resumo-de-2025-para-totos","status":"publish","type":"post","link":"https:\/\/www.europesays.com\/pt\/214387\/","title":{"rendered":"Resumo de 2025 para tot\u00f3s"},"content":{"rendered":"<p>\u201cCalcem as galochas, vamos atravessar a lama\u201d, escreveu L\u00eddia Jorge no Dia de Portugal. Assim foi 2025: come\u00e7ou com uma manifesta\u00e7\u00e3o, n\u00e3o nos encostem \u00e0 parede, acabou com uma greve geral \u201cinexpressiva\u201d, o pa\u00eds de costas voltadas ao novo pacote laboral do Governo.\u00a0<\/p>\n<p>N\u00e3o foi f\u00e1cil caminhar na lama do esplendor de Portugal: o The Economist diz que somos a economia do ano, Manuel Jo\u00e3o Vieira promete vinho canalizado, ganh\u00e1mos a Liga das Na\u00e7\u00f5es, demos 9-1 \u00e0 Arm\u00e9nia, mas Portugal est\u00e1 com problemas de identidade e sa\u00fade, h\u00e1 beb\u00e9s que nascem nas auto-estradas, o Bloco de Esquerda despede gr\u00e1vidas, a ministra ataca os hor\u00e1rios de amamenta\u00e7\u00e3o, isto est\u00e1 mau at\u00e9 para os beb\u00e9s reborn nascerem, entretanto um dermatologista aproveita a brecha do SNS para fazer uma fortuna \u00e0 conta de cirurgias ao s\u00e1bado.\u00a0<\/p>\n<p>Fecham os servi\u00e7os de obstetr\u00edcia, fecham os acessos p\u00fablicos \u00e0s praias da Comporta, ir\u00e1 fechar a Ginjinha Sem Rival, s\u00f3 n\u00e3o cancelam os fogos de artif\u00edcio durante os inc\u00eandios de Ver\u00e3o. O pa\u00eds vive uma crise de habita\u00e7\u00e3o sem precedentes, 64 barracas s\u00e3o demolidas no concelho de Loures por ordem de Ricardo Le\u00e3o, e at\u00e9 Andr\u00e9 Ventura s\u00f3 consegue viver numa casa com uns m\u00edseros 30 metros quadrados. Isto s\u00f3 est\u00e1 bom para a Nicole Kidman, que comprou casa na Comporta, para a Infanta Sofia, que vem viver para Benfica, e para o Ast\u00e9rix na Lusit\u00e2nia.<\/p>\n<p>Em tr\u00e2nsito estiveram: Katy Perry que foi ao \u201cespa\u00e7o\u201d, a flotilha que viajou at\u00e9 Gaza, Mourinho que regressou a Portugal, CR7 que jantou com Trump na Casa Branca, os imigrantes marroquinos que deram \u00e0 costa do Algarve, Carlos Moedas que afirmou que o metrobus \u00e9 um \u201cmetro com rodas\u201d, e Marcelo que foi convidado a ir ao Burgerfest, o tal \u201cfestival de hamb\u00fargueres\u201d\u2026<\/p>\n<p>Toda a gente quis: o chocolate do Dubai, os kits de sobreviv\u00eancia, os genes de Sydney Sweeney e\/ou Pedro Pascal. Virais? A gripe A, o julgamento dos Anjos, a s\u00e9rie Adolescence, o disco da Rosal\u00eda, o esc\u00e2ndalo P. Diddy, ou a lista de Epstein. Trump promete invadir o Canad\u00e1, o M\u00e9xico, o Panam\u00e1, a Gronel\u00e2ndia e a Comporta, e imp\u00f5e tarifas a pinguins, mas acaba o ano a tentar invadir a Venezuela, talvez para garantir o Nobel da Paz que entretanto perdeu.<\/p>\n<p>Portugal sobrevive a um apag\u00e3o, duas elei\u00e7\u00f5es, tr\u00eas campanhas eleitorais, e quase cinquenta entrevistas exclusivas a Andr\u00e9 Ventura nas nossas televis\u00f5es. Entretanto, em Albufeira, j\u00e1 n\u00e3o se pode andar de biquini, o Governo pro\u00edbe a burca em espa\u00e7os p\u00fablicos, e a disciplina de cidadania s\u00f3 sem qualquer conte\u00fado maroto: \u201co pa\u00eds precisa de tr\u00eas Salazares\u201d, exclama Ventura. Raquel Varela e Dina Aguiar s\u00e3o descontinuadas pela RTP, a Websummit queixa-se de que j\u00e1 n\u00e3o consegue estacionar os seus avi\u00f5es em Lisboa, e Portugal reconhece o Estado da Palestina, mas n\u00e3o o estado a que chegou a Eurovis\u00e3o. Deslocado, dos Napa, parece fazer mais sentido cada dia que passa.<\/p>\n<p>Morre o Papa Francisco. Morre Pinto da Costa, o Papa do FC Porto. Morre Balsem\u00e3o, o Papa da SIC. Marcelo descobre que tem uma h\u00e9rnia encarcerada, Jair Bolsonaro descobre que ser\u00e1 encarcerado durante 27 anos. Nuno Markl, Joaquim Monchique, Maria Jo\u00e3o Pires sofrem AVCs. Clara Pinto Correia \u00e9 encontrada morta no Outono, depois de ter sofrido um AVC no Ver\u00e3o. Andr\u00e9 Ventura tem dois espasmos esof\u00e1gicos depois de comer chouri\u00e7as no Algarve, os Anjos parece que sofrem de acne.<\/p>\n<p>Apag\u00e3o em Portugal, tremor de terra em Lisboa, trag\u00e9dia no Elevador da Gl\u00f3ria, assalto do ano no Louvre, mas n\u00e3o devemos esquecer os 220 cap\u00f5es furtados em Freamunde, as malas roubadas pelo deputado do Chega, Miguel Arruda, e a tonelada de santolas que estava na posse de F\u00e1bio Coentr\u00e3o. A \u201cinternacionaliza\u00e7\u00e3o\u201d da marca Portugal atinge o seu apogeu quando um portugu\u00eas \u00e9 autor de um tiroteio em massa nos EUA e mata \u00e0 queima-roupa um antigo colega, o f\u00edsico Nuno Loureiro.<\/p>\n<p>Morrem Diogo Jota, Nuno Portas, Teresa Caeiro, Celeste Caeiro, Constan\u00e7a Cunha e S\u00e1, Maria Teresa Horta, Eduardo Gageiro, Eduardo Serra, Miguel Macedo, Lu\u00eds Jardim, Jo\u00e3o Cravinho, Jos\u00e9 Ant\u00f3nio Saraiva, Olga Cardoso, Nuno Guerreiro, Almeno Gon\u00e7alves, Gl\u00f3ria de Matos. Os partidos Ergue-te e Alian\u00e7a s\u00e3o extintos, Mariana Mort\u00e1gua sai do Parlamento, Bloco de Esquerda, Iniciativa Liberal e PS mudam de lideran\u00e7as, Juntos Pelo Povo elege o primeiro deputado, Andr\u00e9 Ventura concorre a tr\u00eas elei\u00e7\u00f5es, s\u00f3 faltou mesmo a do Benfica. O governo aproveita a morte do Papa para cancelar o 25 de Abril, que entretanto foi celebrado num evento familiar do 1\u00ba de Maio, onde Montenegro cantou Sonhos de Menino com Tony Carreira. N\u00e3o admira que haja cada vez mais gente a votar no extremo-centro, como insinua Manuel Jo\u00e3o Vieira.<\/p>\n<p>O discurso de \u00f3dio continua de r\u00e9dea solta, \u201cno meu entender, pode\u201d, assegura Aguiar-Branco, desde que n\u00e3o se chame \u201cfanfarr\u00e3o\u201d ao l\u00edder do Chega, claro. Dentro e fora do Parlamento os sinais est\u00e3o \u00e0 vista, um dia \u00e9 o deputado Filipe Melo que manda piropos \u00e0 Isabel Moreira, outro dia s\u00e3o os neonazis que agridem o sheik David Munir e violentam artistas da Barraca que recitavam Cam\u00f5es no Dia de Portugal. A amea\u00e7a neonazi sofre um apag\u00e3o no relat\u00f3rio de seguran\u00e7a interna, vulgo NAZI, perd\u00e3o, RASI, mas a Justi\u00e7a \u00e9 lesta a cobrar Mariana Mort\u00e1gua pela viagem de regresso de Gaza, ou a obrigar um activista clim\u00e1tico a pagar 1600 euros por ter sujado de spinumviva, perd\u00e3o, de tinta verde o fato de Montenegro.<\/p>\n<p>Morrem Val Kilmer, Robert Redford, Jane Goodall, David Lynch, Terence Stamp, Gene Hackman, Marianne Faithfull, Rob Reiner, Vargas Llosa, Jos\u00e9 Mujica, Sebasti\u00e3o Salgado, Brian Wilson, Ozzy Osbourne, Giorgio Armani, Claudia Cardinale, Tom Stoppard, Frank Gehry, Diane Keaton, Martin Parr. Casais do ano? Liam Neeson e Pamela Anderson, Catarina Furtado e Carl\u00e3o, Elon Musk e Trump, e aquele casal atrevido apanhado pela kisscam dos Coldplay.<\/p>\n<p>Her\u00f3is nacionais? Os atletas Isaac Nader e Pedro Pichardo, campe\u00f5es do mundo em T\u00f3quio, o Sporting bicampe\u00e3o nacional em futebol, a selec\u00e7\u00e3o de futebol sub17 que ganhou o Europeu e o Mundial no mesmo ano, os jornalistas da Vis\u00e3o que continuaram a trabalhar sem receber sal\u00e1rios, a senhora que recusou abra\u00e7ar Marcelo na Feira do Livro, o restaurante indost\u00e2nico de Oliveira do Hospital que ofereceu refei\u00e7\u00f5es aos bombeiros durante o per\u00edodo de inc\u00eandios, e os bombeiros da Moita (e todos os bombeiros em geral, excepto o da Madeira, que agrediu a mulher) que deram \u00e0 luz uma nova gera\u00e7\u00e3o de beb\u00e9s dentro das suas ambul\u00e2ncias nas estradas nacionais.<\/p>\n<p>\u201cM\u00e3e, n\u00e3o nos trataram bem. Sem \u00e1gua nem comida h\u00e1 48 horas. Mas est\u00e1 tudo bem e ainda n\u00e3o fui parar \u00e0 solit\u00e1ria\u201d (Mariana Mort\u00e1gua).<\/p>\n<p>Portugal sofre, mas Portugal ainda existe, ainda estamos aqui.<\/p>\n","protected":false},"excerpt":{"rendered":"\u201cCalcem as galochas, vamos atravessar a lama\u201d, escreveu L\u00eddia Jorge no Dia de Portugal. Assim foi 2025: come\u00e7ou&hellip;\n","protected":false},"author":2,"featured_media":93533,"comment_status":"","ping_status":"","sticky":false,"template":"","format":"standard","meta":{"footnotes":""},"categories":[142],"tags":[3980,114,115,32,33,151],"class_list":{"0":"post-214387","1":"post","2":"type-post","3":"status-publish","4":"format-standard","5":"has-post-thumbnail","7":"category-tv","8":"tag-3980","9":"tag-entertainment","10":"tag-entretenimento","11":"tag-portugal","12":"tag-pt","13":"tag-tv"},"share_on_mastodon":{"url":"https:\/\/pubeurope.com\/@pt\/115836416321105514","error":""},"_links":{"self":[{"href":"https:\/\/www.europesays.com\/pt\/wp-json\/wp\/v2\/posts\/214387","targetHints":{"allow":["GET"]}}],"collection":[{"href":"https:\/\/www.europesays.com\/pt\/wp-json\/wp\/v2\/posts"}],"about":[{"href":"https:\/\/www.europesays.com\/pt\/wp-json\/wp\/v2\/types\/post"}],"author":[{"embeddable":true,"href":"https:\/\/www.europesays.com\/pt\/wp-json\/wp\/v2\/users\/2"}],"replies":[{"embeddable":true,"href":"https:\/\/www.europesays.com\/pt\/wp-json\/wp\/v2\/comments?post=214387"}],"version-history":[{"count":0,"href":"https:\/\/www.europesays.com\/pt\/wp-json\/wp\/v2\/posts\/214387\/revisions"}],"wp:featuredmedia":[{"embeddable":true,"href":"https:\/\/www.europesays.com\/pt\/wp-json\/wp\/v2\/media\/93533"}],"wp:attachment":[{"href":"https:\/\/www.europesays.com\/pt\/wp-json\/wp\/v2\/media?parent=214387"}],"wp:term":[{"taxonomy":"category","embeddable":true,"href":"https:\/\/www.europesays.com\/pt\/wp-json\/wp\/v2\/categories?post=214387"},{"taxonomy":"post_tag","embeddable":true,"href":"https:\/\/www.europesays.com\/pt\/wp-json\/wp\/v2\/tags?post=214387"}],"curies":[{"name":"wp","href":"https:\/\/api.w.org\/{rel}","templated":true}]}}