{"id":214443,"date":"2026-01-04T11:51:08","date_gmt":"2026-01-04T11:51:08","guid":{"rendered":"https:\/\/www.europesays.com\/pt\/214443\/"},"modified":"2026-01-04T11:51:08","modified_gmt":"2026-01-04T11:51:08","slug":"dove-cameron-e-damiano-david-estao-noivos-estas-sao-as-primeiras-fotos-do-anel","status":"publish","type":"post","link":"https:\/\/www.europesays.com\/pt\/214443\/","title":{"rendered":"Dove Cameron e Damiano David est\u00e3o noivos: estas s\u00e3o as primeiras fotos do anel!"},"content":{"rendered":"<p>O m\u00fasico Damiano David e a atriz Dove Cameron confirmaram que est\u00e3o noivos atrav\u00e9s do Instagram. A artista revelou as primeiras fotos do anel, mostrando-se radiante na legenda. &#8220;A minha parte favorita de estar viva! Feliz ano novo&#8221;, assinalou na descri\u00e7\u00e3o.<\/p>\n<p>Recorde-se de que os rumores de que os dois estavam juntos remontam a setembro de 2023.<\/p>\n<p>Veja, agora, as imagens partilhadas por Damiano David e Dove Cameron na galeria de fotografias que prepar\u00e1mos para si.<\/p>\n","protected":false},"excerpt":{"rendered":"O m\u00fasico Damiano David e a atriz Dove Cameron confirmaram que est\u00e3o noivos atrav\u00e9s do Instagram. A artista&hellip;\n","protected":false},"author":2,"featured_media":214444,"comment_status":"","ping_status":"","sticky":false,"template":"","format":"standard","meta":{"footnotes":""},"categories":[145],"tags":[813,1710,211,210,8000,41886,114,115,980,1015,82,32,33,1016,1012],"class_list":{"0":"post-214443","1":"post","2":"type-post","3":"status-publish","4":"format-standard","5":"has-post-thumbnail","7":"category-celebridades","8":"tag-atriz","9":"tag-cantor","10":"tag-celebridades","11":"tag-celebrities","12":"tag-damiano-david","13":"tag-dove-cameron","14":"tag-entertainment","15":"tag-entretenimento","16":"tag-famosos","17":"tag-instagram","18":"tag-internacional","19":"tag-portugal","20":"tag-pt","21":"tag-romance","22":"tag-selfie"},"share_on_mastodon":{"url":"https:\/\/pubeurope.com\/@pt\/115836687664881619","error":""},"_links":{"self":[{"href":"https:\/\/www.europesays.com\/pt\/wp-json\/wp\/v2\/posts\/214443","targetHints":{"allow":["GET"]}}],"collection":[{"href":"https:\/\/www.europesays.com\/pt\/wp-json\/wp\/v2\/posts"}],"about":[{"href":"https:\/\/www.europesays.com\/pt\/wp-json\/wp\/v2\/types\/post"}],"author":[{"embeddable":true,"href":"https:\/\/www.europesays.com\/pt\/wp-json\/wp\/v2\/users\/2"}],"replies":[{"embeddable":true,"href":"https:\/\/www.europesays.com\/pt\/wp-json\/wp\/v2\/comments?post=214443"}],"version-history":[{"count":0,"href":"https:\/\/www.europesays.com\/pt\/wp-json\/wp\/v2\/posts\/214443\/revisions"}],"wp:featuredmedia":[{"embeddable":true,"href":"https:\/\/www.europesays.com\/pt\/wp-json\/wp\/v2\/media\/214444"}],"wp:attachment":[{"href":"https:\/\/www.europesays.com\/pt\/wp-json\/wp\/v2\/media?parent=214443"}],"wp:term":[{"taxonomy":"category","embeddable":true,"href":"https:\/\/www.europesays.com\/pt\/wp-json\/wp\/v2\/categories?post=214443"},{"taxonomy":"post_tag","embeddable":true,"href":"https:\/\/www.europesays.com\/pt\/wp-json\/wp\/v2\/tags?post=214443"}],"curies":[{"name":"wp","href":"https:\/\/api.w.org\/{rel}","templated":true}]}}