{"id":214479,"date":"2026-01-04T12:29:17","date_gmt":"2026-01-04T12:29:17","guid":{"rendered":"https:\/\/www.europesays.com\/pt\/214479\/"},"modified":"2026-01-04T12:29:17","modified_gmt":"2026-01-04T12:29:17","slug":"grok-de-elon-musk-cometeu-um-crime-gerou-imagens-sexuais-de-menores","status":"publish","type":"post","link":"https:\/\/www.europesays.com\/pt\/214479\/","title":{"rendered":"Grok de Elon Musk cometeu um crime, gerou imagens sexuais de menores"},"content":{"rendered":"<p>A plataforma X volta a estar no centro da pol\u00e9mica, depois de a intelig\u00eancia artificial Grok ter gerado conte\u00fados impr\u00f3prios que levantam s\u00e9rias preocupa\u00e7\u00f5es legais e \u00e9ticas.<\/p>\n<p><a target=\"_blank\" href=\"https:\/\/pplware.sapo.pt\/wp-content\/uploads\/2026\/01\/grok_crime00.webp\" rel=\"nofollow noopener\"><img fetchpriority=\"high\" decoding=\"async\" src=\"https:\/\/www.europesays.com\/pt\/wp-content\/uploads\/2026\/01\/grok_crime00-720x405.webp.webp\" alt=\"\" width=\"720\" height=\"405\" class=\"aligncenter size-medium wp-image-1096409\"  \/><\/a><\/p>\n<p>AI Grok sob ataque por gerar imagens de menores<\/p>\n<p>O chatbot de intelig\u00eancia artificial Grok, desenvolvido pela empresa xAI de Elon Musk e integrado na plataforma X, est\u00e1 no centro de uma pol\u00e9mica internacional depois de <strong>gerar e publicar imagens sexualizadas que envolvem menores<\/strong> com pouca roupa.<\/p>\n<p>O incidente acontece poucos dias ap\u00f3s utilizadores descobrirem falhas na modera\u00e7\u00e3o de conte\u00fados que permitiram este tipo de sa\u00eddas.<\/p>\n<p>Cr\u00edticas e resposta oficial<\/p>\n<p>O Governo de Fran\u00e7a qualificou o conte\u00fado gerado como claramente ilegal e denunciou-o \u00e0s autoridades judiciais, considerando que <strong>viola normas de prote\u00e7\u00e3o de menores<\/strong> e pode infringir a legisla\u00e7\u00e3o da Uni\u00e3o Europeia.<\/p>\n<p>As <strong>imagens em causa foram removidas ap\u00f3s a den\u00fancia<\/strong>, mas levantaram quest\u00f5es sobre a efic\u00e1cia dos mecanismos de seguran\u00e7a do sistema.<\/p>\n<p><a target=\"_blank\" href=\"https:\/\/pplware.sapo.pt\/wp-content\/uploads\/2026\/01\/grok_crime01.jpg\" onclick=\"refreshIframe()\" class=\"foobox\" rel=\"nofollow noopener\"><img loading=\"lazy\" decoding=\"async\" aria-describedby=\"caption-attachment-1096408\" src=\"https:\/\/www.europesays.com\/pt\/wp-content\/uploads\/2026\/01\/grok_crime01-429x720.jpg\" alt=\"\" width=\"429\" height=\"720\" class=\"wp-image-1096408 size-medium\"  \/><\/a><\/p>\n<p id=\"caption-attachment-1096408\" class=\"wp-caption-text\">Uma jornalista, Samantha Smith, uma sobrevivente de abuso sexual infantil, testou se o Grok alteraria uma foto sua de inf\u00e2ncia. E alterou. \u00abPensei: \u201cisso n\u00e3o pode ser verdade\u201d\u00bb, <a target=\"_blank\" href=\"https:\/\/x.com\/SamanthaTaghoy\/status\/2006774191115419900\" rel=\"nofollow\">escreveu ela<\/a> no X. \u00abEnt\u00e3o, testei com uma foto da minha primeira comunh\u00e3o. \u00c9 verdade. E \u00e9 muito nojento.<\/p>\n<p>Fontes internacionais reportam ainda que o pr\u00f3prio Grok admitiu ter identificado \u201cfalhas nos mecanismos de prote\u00e7\u00e3o\u201d e est\u00e1 a trabalhar para resolver os problemas de forma urgente, sublinhando que <strong>material que sexualize menores \u00e9 ilegal e proibido<\/strong>.<\/p>\n<p>Repercuss\u00f5es e preocupa\u00e7\u00f5es mais amplas<\/p>\n<p>Al\u00e9m da Fran\u00e7a, ativistas e especialistas em seguran\u00e7a digital t\u00eam alertado para os riscos associados \u00e0 intelig\u00eancia artificial e \u00e0 cria\u00e7\u00e3o de imagens sem consentimento.<\/p>\n<p>O caso de <strong>Grok destaca a dificuldade crescente de controlar conte\u00fados gerados por IA<\/strong>, sobretudo quando estas ferramentas permitem a manipula\u00e7\u00e3o de imagens de terceiros sem salvaguardas eficazes.<\/p>\n<p><a target=\"_blank\" href=\"https:\/\/www.europesays.com\/pt\/wp-content\/uploads\/2026\/01\/grok_crime02.webp.webp\"><img loading=\"lazy\" decoding=\"async\" src=\"https:\/\/www.europesays.com\/pt\/wp-content\/uploads\/2026\/01\/grok_crime02.webp.webp\" alt=\"\" width=\"547\" height=\"448\" class=\"aligncenter wp-image-1096411\"  \/><\/a><\/p>\n<p>A controv\u00e9rsia chega numa altura em que outras entidades reguladoras e governos, incluindo a \u00cdndia, tamb\u00e9m j\u00e1 exigiram relat\u00f3rios e a\u00e7\u00f5es concretas contra o uso indevido destas tecnologias, sublinhando a necessidade de normas mais rigorosas para <strong>prevenir abusos em plataformas digitais<\/strong>.<\/p>\n<p>Este epis\u00f3dio reacende o debate global sobre <strong>a responsabilidade das empresas de tecnologia no desenvolvimento<\/strong> e supervis\u00e3o de sistemas de IA, especialmente no que respeita \u00e0 prote\u00e7\u00e3o de menores e ao respeito pelos direitos fundamentais na era digital.<\/p>\n","protected":false},"excerpt":{"rendered":"A plataforma X volta a estar no centro da pol\u00e9mica, depois de a intelig\u00eancia artificial Grok ter gerado&hellip;\n","protected":false},"author":2,"featured_media":214480,"comment_status":"","ping_status":"","sticky":false,"template":"","format":"standard","meta":{"footnotes":""},"categories":[83],"tags":[88,89,584,90,6553,414,933,32,33,2739],"class_list":{"0":"post-214479","1":"post","2":"type-post","3":"status-publish","4":"format-standard","5":"has-post-thumbnail","7":"category-empresas","8":"tag-business","9":"tag-economy","10":"tag-elon-musk","11":"tag-empresas","12":"tag-grok","13":"tag-ia","14":"tag-inteligencia-artificial","15":"tag-portugal","16":"tag-pt","17":"tag-x"},"share_on_mastodon":{"url":"https:\/\/pubeurope.com\/@pt\/115836837106688389","error":""},"_links":{"self":[{"href":"https:\/\/www.europesays.com\/pt\/wp-json\/wp\/v2\/posts\/214479","targetHints":{"allow":["GET"]}}],"collection":[{"href":"https:\/\/www.europesays.com\/pt\/wp-json\/wp\/v2\/posts"}],"about":[{"href":"https:\/\/www.europesays.com\/pt\/wp-json\/wp\/v2\/types\/post"}],"author":[{"embeddable":true,"href":"https:\/\/www.europesays.com\/pt\/wp-json\/wp\/v2\/users\/2"}],"replies":[{"embeddable":true,"href":"https:\/\/www.europesays.com\/pt\/wp-json\/wp\/v2\/comments?post=214479"}],"version-history":[{"count":0,"href":"https:\/\/www.europesays.com\/pt\/wp-json\/wp\/v2\/posts\/214479\/revisions"}],"wp:featuredmedia":[{"embeddable":true,"href":"https:\/\/www.europesays.com\/pt\/wp-json\/wp\/v2\/media\/214480"}],"wp:attachment":[{"href":"https:\/\/www.europesays.com\/pt\/wp-json\/wp\/v2\/media?parent=214479"}],"wp:term":[{"taxonomy":"category","embeddable":true,"href":"https:\/\/www.europesays.com\/pt\/wp-json\/wp\/v2\/categories?post=214479"},{"taxonomy":"post_tag","embeddable":true,"href":"https:\/\/www.europesays.com\/pt\/wp-json\/wp\/v2\/tags?post=214479"}],"curies":[{"name":"wp","href":"https:\/\/api.w.org\/{rel}","templated":true}]}}