{"id":214489,"date":"2026-01-04T12:43:23","date_gmt":"2026-01-04T12:43:23","guid":{"rendered":"https:\/\/www.europesays.com\/pt\/214489\/"},"modified":"2026-01-04T12:43:23","modified_gmt":"2026-01-04T12:43:23","slug":"agenda-fiscal-para-janeiro-de-2026","status":"publish","type":"post","link":"https:\/\/www.europesays.com\/pt\/214489\/","title":{"rendered":"agenda fiscal para janeiro de 2026"},"content":{"rendered":"<p>O m\u00eas de janeiro traz v\u00e1rias obriga\u00e7\u00f5es fiscais importantes para empresas e trabalhadores independentes. Conhe\u00e7a a agenda fiscal de janeiro de 2026.<\/p>\n<p><a target=\"_blank\" href=\"https:\/\/pplware.sapo.pt\/wp-content\/uploads\/2026\/01\/IMG_8413-2.jpg\" onclick=\"refreshIframe()\" class=\"foobox\" rel=\"nofollow noopener\"><img fetchpriority=\"high\" decoding=\"async\" src=\"https:\/\/www.europesays.com\/pt\/wp-content\/uploads\/2026\/01\/IMG_8413-2-720x405.jpg\" alt=\"\" width=\"720\" height=\"405\" class=\"aligncenter size-medium wp-image-1096456\"  \/><\/a><\/p>\n<p>Com o m\u00eas de janeiro a decorrer, chegam tamb\u00e9m novas obriga\u00e7\u00f5es fiscais que empresas, trabalhadores independentes e cidad\u00e3os devem cumprir junto da Autoridade Tribut\u00e1ria e Aduaneira (AT).<\/p>\n<p>Para evitar multas e assegurar o cumprimento das responsabilidades fiscais, \u00e9 importante estar atento aos principais prazos de entrega de declara\u00e7\u00f5es e pagamentos.<\/p>\n<p><a target=\"_blank\" href=\"https:\/\/www.europesays.com\/pt\/wp-content\/uploads\/2026\/01\/at_2-720x405-1.jpg\" onclick=\"refreshIframe()\" class=\"foobox\"><img loading=\"lazy\" decoding=\"async\" src=\"https:\/\/www.europesays.com\/pt\/wp-content\/uploads\/2026\/01\/at_2-720x405-1.jpg\" alt=\"\" width=\"720\" height=\"405\" class=\"aligncenter size-full wp-image-1096457\"  \/><\/a><\/p>\n<p><strong>Autoridade Tribut\u00e1ria: Obriga\u00e7\u00f5es fiscais e contributivas para janeiro de 2026<\/strong><\/p>\n<tr>\nData Limite<br \/>\nObriga\u00e7\u00e3o Fiscal<br \/>\nDescri\u00e7\u00e3o<br \/>\n<\/tr>\n<tr>\n<td>09\/01\/2026<\/td>\n<td>Comunica\u00e7\u00e3o de Faturas<\/td>\n<td>Comunica\u00e7\u00e3o dos elementos das faturas de dezembro de 2025 \u00e0 AT.<\/td>\n<\/tr>\n<tr>\n<td>12\/01\/2026<\/td>\n<td>DMR<\/td>\n<td>Entrega da Declara\u00e7\u00e3o Mensal de Remunera\u00e7\u00f5es (entidades empregadoras).<\/td>\n<\/tr>\n<tr>\n<td>20\/01\/2026<\/td>\n<td>Reten\u00e7\u00e3o na Fonte<\/td>\n<td>Pagamento de IRS, IRC e Selo retidos no m\u00eas anterior.<\/td>\n<\/tr>\n<tr>\n<td>20\/01\/2026<\/td>\n<td>IVA (Mensal)<\/td>\n<td>Entrega da Declara\u00e7\u00e3o Peri\u00f3dica de IVA relativa a novembro de 2025.<\/td>\n<\/tr>\n<tr>\n<td>20\/01\/2026<\/td>\n<td>Declara\u00e7\u00e3o de Rendimentos<\/td>\n<td>Entrega do comprovativo anual de rendimentos de 2025 aos trabalhadores.<\/td>\n<\/tr>\n<tr>\n<td>26\/01\/2026<\/td>\n<td>Pagamento IVA<\/td>\n<td>Data limite para liquida\u00e7\u00e3o do imposto (regime mensal).<\/td>\n<\/tr>\n<tr>\n<td>31\/01\/2026<\/td>\n<td>Modelo 44<\/td>\n<td>Comunica\u00e7\u00e3o anual de rendas recebidas em 2025 (senhorios).<\/td>\n<\/tr>\n<tr>\n<td>31\/01\/2026<\/td>\n<td>Altera\u00e7\u00e3o de Atividade<\/td>\n<td>Comunica\u00e7\u00e3o de passagem ao regime de IVA para quem faturou &gt; 15k\u20ac.<\/td>\n<\/tr>\n<tr>\n<td>31\/01\/2026<\/td>\n<td>IUC<\/td>\n<td>Pagamento do Imposto \u00danico de Circula\u00e7\u00e3o para matr\u00edculas de janeiro.<\/td>\n<\/tr>\n<p><strong>Notas Importantes para 2026<\/strong><\/p>\n<ul>\n<li><strong>Faturas em PDF<\/strong>\n<ul>\n<li>Segundo o OE 2026, as faturas em formato PDF continuam a ser aceites como faturas eletr\u00f3nicas para todos os efeitos fiscais at\u00e9 ao final deste ano.<\/li>\n<\/ul>\n<\/li>\n<li><strong>IRS 2026<\/strong>\n<ul>\n<li>Come\u00e7am a vigorar os novos escal\u00f5es de IRS (atualizados em 3,5%) e a redu\u00e7\u00e3o das taxas do 2.\u00ba ao 5.\u00ba escal\u00e3o. Note que estas altera\u00e7\u00f5es refletir-se-\u00e3o nas tabelas de reten\u00e7\u00e3o na fonte que as empresas aplicam j\u00e1 a partir deste m\u00eas.<\/li>\n<\/ul>\n<\/li>\n<li><strong>IUC<\/strong>\n<ul>\n<li>O pagamento do Imposto \u00danico de Circula\u00e7\u00e3o deve ser feito at\u00e9 ao final do m\u00eas da matr\u00edcula do ve\u00edculo. Se o seu carro \u00e9 de janeiro, o prazo termina a 2 de fevereiro (dado que 31 de janeiro \u00e9 s\u00e1bado).<\/li>\n<\/ul>\n<\/li>\n<\/ul>\n","protected":false},"excerpt":{"rendered":"O m\u00eas de janeiro traz v\u00e1rias obriga\u00e7\u00f5es fiscais importantes para empresas e trabalhadores independentes. Conhe\u00e7a a agenda fiscal&hellip;\n","protected":false},"author":2,"featured_media":214490,"comment_status":"","ping_status":"","sticky":false,"template":"","format":"standard","meta":{"footnotes":""},"categories":[83],"tags":[31079,88,89,90,10535,32,33],"class_list":{"0":"post-214489","1":"post","2":"type-post","3":"status-publish","4":"format-standard","5":"has-post-thumbnail","7":"category-empresas","8":"tag-autoridade-tributaria","9":"tag-business","10":"tag-economy","11":"tag-empresas","12":"tag-janeiro","13":"tag-portugal","14":"tag-pt"},"share_on_mastodon":{"url":"https:\/\/pubeurope.com\/@pt\/115836892266895839","error":""},"_links":{"self":[{"href":"https:\/\/www.europesays.com\/pt\/wp-json\/wp\/v2\/posts\/214489","targetHints":{"allow":["GET"]}}],"collection":[{"href":"https:\/\/www.europesays.com\/pt\/wp-json\/wp\/v2\/posts"}],"about":[{"href":"https:\/\/www.europesays.com\/pt\/wp-json\/wp\/v2\/types\/post"}],"author":[{"embeddable":true,"href":"https:\/\/www.europesays.com\/pt\/wp-json\/wp\/v2\/users\/2"}],"replies":[{"embeddable":true,"href":"https:\/\/www.europesays.com\/pt\/wp-json\/wp\/v2\/comments?post=214489"}],"version-history":[{"count":0,"href":"https:\/\/www.europesays.com\/pt\/wp-json\/wp\/v2\/posts\/214489\/revisions"}],"wp:featuredmedia":[{"embeddable":true,"href":"https:\/\/www.europesays.com\/pt\/wp-json\/wp\/v2\/media\/214490"}],"wp:attachment":[{"href":"https:\/\/www.europesays.com\/pt\/wp-json\/wp\/v2\/media?parent=214489"}],"wp:term":[{"taxonomy":"category","embeddable":true,"href":"https:\/\/www.europesays.com\/pt\/wp-json\/wp\/v2\/categories?post=214489"},{"taxonomy":"post_tag","embeddable":true,"href":"https:\/\/www.europesays.com\/pt\/wp-json\/wp\/v2\/tags?post=214489"}],"curies":[{"name":"wp","href":"https:\/\/api.w.org\/{rel}","templated":true}]}}