{"id":21449,"date":"2025-08-08T17:55:30","date_gmt":"2025-08-08T17:55:30","guid":{"rendered":"https:\/\/www.europesays.com\/pt\/21449\/"},"modified":"2025-08-08T17:55:30","modified_gmt":"2025-08-08T17:55:30","slug":"pavilhao-do-japao-na-expo-osaka-2025-nikken-sekkei","status":"publish","type":"post","link":"https:\/\/www.europesays.com\/pt\/21449\/","title":{"rendered":"Pavilh\u00e3o do Jap\u00e3o na Expo Osaka 2025 \/ Nikken Sekkei"},"content":{"rendered":"<p><a class=\"js-image-size__link \" href=\"https:\/\/www.archdaily.com.br\/br\/1028869\/pavilhao-do-japao-na-expo-osaka-2025-nikken-sekkei\/67f293e22936700188d6c8d3-osaka-expo-2025-japan-pavilion-nikken-sekkei-image\" rel=\"attachment nofollow noopener\" style=\"width: 100%; height: 100%;\" target=\"_blank\"><img decoding=\"async\" alt=\"Pavilh\u00e3o do Jap\u00e3o na Expo Osaka 2025 \/ Nikken Sekkei - Imagem 1 de 28\" data-nr-picture-id=\"67f293e22936700188d6c8d3\" fetchpriority=\"high\" height=\"426\" itemprop=\"image\" loading=\"eager\" longdesc=\"https:\/\/www.archdaily.com.br\/br\/1028869\/pavilhao-do-japao-na-expo-osaka-2025-nikken-sekkei\/67f293e22936700188d6c8d3-osaka-expo-2025-japan-pavilion-nikken-sekkei-image\" src=\"https:\/\/www.europesays.com\/pt\/wp-content\/uploads\/2025\/08\/osaka-expo-2025-japan-pavillon-nikken-sekkei_13.jpg\" style=\"min-height: var(--featured-height, auto); aspect-ratio: auto 640 \/ 426\" width=\"640\"\/><\/a>Entrada da exposi\u00e7\u00e3o. Imagem cortesia do Minist\u00e9rio da Economia, Com\u00e9rcio e Ind\u00fastria.<\/p>\n<p class=\"thumbs afd-desktop-e clearfix\"><a class=\"thumbs__link\" data-nr-picture-id=\"67f293e02936700188d6c8d2\" href=\"https:\/\/www.archdaily.com.br\/br\/1028869\/pavilhao-do-japao-na-expo-osaka-2025-nikken-sekkei\/67f293e02936700188d6c8d2-osaka-expo-2025-japan-pavilion-nikken-sekkei-image\" rel=\"attachment nofollow noopener\" target=\"_blank\"><img loading=\"lazy\" decoding=\"async\" alt=\"Pavilh\u00e3o do Jap\u00e3o na Expo Osaka 2025 \/ Nikken Sekkei - Imagem 2 de 28\" class=\"thumbs__img b-lazy\" data-nr-picture-id=\"67f293e02936700188d6c8d2\" data-pin-nopin=\"true\" src=\"https:\/\/www.europesays.com\/pt\/wp-content\/uploads\/2025\/08\/osaka-expo-2025-japan-pavillon-nikken-sekkei_2.jpg\" height=\"125\" longdesc=\"https:\/\/www.archdaily.com.br\/br\/1028869\/pavilhao-do-japao-na-expo-osaka-2025-nikken-sekkei\/67f293e02936700188d6c8d2-osaka-expo-2025-japan-pavilion-nikken-sekkei-image\" title=\"Corredor externo. Imagem cortesia do Minist\u00e9rio da Economia, Com\u00e9rcio e Ind\u00fastria.\" width=\"125\"\/><\/a><a class=\"thumbs__link\" data-nr-picture-id=\"67f2941d2936700188d6c8da\" href=\"https:\/\/www.archdaily.com.br\/br\/1028869\/pavilhao-do-japao-na-expo-osaka-2025-nikken-sekkei\/67f2941d2936700188d6c8da-osaka-expo-2025-japan-pavilion-nikken-sekkei-image\" rel=\"attachment nofollow noopener\" target=\"_blank\"><img loading=\"lazy\" decoding=\"async\" alt=\"Pavilh\u00e3o do Jap\u00e3o na Expo Osaka 2025 \/ Nikken Sekkei - Imagem 3 de 28\" class=\"thumbs__img b-lazy\" data-nr-picture-id=\"67f2941d2936700188d6c8da\" data-pin-nopin=\"true\" src=\"https:\/\/www.europesays.com\/pt\/wp-content\/uploads\/2025\/08\/osaka-expo-2025-japan-pavillon-nikken-sekkei_12.jpg\" height=\"125\" longdesc=\"https:\/\/www.archdaily.com.br\/br\/1028869\/pavilhao-do-japao-na-expo-osaka-2025-nikken-sekkei\/67f2941d2936700188d6c8da-osaka-expo-2025-japan-pavilion-nikken-sekkei-image\" title=\"\u00c1rea de exposi\u00e7\u00e3o B2-5. Imagem cortesia do Minist\u00e9rio da Economia, Com\u00e9rcio e Ind\u00fastria.\" width=\"125\"\/><\/a><a class=\"thumbs__link\" data-nr-picture-id=\"67f293d22936700188d6c8d1\" href=\"https:\/\/www.archdaily.com.br\/br\/1028869\/pavilhao-do-japao-na-expo-osaka-2025-nikken-sekkei\/67f293d22936700188d6c8d1-osaka-expo-2025-japan-pavilion-nikken-sekkei-image\" rel=\"attachment nofollow noopener\" target=\"_blank\"><img loading=\"lazy\" decoding=\"async\" alt=\"Pavilh\u00e3o do Jap\u00e3o na Expo Osaka 2025 \/ Nikken Sekkei - Imagem 4 de 28\" class=\"thumbs__img b-lazy\" data-nr-picture-id=\"67f293d22936700188d6c8d1\" data-pin-nopin=\"true\" src=\"https:\/\/www.europesays.com\/pt\/wp-content\/uploads\/2025\/08\/osaka-expo-2025-japan-pavillon-nikken-sekkei_5.jpg\" height=\"125\" longdesc=\"https:\/\/www.archdaily.com.br\/br\/1028869\/pavilhao-do-japao-na-expo-osaka-2025-nikken-sekkei\/67f293d22936700188d6c8d1-osaka-expo-2025-japan-pavilion-nikken-sekkei-image\" title=\"\u00c1rea de exposi\u00e7\u00e3o B2-2. Imagem cortesia do Minist\u00e9rio da Economia, Com\u00e9rcio e Ind\u00fastria.\" width=\"125\"\/><\/a><a class=\"thumbs__link\" data-nr-picture-id=\"67f294102936700188d6c8d8\" href=\"https:\/\/www.archdaily.com.br\/br\/1028869\/pavilhao-do-japao-na-expo-osaka-2025-nikken-sekkei\/67f294102936700188d6c8d8-osaka-expo-2025-japan-pavilion-nikken-sekkei-image\" rel=\"attachment nofollow noopener\" target=\"_blank\"><img loading=\"lazy\" decoding=\"async\" alt=\"Pavilh\u00e3o do Jap\u00e3o na Expo Osaka 2025 \/ Nikken Sekkei - Fotografia de Exterior\" class=\"thumbs__img b-lazy\" data-nr-picture-id=\"67f294102936700188d6c8d8\" data-pin-nopin=\"true\" src=\"https:\/\/www.europesays.com\/pt\/wp-content\/uploads\/2025\/08\/osaka-expo-2025-japan-pavillon-nikken-sekkei_9.jpg\" height=\"125\" longdesc=\"https:\/\/www.archdaily.com.br\/br\/1028869\/pavilhao-do-japao-na-expo-osaka-2025-nikken-sekkei\/67f294102936700188d6c8d8-osaka-expo-2025-japan-pavilion-nikken-sekkei-image\" title=\"Topo da CLT. Imagem cortesia do Minist\u00e9rio da Economia, Com\u00e9rcio e Ind\u00fastria.\" width=\"125\"\/><\/a><a class=\"gallery-link afd-desktop-e\" href=\"https:\/\/www.archdaily.com.br\/br\/1028869\/pavilhao-do-japao-na-expo-osaka-2025-nikken-sekkei\/67f293e22936700188d6c8d3-osaka-expo-2025-japan-pavilion-nikken-sekkei-image\" rel=\"nofollow noopener\" target=\"_blank\"><img decoding=\"async\" alt=\"Pavilh\u00e3o do Jap\u00e3o na Expo Osaka 2025 \/ Nikken Sekkei - Mais Imagens\" class=\"thumbs__img b-lazy\" src=\"https:\/\/www.europesays.com\/pt\/wp-content\/uploads\/2025\/08\/osaka-expo-2025-japan-pavillon-nikken-sekkei_13.jpg\" itemprop=\"image\" bad-src=\"data:image\/gif;base64,R0lGODlhAQABAIAAAAUEBAAAACwAAAAAAQABAAACAkQBADs=\"\/>+ 23<\/a><\/p>\n<p>    Compartilhar<\/p>\n<p>Compartilhar<\/p>\n<ul class=\"afd-share__networks clearfix\">\n<li class=\"afd-share__social\"><a aria-label=\"Facebook\" class=\"afd-share__button\" data-insights-category=\"share\" data-insights-label=\"facebook_sharing_options\" data-insights-value=\"1028869\" data-social=\"facebook\" href=\"https:\/\/www.facebook.com\/sharer\/sharer.php?u=https:\/\/www.archdaily.com.br\/br\/1028869\/pavilhao-do-japao-na-expo-osaka-2025-nikken-sekkei\" rel=\"nofollow noopener\" target=\"_blank\"><\/a>\n<p>Facebook<\/p>\n<\/li>\n<li class=\"afd-share__social\"><a aria-label=\"Twitter\" class=\"afd-share__button\" data-insights-category=\"share\" data-insights-label=\"twitter_sharing_options\" data-insights-value=\"1028869\" data-social=\"twitter\" href=\"https:\/\/twitter.com\/intent\/tweet?text=Pavilh%C3%A3o%20do%20Jap%C3%A3o%20na%20Expo%20Osaka%202025%20%2F%20Nikken%20Sekkei&amp;url=https:\/\/www.archdaily.com.br\/br\/1028869\/pavilhao-do-japao-na-expo-osaka-2025-nikken-sekkei&amp;via=archdailybr\" rel=\"nofollow noopener\" target=\"_blank\"><\/a>\n<p>Twitter<\/p>\n<\/li>\n<li class=\"afd-share__social\"><a class=\"afd-share__button\" data-insights-category=\"share\" data-insights-label=\"email_sharing_options\" data-insights-value=\"1028869\" data-social=\"email\" href=\"mailto:?subject=Pavilh\u00e3o do Jap\u00e3o na Expo Osaka 2025 \/ Nikken Sekkei&amp;body=https:\/\/www.archdaily.com.br\/br\/1028869\/pavilhao-do-japao-na-expo-osaka-2025-nikken-sekkei\"><\/a>\n<p>Mail<\/p>\n<\/li>\n<li class=\"afd-share__social\"><a aria-label=\"Pinterest\" class=\"afd-share__button\" data-insights-category=\"share\" data-insights-label=\"pinterest_sharing_options\" data-insights-value=\"1028869\" data-social=\"pinterest\" href=\"https:\/\/pinterest.com\/pin\/create\/button\/?url=https%3A%2F%2Fwww.archdaily.com.br%2Fbr%2F1028869%2Fpavilhao-do-japao-na-expo-osaka-2025-nikken-sekkei&amp;media=https%3A%2F%2Fimages.adsttc.com%2Fmedia%2Fimages%2F67f2%2F93e2%2F2936%2F7001%2F88d6%2Fc8d3%2Flarge_jpg%2Fosaka-expo-2025-japan-pavillon-nikken-sekkei_13.jpg%3F1743950834&amp;description=Pavilh%C3%A3o%20do%20Jap%C3%A3o%20na%20Expo%20Osaka%202025%20%2F%20Nikken%20Sekkei\" rel=\"nofollow noopener\" target=\"_blank\"><\/a>\n<p>Pinterest<\/p>\n<\/li>\n<li class=\"afd-share__social\"><a aria-label=\"Whatsapp\" class=\"afd-share__button\" data-action=\"share\/whatsapp\/share\" data-insights-category=\"share\" data-insights-label=\"whatsapp_sharing_options\" data-insights-value=\"1028869\" data-social=\"whatsapp\" href=\"whatsapp:\/\/send?text=Pavilh%C3%A3o+do+Jap%C3%A3o+na+Expo+Osaka+2025+%2F+Nikken+Sekkei+%7C+https%3A%2F%2Fwww.archdaily.com.br%2Fbr%2F1028869%2Fpavilhao-do-japao-na-expo-osaka-2025-nikken-sekkei%3Futm_source%3DWhatsapp%26utm_medium%3DIM%26utm_campaign%3Dshare-button\" rel=\"nofollow\"><\/a>\n<p>Whatsapp<\/p>\n<\/li>\n<\/ul>\n<p>Ou<\/p>\n<p>https:\/\/www.archdaily.com.br\/br\/1028869\/pavilhao-do-japao-na-expo-osaka-2025-nikken-sekkei<\/p>\n<ul class=\"afd-char-list afd-specs__item-container js-char-list\">\n<li class=\"afd-specs__item\">\n<\/li>\n<li class=\"afd-specs__item\">\n  \u00c1rea<br \/>\n  \u00c1rea deste projeto de arquitetura<\/p>\n<p>\u00c1rea:\u00a0<br \/>\n        <a href=\"https:\/\/www.archdaily.com.br\/search\/br\/projects\/min_area\/8800\/max_area\/13200?ad_name=project-specs&amp;ad_medium=single\" rel=\"nofollow noopener\" target=\"_blank\">11000<\/a> m\u00b2<\/li>\n<li class=\"afd-specs__item\">\n<p>  Ano<br \/>\n  Ano de conclus\u00e3o deste projeto de arquitetura<\/p>\n<p>            Ano:\u00a0<\/p>\n<p>                    <a href=\"https:\/\/www.archdaily.com.br\/search\/br\/projects\/year\/2025?ad_name=project-specs&amp;ad_medium=single\" rel=\"nofollow noopener\" target=\"_blank\"><br \/>\n          2025<br \/>\n        <\/a><\/p>\n<\/li>\n<\/ul>\n<p><a class=\"js-image-size__link lazy-anchor\" href=\"https:\/\/www.archdaily.com.br\/br\/1028869\/pavilhao-do-japao-na-expo-osaka-2025-nikken-sekkei\/67f293ef2936700188d6c8d5-osaka-expo-2025-japan-pavilion-nikken-sekkei-image\" rel=\"nofollow noopener\" target=\"_blank\"><img decoding=\"async\" alt=\"Pavilh\u00e3o do Jap\u00e3o na Expo Osaka 2025 \/ Nikken Sekkei - Fotografia de Exterior\" data-nr-picture-id=\"67f293ef2936700188d6c8d5\" height=\"427\" itemprop=\"image\" loading=\"lazy\" longdesc=\"https:\/\/www.archdaily.com.br\/br\/1028869\/pavilhao-do-japao-na-expo-osaka-2025-nikken-sekkei\/67f293ef2936700188d6c8d5-osaka-expo-2025-japan-pavilion-nikken-sekkei-image\" src=\"https:\/\/www.europesays.com\/pt\/wp-content\/uploads\/2025\/08\/osaka-expo-2025-japan-pavillon-nikken-sekkei_7.jpg\" width=\"640\"\/>Exterior do lado sudoeste. Imagem cortesia do Minist\u00e9rio da Economia, Com\u00e9rcio e Ind\u00fastria.<\/a><\/p>\n<p>O Pavilh\u00e3o do Jap\u00e3o na <a href=\"https:\/\/www.archdaily.com.br\/br\/tag\/expo-2025-osaka\" rel=\"nofollow noopener\" target=\"_blank\">Expo 2025 Osaka<\/a>, Kansai, serve como o pavilh\u00e3o oficial do governo japon\u00eas. Projetada em resposta ao conceito da exposi\u00e7\u00e3o &#8220;Between Lives&#8221; (Entre Vidas), a arquitetura incorpora temas como &#8220;o revezamento da vida&#8221; e &#8220;o ciclo da vida&#8221; atrav\u00e9s de uma disposi\u00e7\u00e3o repetitiva e escalonada de pain\u00e9is de madeira laminada cruzada (CLT) em uma forma\u00e7\u00e3o circular conc\u00eantrica.<\/p>\n<p><a class=\"js-image-size__link lazy-anchor\" href=\"https:\/\/www.archdaily.com.br\/br\/1028869\/pavilhao-do-japao-na-expo-osaka-2025-nikken-sekkei\/67f2a79e2936700188d6c8e6-osaka-expo-2025-japan-pavilion-nikken-sekkei-image\" rel=\"nofollow noopener\" target=\"_blank\"><img decoding=\"async\" alt=\"Pavilh\u00e3o do Jap\u00e3o na Expo Osaka 2025 \/ Nikken Sekkei - Imagem 16 de 28\" data-nr-picture-id=\"67f2a79e2936700188d6c8e6\" height=\"427\" itemprop=\"image\" loading=\"lazy\" longdesc=\"https:\/\/www.archdaily.com.br\/br\/1028869\/pavilhao-do-japao-na-expo-osaka-2025-nikken-sekkei\/67f2a79e2936700188d6c8e6-osaka-expo-2025-japan-pavilion-nikken-sekkei-image\" src=\"https:\/\/www.europesays.com\/pt\/wp-content\/uploads\/2025\/08\/01-exterior-image-daytime-ministry-of-economy-trade-and-industry-16.jpg\" width=\"640\"\/>Imagem externa (diurna). Cortesia do Minist\u00e9rio da Economia, Com\u00e9rcio e Ind\u00fastria.<\/a><\/p>\n<p>Um Pavilh\u00e3o Como uma Floresta \u2013 O uso da madeira simboliza o ciclo da vida e a economia circular. Entre as v\u00e1rias tecnologias de madeira, a CLT oferece um sistema inovador que aumenta o potencial de utiliza\u00e7\u00e3o do material, transformando toras de pequeno di\u00e2metro em l\u00e2minas finas, que s\u00e3o empilhadas para criar grandes pain\u00e9is. Al\u00e9m disso, uma parte dos pain\u00e9is de CLT utilizados neste pavilh\u00e3o ser\u00e1 desmontada e devolvida ao seu credor, a Associa\u00e7\u00e3o Japonesa de Madeira Laminada Cruzada, ap\u00f3s a exposi\u00e7\u00e3o, onde eles ser\u00e3o reaproveitados e utilizados em projetos arquitet\u00f4nicos subsequentes. Essa caracter\u00edstica regenerativa da arquitetura serve como um testemunho de seu alinhamento com o tema abrangente do pavilh\u00e3o, que \u00e9 &#8220;ciclo&#8221;. As lacunas entre os pain\u00e9is de CLT facilitam a permeabilidade visual, estabelecendo assim uma conex\u00e3o fluida entre os ambientes externos e internos, bem como entre a exposi\u00e7\u00e3o e a arquitetura. Essa intera\u00e7\u00e3o introduz uma camada adicional de &#8220;entre-lugar&#8221;, expandindo a no\u00e7\u00e3o de ciclo.<\/p>\n<p><a class=\"js-image-size__link lazy-anchor\" href=\"https:\/\/www.archdaily.com.br\/br\/1028869\/pavilhao-do-japao-na-expo-osaka-2025-nikken-sekkei\/67f2a7942936700188d6c8e4-osaka-expo-2025-japan-pavilion-nikken-sekkei-image\" rel=\"nofollow noopener\" target=\"_blank\"><img decoding=\"async\" alt=\"Pavilh\u00e3o do Jap\u00e3o na Expo Osaka 2025 \/ Nikken Sekkei - Imagem 21 de 28\" data-nr-picture-id=\"67f2a7942936700188d6c8e4\" height=\"427\" itemprop=\"image\" loading=\"lazy\" longdesc=\"https:\/\/www.archdaily.com.br\/br\/1028869\/pavilhao-do-japao-na-expo-osaka-2025-nikken-sekkei\/67f2a7942936700188d6c8e4-osaka-expo-2025-japan-pavilion-nikken-sekkei-image\" src=\"https:\/\/www.europesays.com\/pt\/wp-content\/uploads\/2025\/08\/concept-image-22.jpg\" width=\"640\"\/>Imagem conceitual. Cortesia do Minist\u00e9rio da Economia, Com\u00e9rcio e Ind\u00fastria.<\/a><\/p>\n<p>Uma Estrutura de Madeira que Pode Sustentar os Elementos: Sistema Externo Revestido de CLT \u2013 A constru\u00e7\u00e3o circular do edif\u00edcio \u00e9 alcan\u00e7ada atrav\u00e9s da disposi\u00e7\u00e3o radial dos pain\u00e9is de CLT medindo at\u00e9 3m \u00d7 12m em uma forma\u00e7\u00e3o escalonada ao longo da circunfer\u00eancia. A forma circular \u00e9, portanto, realizada com pain\u00e9is retangulares. Pain\u00e9is de CLT de tamanho m\u00e1ximo s\u00e3o utilizados, mantendo uma posi\u00e7\u00e3o vertical com uma configura\u00e7\u00e3o simples. Uma estrutura de a\u00e7o \u00e9 empregada e intercalada por dois pain\u00e9is de CLT, expressando e destacando a CLT como o elemento arquitet\u00f4nico chave tanto interna quanto externamente.<\/p>\n<p><a class=\"js-image-size__link lazy-anchor\" href=\"https:\/\/www.archdaily.com.br\/br\/1028869\/pavilhao-do-japao-na-expo-osaka-2025-nikken-sekkei\/67f293372936700188d6c8ca-osaka-expo-2025-japan-pavilion-nikken-sekkei-image\" rel=\"nofollow noopener\" target=\"_blank\"><img decoding=\"async\" alt=\"Pavilh\u00e3o do Jap\u00e3o na Expo Osaka 2025 \/ Nikken Sekkei - Imagem 24 de 28\" data-nr-picture-id=\"67f293372936700188d6c8ca\" height=\"427\" itemprop=\"image\" loading=\"lazy\" longdesc=\"https:\/\/www.archdaily.com.br\/br\/1028869\/pavilhao-do-japao-na-expo-osaka-2025-nikken-sekkei\/67f293372936700188d6c8ca-osaka-expo-2025-japan-pavilion-nikken-sekkei-image\" src=\"https:\/\/www.europesays.com\/pt\/wp-content\/uploads\/2025\/08\/clt-fig-5.jpg\" width=\"640\"\/>Unidades CLT dispostas ao longo do per\u00edmetro do edif\u00edcio. Imagem cortesia do Minist\u00e9rio da Economia, Com\u00e9rcio e Ind\u00fastria.<\/a><\/p>\n<p>Uma Abordagem Reutiliz\u00e1vel para CLT \u2013 Os pain\u00e9is de CLT utilizados neste projeto s\u00e3o projetados para serem desmontados, devolvidos ao seu credor e reaproveitados ap\u00f3s a exposi\u00e7\u00e3o. Para facilitar a reutiliza\u00e7\u00e3o dos pain\u00e9is, eles foram projetados para minimizar fendas, roteamentos e aberturas. Nenhum adesivo foi utilizado, garantindo facilidade de desmontagem e remontagem. Em vez disso, um m\u00e9todo de jun\u00e7\u00e3o \u00e0 seco assegura que os pain\u00e9is de CLT estejam fixados \u00e0 estrutura de a\u00e7o. Parafusos estruturais e parafusos ocultos foram empregados para garantir juntas precisas e sem folgas, mesmo em \u00e1reas fechadas. Testes estruturais foram realizados para verificar a resist\u00eancia e rigidez das juntas, bem como para avaliar a facilidade de constru\u00e7\u00e3o e desmontagem usando maquetes de teste. Os pain\u00e9is de CLT s\u00e3o configurados com 3 camadas para o interior e 4 camadas para o exterior, adicionando uma extra para prote\u00e7\u00e3o. Fendas s\u00e3o criadas na camada de prote\u00e7\u00e3o para permitir a inser\u00e7\u00e3o direta do vidro, criando uma fachada simples, mas expressiva, que destaca a presen\u00e7a dos pain\u00e9is de CLT. No total, aproximadamente 1.600 metros c\u00fabicos de CLT s\u00e3o utilizados.<\/p>\n<p><a class=\"js-image-size__link lazy-anchor\" href=\"https:\/\/www.archdaily.com.br\/br\/1028869\/pavilhao-do-japao-na-expo-osaka-2025-nikken-sekkei\/67f293962936700188d6c8ce-osaka-expo-2025-japan-pavilion-nikken-sekkei-image\" rel=\"nofollow noopener\" target=\"_blank\"><img decoding=\"async\" alt=\"Pavilh\u00e3o do Jap\u00e3o na Expo Osaka 2025 \/ Nikken Sekkei - Imagem 7 de 28\" data-nr-picture-id=\"67f293962936700188d6c8ce\" height=\"427\" itemprop=\"image\" loading=\"lazy\" longdesc=\"https:\/\/www.archdaily.com.br\/br\/1028869\/pavilhao-do-japao-na-expo-osaka-2025-nikken-sekkei\/67f293962936700188d6c8ce-osaka-expo-2025-japan-pavilion-nikken-sekkei-image\" src=\"https:\/\/www.europesays.com\/pt\/wp-content\/uploads\/2025\/08\/osaka-expo-2025-japan-pavillon-nikken-sekkei_3.jpg\" width=\"640\"\/>Vista do exterior conclu\u00eddo. Imagem cortesia do Minist\u00e9rio da Economia, Com\u00e9rcio e Ind\u00fastria.<\/a><\/p>\n<p>Um Sistema Estrutural Circular \u2013 Para criar tanto um espa\u00e7o de exposi\u00e7\u00e3o altamente flex\u00edvel quanto uma estrutura que destaca a express\u00e3o arquitet\u00f4nica da CLT, o pavilh\u00e3o emprega a\u00e7o para seu sistema estrutural central. Componentes de CLT expostos servem como elementos de resist\u00eancia s\u00edsmica, apresentando uma composi\u00e7\u00e3o claramente definida. A estrutura consiste em molduras estruturais de a\u00e7o espa\u00e7adas uniformemente dispostas radialmente usando se\u00e7\u00f5es de a\u00e7o pequenas e m\u00e9dias. Na dire\u00e7\u00e3o circunferencial, cada moldura \u00e9 conectada apenas por vigas secund\u00e1rias, criando um sistema simples, mas racional que molda a planta circular. Para uma estabilidade s\u00edsmica bem equilibrada, paredes estruturais de CLT s\u00e3o estrategicamente posicionadas ao longo dos an\u00e9is externo, m\u00e9dio e interno. Essas paredes s\u00e3o meticulosamente organizadas em uma forma\u00e7\u00e3o escalonada, alternando sua orienta\u00e7\u00e3o em cada zona conc\u00eantrica. Essa configura\u00e7\u00e3o aborda um desafio estrutural \u00fanico, onde descontinuidades nas placas de piso (elementos de superf\u00edcie estrutural horizontal) ocorrem devido ao layout da exposi\u00e7\u00e3o. Ao mesmo tempo, garante rigidez torsional adequada em cada zona da planta circular. Essas paredes estruturais de CLT cumprem v\u00e1rias fun\u00e7\u00f5es: 1) delinear as divis\u00f5es espaciais dentro do espa\u00e7o de exposi\u00e7\u00e3o, 2) formar tanto as paredes internas quanto externas do edif\u00edcio e 3) funcionar como elementos resistentes a terremotos. O objetivo de integrar o design da exposi\u00e7\u00e3o, o design arquitet\u00f4nico e o desempenho estrutural em um sistema unificado foi alcan\u00e7ado.<\/p>\n<p><a class=\"js-image-size__link lazy-anchor\" href=\"https:\/\/www.archdaily.com.br\/br\/1028869\/pavilhao-do-japao-na-expo-osaka-2025-nikken-sekkei\/67f2a7722936700188d6c8e0-osaka-expo-2025-japan-pavilion-nikken-sekkei-image\" rel=\"nofollow noopener\" target=\"_blank\"><img decoding=\"async\" alt=\"Pavilh\u00e3o do Jap\u00e3o na Expo Osaka 2025 \/ Nikken Sekkei - Imagem 19 de 28\" data-nr-picture-id=\"67f2a7722936700188d6c8e0\" height=\"427\" itemprop=\"image\" loading=\"lazy\" longdesc=\"https:\/\/www.archdaily.com.br\/br\/1028869\/pavilhao-do-japao-na-expo-osaka-2025-nikken-sekkei\/67f2a7722936700188d6c8e0-osaka-expo-2025-japan-pavilion-nikken-sekkei-image\" src=\"https:\/\/www.europesays.com\/pt\/wp-content\/uploads\/2025\/08\/06-steel-structure-plus-clt-structural-walls-17.jpg\" width=\"640\"\/>Renderiza\u00e7\u00e3o de estrutura de a\u00e7o + paredes estruturais de CLT. Imagem cortesia do Minist\u00e9rio da Economia, Com\u00e9rcio e Ind\u00fastria.<\/a><\/p>\n<p>Detalhamento Feito para Parecer Simples: Parede Cortina Estrutural de CLT com Envidra\u00e7amento Direto \u2013 Esta cortina de vidro (GCW &#8211; Glass-Composite Wall) incorpora duas inova\u00e7\u00f5es estruturais chave. A primeira inova\u00e7\u00e3o diz respeito \u00e0 acomoda\u00e7\u00e3o de deforma\u00e7\u00e3o do vidro causada pela press\u00e3o do vento sobre o painel de CLT. A unidade da parede que serve como estrutura de vidro, neste caso, possui uma deforma\u00e7\u00e3o um tanto complexa, e ao desenhar e verificar precisamente como o vidro desliza e balan\u00e7a, foi confirmado que o rastreamento de deforma\u00e7\u00f5es \u00e9 poss\u00edvel. Al\u00e9m disso, como a CLT naturalmente sofre deforma\u00e7\u00e3o e encolhimento devido \u00e0 sua propriedade material, uma an\u00e1lise por m\u00e9todo dos elementos finitos (FEM) foi realizada para avaliar as concentra\u00e7\u00f5es de estresse do vidro onde est\u00e1 em contato com o painel de CLT. A segunda inova\u00e7\u00e3o \u00e9 o envidra\u00e7amento direto nas unidades de CLT sem qualquer estrutura met\u00e1lica. Dada a falta de precedentes em rela\u00e7\u00e3o \u00e0 compatibilidade entre selante e madeira, testes de ades\u00e3o e resist\u00eancia \u00e0 contamina\u00e7\u00e3o foram realizados antecipadamente para confirmar a viabilidade. Esta GCW n\u00e3o apenas amplia as possibilidades de integra\u00e7\u00e3o entre madeira e vidro, como tamb\u00e9m prop\u00f5e uma solu\u00e7\u00e3o eficiente para a escolha do material exterior ideal em estruturas tempor\u00e1rias. Ao simplificar o sistema construtivo, contribui para a redu\u00e7\u00e3o de componentes e custos.<\/p>\n<p><a class=\"js-image-size__link lazy-anchor\" href=\"https:\/\/www.archdaily.com.br\/br\/1028869\/pavilhao-do-japao-na-expo-osaka-2025-nikken-sekkei\/67f61086943a92017d03b257-osaka-expo-2025-japan-pavilion-nikken-sekkei-image\" rel=\"nofollow noopener\" target=\"_blank\"><img decoding=\"async\" alt=\"Pavilh\u00e3o do Jap\u00e3o na Expo Osaka 2025 \/ Nikken Sekkei - Imagem 28 de 28\" data-nr-picture-id=\"67f61086943a92017d03b257\" height=\"427\" itemprop=\"image\" loading=\"lazy\" longdesc=\"https:\/\/www.archdaily.com.br\/br\/1028869\/pavilhao-do-japao-na-expo-osaka-2025-nikken-sekkei\/67f61086943a92017d03b257-osaka-expo-2025-japan-pavilion-nikken-sekkei-image\" src=\"https:\/\/www.europesays.com\/pt\/wp-content\/uploads\/2025\/08\/osaka-expo-2025-japan-pavilion-nikken-sekkei_28.jpg\" width=\"640\"\/>07_Parede cortina composta por unidades de CLT. Imagem cortesia do Minist\u00e9rio da Economia, Com\u00e9rcio e Ind\u00fastria<\/a><a class=\"js-image-size__link lazy-anchor\" href=\"https:\/\/www.archdaily.com.br\/br\/1028869\/pavilhao-do-japao-na-expo-osaka-2025-nikken-sekkei\/67f294102936700188d6c8d8-osaka-expo-2025-japan-pavilion-nikken-sekkei-image\" rel=\"nofollow noopener\" target=\"_blank\"><img decoding=\"async\" alt=\"Pavilh\u00e3o do Jap\u00e3o na Expo Osaka 2025 \/ Nikken Sekkei - Fotografia de Exterior\" data-nr-picture-id=\"67f294102936700188d6c8d8\" height=\"427\" itemprop=\"image\" loading=\"lazy\" longdesc=\"https:\/\/www.archdaily.com.br\/br\/1028869\/pavilhao-do-japao-na-expo-osaka-2025-nikken-sekkei\/67f294102936700188d6c8d8-osaka-expo-2025-japan-pavilion-nikken-sekkei-image\" src=\"https:\/\/www.europesays.com\/pt\/wp-content\/uploads\/2025\/08\/1754675725_6_osaka-expo-2025-japan-pavillon-nikken-sekkei_9.jpg\" width=\"640\"\/>Topo da CLT. Imagem cortesia do Minist\u00e9rio da Economia, Com\u00e9rcio e Ind\u00fastria.<\/a><a class=\"js-image-size__link lazy-anchor\" href=\"https:\/\/www.archdaily.com.br\/br\/1028869\/pavilhao-do-japao-na-expo-osaka-2025-nikken-sekkei\/67f293e82936700188d6c8d4-osaka-expo-2025-japan-pavilion-nikken-sekkei-image\" rel=\"nofollow noopener\" target=\"_blank\"><img decoding=\"async\" alt=\"Pavilh\u00e3o do Jap\u00e3o na Expo Osaka 2025 \/ Nikken Sekkei - Imagem 13 de 28\" data-nr-picture-id=\"67f293e82936700188d6c8d4\" height=\"427\" itemprop=\"image\" loading=\"lazy\" longdesc=\"https:\/\/www.archdaily.com.br\/br\/1028869\/pavilhao-do-japao-na-expo-osaka-2025-nikken-sekkei\/67f293e82936700188d6c8d4-osaka-expo-2025-japan-pavilion-nikken-sekkei-image\" src=\"https:\/\/www.europesays.com\/pt\/wp-content\/uploads\/2025\/08\/osaka-expo-2025-japan-pavillon-nikken-sekkei_14.jpg\" width=\"640\"\/>Vista dos pain\u00e9is CLT configurados. Imagem cortesia do Minist\u00e9rio da Economia, Com\u00e9rcio e Ind\u00fastria.<\/a><\/p>\n<p>A Integra\u00e7\u00e3o entre Exposi\u00e7\u00e3o e Arquitetura \u2013 Em exposi\u00e7\u00f5es anteriores, os pavilh\u00f5es eram frequentemente projetados como cubos brancos independentes, com pouca ou nenhuma integra\u00e7\u00e3o entre a exposi\u00e7\u00e3o e o design arquitet\u00f4nico. Este projeto, no entanto, buscou uma integra\u00e7\u00e3o entre o planejamento da exposi\u00e7\u00e3o e o projeto arquitet\u00f4nico, desenvolvendo ambos em paralelo. Para complementar o conte\u00fado da exposi\u00e7\u00e3o, o pavilh\u00e3o cria uma variedade de &#8220;ambientes de exposi\u00e7\u00e3o&#8221;: incluindo um \u00e1trio brilhante e aberto que permite a filtragem da luz natural atrav\u00e9s do telhado de membrana, um espa\u00e7o suavemente iluminado com claraboias que acentuam a textura das superf\u00edcies de CLT, uma sala escurecida com um teto baixo que incentiva os visitantes a se concentrarem nas exibi\u00e7\u00f5es e um espa\u00e7o ao ar livre ic\u00f4nico centrado em um elemento de \u00e1gua. A provis\u00e3o de ambientes de exposi\u00e7\u00e3o diversos\u2014incluindo internos e externos, luz e sombra, e espacialmente grandes e pequenos\u2014convida os visitantes a experienciar a narrativa da exposi\u00e7\u00e3o com todos os seus cinco sentidos. Para garantir essa integra\u00e7\u00e3o, a equipe de arquitetos foi encarregada da coordena\u00e7\u00e3o do planejamento da exposi\u00e7\u00e3o, liderando todo o projeto do Pavilh\u00e3o do Jap\u00e3o. Durante a fase de detalhamento, um processo totalmente integrado por BIM possibilitou comunica\u00e7\u00e3o visual em tempo real n\u00e3o apenas entre arquitetos, mas tamb\u00e9m com os designers de exposi\u00e7\u00e3o, equipes de constru\u00e7\u00e3o e outras partes interessadas, agilizando todo o processo.<\/p>\n<p><a class=\"js-image-size__link lazy-anchor\" href=\"https:\/\/www.archdaily.com.br\/br\/1028869\/pavilhao-do-japao-na-expo-osaka-2025-nikken-sekkei\/67f2941d2936700188d6c8da-osaka-expo-2025-japan-pavilion-nikken-sekkei-image\" rel=\"nofollow noopener\" target=\"_blank\"><img decoding=\"async\" alt=\"Pavilh\u00e3o do Jap\u00e3o na Expo Osaka 2025 \/ Nikken Sekkei - Imagem 3 de 28\" data-nr-picture-id=\"67f2941d2936700188d6c8da\" height=\"427\" itemprop=\"image\" loading=\"lazy\" longdesc=\"https:\/\/www.archdaily.com.br\/br\/1028869\/pavilhao-do-japao-na-expo-osaka-2025-nikken-sekkei\/67f2941d2936700188d6c8da-osaka-expo-2025-japan-pavilion-nikken-sekkei-image\" src=\"https:\/\/www.europesays.com\/pt\/wp-content\/uploads\/2025\/08\/1754675726_390_osaka-expo-2025-japan-pavillon-nikken-sekkei_12.jpg\" width=\"640\"\/>\u00c1rea de exposi\u00e7\u00e3o B2-5. Imagem cortesia do Minist\u00e9rio da Economia, Com\u00e9rcio e Ind\u00fastria.<\/a><a class=\"js-image-size__link lazy-anchor\" href=\"https:\/\/www.archdaily.com.br\/br\/1028869\/pavilhao-do-japao-na-expo-osaka-2025-nikken-sekkei\/67f293d22936700188d6c8d1-osaka-expo-2025-japan-pavilion-nikken-sekkei-image\" rel=\"nofollow noopener\" target=\"_blank\"><img decoding=\"async\" alt=\"Pavilh\u00e3o do Jap\u00e3o na Expo Osaka 2025 \/ Nikken Sekkei - Imagem 4 de 28\" data-nr-picture-id=\"67f293d22936700188d6c8d1\" height=\"427\" itemprop=\"image\" loading=\"lazy\" longdesc=\"https:\/\/www.archdaily.com.br\/br\/1028869\/pavilhao-do-japao-na-expo-osaka-2025-nikken-sekkei\/67f293d22936700188d6c8d1-osaka-expo-2025-japan-pavilion-nikken-sekkei-image\" src=\"https:\/\/www.europesays.com\/pt\/wp-content\/uploads\/2025\/08\/1754675726_621_osaka-expo-2025-japan-pavillon-nikken-sekkei_5.jpg\" width=\"640\"\/>\u00c1rea de exposi\u00e7\u00e3o B2-2. Imagem cortesia do Minist\u00e9rio da Economia, Com\u00e9rcio e Ind\u00fastria.<\/a><a class=\"js-image-size__link lazy-anchor\" href=\"https:\/\/www.archdaily.com.br\/br\/1028869\/pavilhao-do-japao-na-expo-osaka-2025-nikken-sekkei\/67f293e2bb96c901895452c0-osaka-expo-2025-japan-pavilion-nikken-sekkei-image\" rel=\"nofollow noopener\" target=\"_blank\"><img decoding=\"async\" alt=\"Pavilh\u00e3o do Jap\u00e3o na Expo Osaka 2025 \/ Nikken Sekkei - Imagem 11 de 28\" data-nr-picture-id=\"67f293e2bb96c901895452c0\" height=\"427\" itemprop=\"image\" loading=\"lazy\" longdesc=\"https:\/\/www.archdaily.com.br\/br\/1028869\/pavilhao-do-japao-na-expo-osaka-2025-nikken-sekkei\/67f293e2bb96c901895452c0-osaka-expo-2025-japan-pavilion-nikken-sekkei-image\" src=\"https:\/\/www.europesays.com\/pt\/wp-content\/uploads\/2025\/08\/osaka-expo-2025-japan-pavillon-nikken-sekkei_10.jpg\" width=\"640\"\/>\u00c1rea de exposi\u00e7\u00e3o A3. Imagem cortesia do Minist\u00e9rio da Economia, Com\u00e9rcio e Ind\u00fastria<\/a><\/p>\n<p>Um Pavilh\u00e3o Que &#8220;Come Lixo&#8221; \u2013 Como uma express\u00e3o simb\u00f3lica do tema &#8220;o Ciclo da Vida&#8221;, o pavilh\u00e3o \u00e9 equipado com uma planta de biog\u00e1s. Res\u00edduos alimentares coletados do terreno da Expo s\u00e3o decompostos por fermenta\u00e7\u00e3o microbiana, gerando biog\u00e1s que \u00e9 convertido em eletricidade para o pavilh\u00e3o. Os espa\u00e7os de exposi\u00e7\u00e3o est\u00e3o localizados no segundo andar, enquanto o primeiro andar abriga a planta e \u00e1reas de apoio. Essa disposi\u00e7\u00e3o seccionada garante uma clara delimita\u00e7\u00e3o de fun\u00e7\u00f5es, enquanto permite que os visitantes observem a instala\u00e7\u00e3o de biog\u00e1s em opera\u00e7\u00e3o atrav\u00e9s de um \u00e1trio aberto, integrando assim a planta de biog\u00e1s na experi\u00eancia da exposi\u00e7\u00e3o.<\/p>\n<p><a class=\"js-image-size__link lazy-anchor\" href=\"https:\/\/www.archdaily.com.br\/br\/1028869\/pavilhao-do-japao-na-expo-osaka-2025-nikken-sekkei\/67f2a77d2936700188d6c8e1-osaka-expo-2025-japan-pavilion-nikken-sekkei-image\" rel=\"nofollow noopener\" target=\"_blank\"><img decoding=\"async\" alt=\"Pavilh\u00e3o do Jap\u00e3o na Expo Osaka 2025 \/ Nikken Sekkei - Imagem 25 de 28\" data-nr-picture-id=\"67f2a77d2936700188d6c8e1\" height=\"427\" itemprop=\"image\" loading=\"lazy\" longdesc=\"https:\/\/www.archdaily.com.br\/br\/1028869\/pavilhao-do-japao-na-expo-osaka-2025-nikken-sekkei\/67f2a77d2936700188d6c8e1-osaka-expo-2025-japan-pavilion-nikken-sekkei-image\" src=\"https:\/\/www.europesays.com\/pt\/wp-content\/uploads\/2025\/08\/08-biogas-plant-implemented-in-the-japan-pavilion-ministry-of-economy-trade-and-industry-18.jpg\" width=\"640\"\/>Renderiza\u00e7\u00e3o da usina de biog\u00e1s implementada no Pavilh\u00e3o do Jap\u00e3o. Imagem cortesia do Minist\u00e9rio da Economia, Com\u00e9rcio e Ind\u00fastria.<\/a><\/p>\n<p>Um Espa\u00e7o de Exposi\u00e7\u00e3o Din\u00e2mico para uma Experi\u00eancia Compartilhada \u2013 Um corredor externo suavemente inclinado circunda a exposi\u00e7\u00e3o do segundo andar, garantindo que indiv\u00edduos com defici\u00eancia tenham acesso e rota sem barreiras. Essa abordagem de design universal assegura participa\u00e7\u00e3o igual e experi\u00eancias compartilhadas para todos. O corredor externo funciona como uma rota de acesso para tr\u00eas \u00e1reas de exposi\u00e7\u00e3o e como uma rota de emerg\u00eancia, projetada para a evacua\u00e7\u00e3o com seguran\u00e7a das pessoas com defici\u00eancia. Para melhorar a acessibilidade do pavilh\u00e3o, oficinas foram realizadas com especialistas de diversas \u00e1reas, e seu feedback foi incorporado ao planejamento, incluindo considera\u00e7\u00f5es como gradientes de inclina\u00e7\u00e3o, texturas de materiais e contrastes de cores.<\/p>\n<p><a class=\"js-image-size__link lazy-anchor\" href=\"https:\/\/www.archdaily.com.br\/br\/1028869\/pavilhao-do-japao-na-expo-osaka-2025-nikken-sekkei\/67f293cd2936700188d6c8d0-osaka-expo-2025-japan-pavilion-nikken-sekkei-image\" rel=\"nofollow noopener\" target=\"_blank\"><img decoding=\"async\" alt=\"Pavilh\u00e3o do Jap\u00e3o na Expo Osaka 2025 \/ Nikken Sekkei - Imagem 6 de 28\" data-nr-picture-id=\"67f293cd2936700188d6c8d0\" height=\"427\" itemprop=\"image\" loading=\"lazy\" longdesc=\"https:\/\/www.archdaily.com.br\/br\/1028869\/pavilhao-do-japao-na-expo-osaka-2025-nikken-sekkei\/67f293cd2936700188d6c8d0-osaka-expo-2025-japan-pavilion-nikken-sekkei-image\" src=\"https:\/\/www.europesays.com\/pt\/wp-content\/uploads\/2025\/08\/osaka-expo-2025-japan-pavillon-nikken-sekkei_8.jpg\" width=\"640\"\/>Corredor externo. Imagem cortesia do Minist\u00e9rio da Economia, Com\u00e9rcio e Ind\u00fastria.<\/a><\/p>\n<p>Um Corredor Externo Confort\u00e1vel Moldado por For\u00e7as Naturais \u2013 O corredor \u00e9 coberto por uma p\u00e9rgola, formando um espa\u00e7o protegido onde vislumbres das salas de exposi\u00e7\u00e3o internas e da paisagem circundante podem ser vistos atrav\u00e9s das lacunas entre os pain\u00e9is de madeira verticais. O desenho aberto permite que brisas marinhas penetrem no edif\u00edcio, criando um espa\u00e7o semelhante a um engawa que suavemente desfoca a fronteira entre o interior e o exterior. Dentro do espa\u00e7o de exposi\u00e7\u00e3o, a composi\u00e7\u00e3o espacial se assemelha a um terreno natural, com v\u00e1rios andares dispostos em m\u00faltiplos n\u00edveis. Uma s\u00e9rie de \u00e1trios e passarelas inclinadas cria uma experi\u00eancia din\u00e2mica e tridimensional, permitindo que os visitantes se envolvam com a exposi\u00e7\u00e3o desde uma variedade de pontos de vista.<\/p>\n<p><a class=\"js-image-size__link lazy-anchor\" href=\"https:\/\/www.archdaily.com.br\/br\/1028869\/pavilhao-do-japao-na-expo-osaka-2025-nikken-sekkei\/67f2a7902936700188d6c8e3-osaka-expo-2025-japan-pavilion-nikken-sekkei-image\" rel=\"nofollow noopener\" target=\"_blank\"><img decoding=\"async\" alt=\"Pavilh\u00e3o do Jap\u00e3o na Expo Osaka 2025 \/ Nikken Sekkei - Imagem 20 de 28\" data-nr-picture-id=\"67f2a7902936700188d6c8e3\" height=\"427\" itemprop=\"image\" loading=\"lazy\" longdesc=\"https:\/\/www.archdaily.com.br\/br\/1028869\/pavilhao-do-japao-na-expo-osaka-2025-nikken-sekkei\/67f2a7902936700188d6c8e3-osaka-expo-2025-japan-pavilion-nikken-sekkei-image\" src=\"https:\/\/www.europesays.com\/pt\/wp-content\/uploads\/2025\/08\/09-outdoor-corridor-image-ministry-of-economy-trade-and-industry-19.jpg\" width=\"640\"\/>Imagem do corredor externo. Cortesia do Minist\u00e9rio da Economia, Com\u00e9rcio e Ind\u00fastria.<\/a><\/p>\n<p>Desafios Baseados nas Limita\u00e7\u00f5es de Tempo de uma Estrutura Tempor\u00e1ria \u2013 O design do pavilh\u00e3o, dada sua natureza tempor\u00e1ria, exp\u00f5e os pain\u00e9is de CLT tanto no exterior quanto no interior, criando uma express\u00e3o arquitet\u00f4nica distinta. Abordando a integridade estrutural e medidas de resist\u00eancia \u00e0s intemp\u00e9ries, a configura\u00e7\u00e3o b\u00e1sica dos pain\u00e9is de CLT foi de 3 camadas para o painel interior e 4 camadas para o exterior. Para mitigar a baixa capacidade de carga do solo recuperado, os pisos dos espa\u00e7os de exposi\u00e7\u00e3o empregam um sistema composto seco, combinando compensado estrutural e piso corrugado com parafusos. Esse sistema melhora o conforto ao caminhar, enquanto permite a instala\u00e7\u00e3o do piso na fase inicial da constru\u00e7\u00e3o. Para facilitar a desmontagem ap\u00f3s a exposi\u00e7\u00e3o, as chapas do piso s\u00e3o fixadas \u00e0s vigas de a\u00e7o usando parafusos de rosca ou perfura\u00e7\u00e3o, eliminando a necessidade de soldagem e garantindo uma constru\u00e7\u00e3o totalmente seca. Testes em escala real foram realizados para verificar o conforto ao caminhar e o desempenho contra vibra\u00e7\u00f5es. Al\u00e9m disso, o sistema de piso foi projetado para integrar o design mec\u00e2nico do edif\u00edcio. Ar frio \u00e9 distribu\u00eddo atrav\u00e9s do espa\u00e7o entre o piso e o compensado, melhorando a efici\u00eancia do ar-condicionado. Este sistema de piso integrado \u00e9 adotado principalmente nas \u00e1reas de exposi\u00e7\u00e3o, cobrindo aproximadamente 70% da \u00e1rea total e reduzindo significativamente o uso de concreto.<\/p>\n<p><a class=\"js-image-size__link lazy-anchor\" href=\"https:\/\/www.archdaily.com.br\/br\/1028869\/pavilhao-do-japao-na-expo-osaka-2025-nikken-sekkei\/67f2933e2936700188d6c8cb-osaka-expo-2025-japan-pavilion-nikken-sekkei-image\" rel=\"nofollow noopener\" target=\"_blank\"><img decoding=\"async\" alt=\"Pavilh\u00e3o do Jap\u00e3o na Expo Osaka 2025 \/ Nikken Sekkei - Imagem 23 de 28\" data-nr-picture-id=\"67f2933e2936700188d6c8cb\" height=\"427\" itemprop=\"image\" loading=\"lazy\" longdesc=\"https:\/\/www.archdaily.com.br\/br\/1028869\/pavilhao-do-japao-na-expo-osaka-2025-nikken-sekkei\/67f2933e2936700188d6c8cb-osaka-expo-2025-japan-pavilion-nikken-sekkei-image\" src=\"https:\/\/www.europesays.com\/pt\/wp-content\/uploads\/2025\/08\/10-a-dry-construction-air-duct-utilizing-floor-decking-2.jpg\" width=\"640\"\/>Um duto de ar para constru\u00e7\u00e3o a seco utilizando piso de madeira. Imagem cortesia do Minist\u00e9rio da Economia, Com\u00e9rcio e Ind\u00fastria.<\/a><a class=\"js-image-size__link lazy-anchor\" href=\"https:\/\/www.archdaily.com.br\/br\/1028869\/pavilhao-do-japao-na-expo-osaka-2025-nikken-sekkei\/67f387e99e4026017e170952-osaka-expo-2025-japan-pavilion-nikken-sekkei-image\" rel=\"nofollow noopener\" target=\"_blank\"><img decoding=\"async\" alt=\"Pavilh\u00e3o do Jap\u00e3o na Expo Osaka 2025 \/ Nikken Sekkei - Imagem 27 de 28\" data-nr-picture-id=\"67f387e99e4026017e170952\" height=\"427\" itemprop=\"image\" loading=\"lazy\" longdesc=\"https:\/\/www.archdaily.com.br\/br\/1028869\/pavilhao-do-japao-na-expo-osaka-2025-nikken-sekkei\/67f387e99e4026017e170952-osaka-expo-2025-japan-pavilion-nikken-sekkei-image\" src=\"https:\/\/www.europesays.com\/pt\/wp-content\/uploads\/2025\/08\/11-detailed-section-a-meticulous-dry-construction-for-ease-of-disassembly-3-19.jpg\" width=\"640\"\/>Se\u00e7\u00e3o detalhada de uma constru\u00e7\u00e3o seca meticulosa para facilitar a desmontagem. Imagem cortesia do Minist\u00e9rio da Economia, Com\u00e9rcio e Ind\u00fastria.<\/a><\/p>\n<p>Uma Funda\u00e7\u00e3o Projetada para Lidar com Flexibilidade ao Afundamento do Solo \u2013 A localiza\u00e7\u00e3o em uma grande \u00e1rea de aterro exigiu a implementa\u00e7\u00e3o de medidas estruturais para abordar a consolida\u00e7\u00e3o da camada de terra subjacente. Para resolver esse problema, a funda\u00e7\u00e3o \u00e9 alargada (sistema de funda\u00e7\u00e3o flutuante), escavando aproximadamente 2,5 metros abaixo do n\u00edvel do solo para equilibrar o peso da remo\u00e7\u00e3o de solo com a carga do edif\u00edcio. Para mitigar o assentamento concentrado causado por cargas axiais desiguais nos pilares, um sistema de vigas em treli\u00e7a de a\u00e7o r\u00edgido foi introduzido. Esta estrutura de funda\u00e7\u00e3o distribui efetivamente as cargas axiais do pilares para o solo, garantindo estabilidade geral. Al\u00e9m disso, devido \u00e0s varia\u00e7\u00f5es topogr\u00e1ficas entre as por\u00e7\u00f5es leste e oeste do terreno, houve a preocupa\u00e7\u00e3o com poss\u00edveis diferen\u00e7as de profundidade. Para acomodar eventuais assentamentos diferenciais, a funda\u00e7\u00e3o foi projetada com espa\u00e7os para eleva\u00e7\u00e3o, permitindo ajustes de n\u00edvel durante a constru\u00e7\u00e3o, quando necess\u00e1rio. O processo construtivo avan\u00e7ou em paralelo com medi\u00e7\u00f5es, defini\u00e7\u00e3o de limites para ajustes de eleva\u00e7\u00e3o e an\u00e1lises de pr\u00e9-simula\u00e7\u00e3o.<\/p>\n<p><a class=\"js-image-size__link lazy-anchor\" href=\"https:\/\/www.archdaily.com.br\/br\/1028869\/pavilhao-do-japao-na-expo-osaka-2025-nikken-sekkei\/67f2a7682936700188d6c8df-osaka-expo-2025-japan-pavilion-nikken-sekkei-image\" rel=\"nofollow noopener\" target=\"_blank\"><img decoding=\"async\" alt=\"Pavilh\u00e3o do Jap\u00e3o na Expo Osaka 2025 \/ Nikken Sekkei - Imagem 14 de 28\" data-nr-picture-id=\"67f2a7682936700188d6c8df\" height=\"427\" itemprop=\"image\" loading=\"lazy\" longdesc=\"https:\/\/www.archdaily.com.br\/br\/1028869\/pavilhao-do-japao-na-expo-osaka-2025-nikken-sekkei\/67f2a7682936700188d6c8df-osaka-expo-2025-japan-pavilion-nikken-sekkei-image\" src=\"https:\/\/www.europesays.com\/pt\/wp-content\/uploads\/2025\/08\/osaka-expo-2025-japan-pavillon-nikken-sekkei_16.jpg\" width=\"640\"\/>Forma\u00e7\u00e3o conc\u00eantrica da estrutura de funda\u00e7\u00e3o em constru\u00e7\u00e3o (foto do local). Imagem cortesia do Minist\u00e9rio da Economia, Com\u00e9rcio e Ind\u00fastria.<\/a><\/p>\n<p>Um Pavilh\u00e3o que Exibe os Bastidores \u2013 O projeto arquitet\u00f4nico do pavilh\u00e3o reflete o tema da Expo 2025, &#8220;Designing Future Society for Our Lives&#8221; (Projetando a Sociedade do Futuro para as Nossas Vidas) , que incorpora a ideia de que tudo existe atrav\u00e9s de rela\u00e7\u00f5es interconectadas e \u00e9 sustentado por outros. Este conceito \u00e9 expresso na estrutura do edif\u00edcio, com a estrutura de a\u00e7o, os pain\u00e9is de CLT e o vidro formando um design mutuamente solid\u00e1rio. A estrutura de a\u00e7o sustenta os pain\u00e9is de CLT, enquanto os pain\u00e9is de CLT estabilizam a estrutura de a\u00e7o contra cargas horizontais. Os pain\u00e9is de CLT sustentam o vidro, enquanto o vidro mitiga a deforma\u00e7\u00e3o dos pain\u00e9is de CLT causada pela press\u00e3o do vento. Ao reduzir elementos decorativos tanto quanto poss\u00edvel, o projeto em si emerge dessa composi\u00e7\u00e3o estrutural interdependente. Ao mesmo tempo, elementos convencionalmente ocultos, que acomodam todas as utilidades que sustentam um edif\u00edcio, incluindo a planta, s\u00e3o visualmente expostos.<\/p>\n<p><a class=\"js-image-size__link lazy-anchor\" href=\"https:\/\/www.archdaily.com.br\/br\/1028869\/pavilhao-do-japao-na-expo-osaka-2025-nikken-sekkei\/67f293cb2936700188d6c8cf-osaka-expo-2025-japan-pavilion-nikken-sekkei-image\" rel=\"nofollow noopener\" target=\"_blank\"><img decoding=\"async\" alt=\"Pavilh\u00e3o do Jap\u00e3o na Expo Osaka 2025 \/ Nikken Sekkei - Imagem 8 de 28\" data-nr-picture-id=\"67f293cb2936700188d6c8cf\" height=\"427\" itemprop=\"image\" loading=\"lazy\" longdesc=\"https:\/\/www.archdaily.com.br\/br\/1028869\/pavilhao-do-japao-na-expo-osaka-2025-nikken-sekkei\/67f293cb2936700188d6c8cf-osaka-expo-2025-japan-pavilion-nikken-sekkei-image\" src=\"https:\/\/www.europesays.com\/pt\/wp-content\/uploads\/2025\/08\/osaka-expo-2025-japan-pavillon-nikken-sekkei_1.jpg\" width=\"640\"\/>Exterior do lado oeste. Imagem cortesia do Minist\u00e9rio da Economia, Com\u00e9rcio e Ind\u00fastria.<\/a><\/p>\n<p>Ao interagir com esses elementos estruturais e ambientais, que muitas vezes s\u00e3o negligenciados, junto com o aroma da madeira, as sutis varia\u00e7\u00f5es de temperatura e as qualidades mut\u00e1veis da luz natural, o pavilh\u00e3o oferece uma experi\u00eancia sensorial que promove conex\u00f5es genu\u00ednas dentro do espa\u00e7o, deixando uma impress\u00e3o duradoura na mem\u00f3ria de cada um. Este encontro direto e espacial contrasta com o ambiente virtual superficial, oferecendo um espa\u00e7o de exposi\u00e7\u00e3o que est\u00e1 \u00e0 altura das aspira\u00e7\u00f5es do tema desta Expo.<\/p>\n<p><a class=\"js-image-size__link lazy-anchor\" href=\"https:\/\/www.archdaily.com.br\/br\/1028869\/pavilhao-do-japao-na-expo-osaka-2025-nikken-sekkei\/67f2a7892936700188d6c8e2-osaka-expo-2025-japan-pavilion-nikken-sekkei-image\" rel=\"nofollow noopener\" target=\"_blank\"><img decoding=\"async\" alt=\"Pavilh\u00e3o do Jap\u00e3o na Expo Osaka 2025 \/ Nikken Sekkei - Imagem 17 de 28\" data-nr-picture-id=\"67f2a7892936700188d6c8e2\" height=\"427\" itemprop=\"image\" loading=\"lazy\" longdesc=\"https:\/\/www.archdaily.com.br\/br\/1028869\/pavilhao-do-japao-na-expo-osaka-2025-nikken-sekkei\/67f2a7892936700188d6c8e2-osaka-expo-2025-japan-pavilion-nikken-sekkei-image\" src=\"https:\/\/www.europesays.com\/pt\/wp-content\/uploads\/2025\/08\/13-birds-eye-view-ministry-of-economy-trade-and-industry-20.jpg\" width=\"640\"\/>Renderiza\u00e7\u00e3o a\u00e9rea. Imagem cortesia do Minist\u00e9rio da Economia, Com\u00e9rcio e Ind\u00fastria.<\/a><a class=\"js-image-size__link lazy-anchor\" href=\"https:\/\/www.archdaily.com.br\/br\/1028869\/pavilhao-do-japao-na-expo-osaka-2025-nikken-sekkei\/67f2934c2936700188d6c8cc-osaka-expo-2025-japan-pavilion-nikken-sekkei-image\" rel=\"nofollow noopener\" target=\"_blank\"><img decoding=\"async\" alt=\"Pavilh\u00e3o do Jap\u00e3o na Expo Osaka 2025 \/ Nikken Sekkei - Imagem 22 de 28\" data-nr-picture-id=\"67f2934c2936700188d6c8cc\" height=\"427\" itemprop=\"image\" loading=\"lazy\" longdesc=\"https:\/\/www.archdaily.com.br\/br\/1028869\/pavilhao-do-japao-na-expo-osaka-2025-nikken-sekkei\/67f2934c2936700188d6c8cc-osaka-expo-2025-japan-pavilion-nikken-sekkei-image\" src=\"https:\/\/www.europesays.com\/pt\/wp-content\/uploads\/2025\/08\/99-cross-section-of-the-japan-pavilion-4.jpg\" width=\"640\"\/>Corte transversal do Pavilh\u00e3o do Jap\u00e3o. Imagem cortesia do Minist\u00e9rio da Economia, Com\u00e9rcio e Ind\u00fastria.<\/a><a class=\"js-image-size__link lazy-anchor\" href=\"https:\/\/www.archdaily.com.br\/br\/1028869\/pavilhao-do-japao-na-expo-osaka-2025-nikken-sekkei\/67f293e02936700188d6c8d2-osaka-expo-2025-japan-pavilion-nikken-sekkei-image\" rel=\"nofollow noopener\" target=\"_blank\"><img decoding=\"async\" alt=\"Pavilh\u00e3o do Jap\u00e3o na Expo Osaka 2025 \/ Nikken Sekkei - Imagem 2 de 28\" data-nr-picture-id=\"67f293e02936700188d6c8d2\" height=\"427\" itemprop=\"image\" loading=\"lazy\" longdesc=\"https:\/\/www.archdaily.com.br\/br\/1028869\/pavilhao-do-japao-na-expo-osaka-2025-nikken-sekkei\/67f293e02936700188d6c8d2-osaka-expo-2025-japan-pavilion-nikken-sekkei-image\" src=\"https:\/\/www.europesays.com\/pt\/wp-content\/uploads\/2025\/08\/1754675730_48_osaka-expo-2025-japan-pavillon-nikken-sekkei_2.jpg\" width=\"640\"\/>Corredor externo. Imagem cortesia do Minist\u00e9rio da Economia, Com\u00e9rcio e Ind\u00fastria.<\/a><a class=\"js-image-size__link lazy-anchor\" href=\"https:\/\/www.archdaily.com.br\/br\/1028869\/pavilhao-do-japao-na-expo-osaka-2025-nikken-sekkei\/67f293fe2936700188d6c8d6-osaka-expo-2025-japan-pavilion-nikken-sekkei-image\" rel=\"nofollow noopener\" target=\"_blank\"><img decoding=\"async\" alt=\"Pavilh\u00e3o do Jap\u00e3o na Expo Osaka 2025 \/ Nikken Sekkei - Imagem 9 de 28\" data-nr-picture-id=\"67f293fe2936700188d6c8d6\" height=\"427\" itemprop=\"image\" loading=\"lazy\" longdesc=\"https:\/\/www.archdaily.com.br\/br\/1028869\/pavilhao-do-japao-na-expo-osaka-2025-nikken-sekkei\/67f293fe2936700188d6c8d6-osaka-expo-2025-japan-pavilion-nikken-sekkei-image\" src=\"https:\/\/www.europesays.com\/pt\/wp-content\/uploads\/2025\/08\/osaka-expo-2025-japan-pavillon-nikken-sekkei_15.jpg\" width=\"640\"\/>\u00c1rea de exposi\u00e7\u00e3oA5-5\u00c1rea de exposi\u00e7\u00e3oA4. Imagem cortesia do Minist\u00e9rio da Economia, Com\u00e9rcio e Ind\u00fastria<\/a><script async src=\"https:\/\/platform.twitter.com\/widgets.js\" charset=\"utf-8\"><\/script><\/p>\n","protected":false},"excerpt":{"rendered":"Entrada da exposi\u00e7\u00e3o. Imagem cortesia do Minist\u00e9rio da Economia, Com\u00e9rcio e Ind\u00fastria. + 23 Compartilhar Compartilhar Facebook Twitter&hellip;\n","protected":false},"author":2,"featured_media":21450,"comment_status":"","ping_status":"","sticky":false,"template":"","format":"standard","meta":{"footnotes":""},"categories":[144],"tags":[304,4716,207,205,206,203,201,202,204,114,115,7746,7748,461,4717,7747,32,33],"class_list":{"0":"post-21449","1":"post","2":"type-post","3":"status-publish","4":"format-standard","5":"has-post-thumbnail","7":"category-arte-e-design","8":"tag-arquitetura","9":"tag-arquitetura-cultural","10":"tag-arte","11":"tag-arte-e-design","12":"tag-artedesign","13":"tag-arts","14":"tag-arts-and-design","15":"tag-artsanddesign","16":"tag-design","17":"tag-entertainment","18":"tag-entretenimento","19":"tag-espaco-de-exibicoes","20":"tag-expo-2025-osaka","21":"tag-japao","22":"tag-museus-e-espacos-de-exposicoes","23":"tag-pavilhao","24":"tag-portugal","25":"tag-pt"},"share_on_mastodon":{"url":"","error":""},"_links":{"self":[{"href":"https:\/\/www.europesays.com\/pt\/wp-json\/wp\/v2\/posts\/21449","targetHints":{"allow":["GET"]}}],"collection":[{"href":"https:\/\/www.europesays.com\/pt\/wp-json\/wp\/v2\/posts"}],"about":[{"href":"https:\/\/www.europesays.com\/pt\/wp-json\/wp\/v2\/types\/post"}],"author":[{"embeddable":true,"href":"https:\/\/www.europesays.com\/pt\/wp-json\/wp\/v2\/users\/2"}],"replies":[{"embeddable":true,"href":"https:\/\/www.europesays.com\/pt\/wp-json\/wp\/v2\/comments?post=21449"}],"version-history":[{"count":0,"href":"https:\/\/www.europesays.com\/pt\/wp-json\/wp\/v2\/posts\/21449\/revisions"}],"wp:featuredmedia":[{"embeddable":true,"href":"https:\/\/www.europesays.com\/pt\/wp-json\/wp\/v2\/media\/21450"}],"wp:attachment":[{"href":"https:\/\/www.europesays.com\/pt\/wp-json\/wp\/v2\/media?parent=21449"}],"wp:term":[{"taxonomy":"category","embeddable":true,"href":"https:\/\/www.europesays.com\/pt\/wp-json\/wp\/v2\/categories?post=21449"},{"taxonomy":"post_tag","embeddable":true,"href":"https:\/\/www.europesays.com\/pt\/wp-json\/wp\/v2\/tags?post=21449"}],"curies":[{"name":"wp","href":"https:\/\/api.w.org\/{rel}","templated":true}]}}