{"id":214491,"date":"2026-01-04T12:44:07","date_gmt":"2026-01-04T12:44:07","guid":{"rendered":"https:\/\/www.europesays.com\/pt\/214491\/"},"modified":"2026-01-04T12:44:07","modified_gmt":"2026-01-04T12:44:07","slug":"mais-16-vitimas-do-incendio-na-suica-identificadas-elevando-o-total-para-24-das-40-mortes","status":"publish","type":"post","link":"https:\/\/www.europesays.com\/pt\/214491\/","title":{"rendered":"Mais 16 v\u00edtimas do inc\u00eandio na Su\u00ed\u00e7a identificadas, elevando o total para 24 das 40 mortes"},"content":{"rendered":"<p>&#13;<br \/>\nEm comunicado, a pol\u00edcia tamb\u00e9m informou que os corpos das v\u00edtimas rec\u00e9m-identificadas j\u00e1 foram entregues \u00e0s suas fam\u00edlias.&#13;\n<\/p>\n<p>&#13;<br \/>\nOs corpos de 24 pessoas, entre as quais 11 menores e seis estrangeiros, foram identificados ap\u00f3s o inc\u00eandio mortal num bar em Crans-Montana, na Su\u00ed\u00e7a, na noite de Ano Novo, que causou 40 mortos e 119 feridos, anunciou hoje a pol\u00edcia cantonal do Valais.&#13;\n<\/p>\n<p>&#13;<br \/>\nAl\u00e9m dos oito su\u00ed\u00e7os previamente identificados, as autoridades cantonais anunciaram a identifica\u00e7\u00e3o de outros dez su\u00ed\u00e7os (quatro mulheres e seis homens) com idades entre 14 e 31 anos, dois italianos de 16 anos, um franc\u00eas de 39 anos, um cidad\u00e3o com dupla nacionalidade italiana e emiradense de 16 anos, um romeno de 18 anos e um turco de 18 anos.&#13;\n<\/p>\n<p>&#13;<br \/>\nNum comunicado, a pol\u00edcia indica que tamb\u00e9m procedeu \u00e0 devolu\u00e7\u00e3o \u00e0s fam\u00edlias das v\u00edtimas identificadas, todas elas falecidas no sinistro que teve origem no bar &#8220;Le Constellation&#8221;.&#13;\n<\/p>\n<p>&#13;<br \/>\nA tarefa de identifica\u00e7\u00e3o est\u00e1 a ser realizada pela Pol\u00edcia Cantonal do Valais e pelo Instituto de Medicina Legal da Su\u00ed\u00e7a.&#13;\n<\/p>\n<p>&#13;<br \/>\nSegundo o comunicado, est\u00e1-se a trabalhar para identificar todas as v\u00edtimas, tanto as mortas como as feridas. A Pol\u00edcia Cantonal do Valais publicar\u00e1 qualquer nova informa\u00e7\u00e3o assim que estiver dispon\u00edvel.&#13;\n<\/p>\n<p>&#13;<br \/>\nNo inc\u00eandio, 119 pessoas ficaram feridas, entre elas pelo menos uma cidad\u00e3 portuguesa (outra estar\u00e1 desaparecida), a maioria com queimaduras muito graves e extensas.&#13;\n<\/p>\n<p>&#13;<br \/>\nAs autoridades indicaram que n\u00e3o fornecer\u00e3o mais informa\u00e7\u00f5es sobre as mortes por respeito \u00e0 privacidade das v\u00edtimas e das suas fam\u00edlias.&#13;<\/p>\n","protected":false},"excerpt":{"rendered":"&#13; Em comunicado, a pol\u00edcia tamb\u00e9m informou que os corpos das v\u00edtimas rec\u00e9m-identificadas j\u00e1 foram entregues \u00e0s suas&hellip;\n","protected":false},"author":2,"featured_media":214492,"comment_status":"","ping_status":"","sticky":false,"template":"","format":"standard","meta":{"footnotes":""},"categories":[50],"tags":[27,28,41888,41604,15,16,14,25,26,8460,21,22,62,12,13,19,20,23,24,5697,17,18,29,30,31,63,64,65],"class_list":{"0":"post-214491","1":"post","2":"type-post","3":"status-publish","4":"format-standard","5":"has-post-thumbnail","7":"category-mundo","8":"tag-breaking-news","9":"tag-breakingnews","10":"tag-cantonal","11":"tag-crans-montana","12":"tag-featured-news","13":"tag-featurednews","14":"tag-headlines","15":"tag-latest-news","16":"tag-latestnews","17":"tag-legal","18":"tag-main-news","19":"tag-mainnews","20":"tag-mundo","21":"tag-news","22":"tag-noticias","23":"tag-noticias-principais","24":"tag-noticiasprincipais","25":"tag-principais-noticias","26":"tag-principaisnoticias","27":"tag-suica","28":"tag-top-stories","29":"tag-topstories","30":"tag-ultimas","31":"tag-ultimas-noticias","32":"tag-ultimasnoticias","33":"tag-world","34":"tag-world-news","35":"tag-worldnews"},"share_on_mastodon":{"url":"https:\/\/pubeurope.com\/@pt\/115836896055447413","error":""},"_links":{"self":[{"href":"https:\/\/www.europesays.com\/pt\/wp-json\/wp\/v2\/posts\/214491","targetHints":{"allow":["GET"]}}],"collection":[{"href":"https:\/\/www.europesays.com\/pt\/wp-json\/wp\/v2\/posts"}],"about":[{"href":"https:\/\/www.europesays.com\/pt\/wp-json\/wp\/v2\/types\/post"}],"author":[{"embeddable":true,"href":"https:\/\/www.europesays.com\/pt\/wp-json\/wp\/v2\/users\/2"}],"replies":[{"embeddable":true,"href":"https:\/\/www.europesays.com\/pt\/wp-json\/wp\/v2\/comments?post=214491"}],"version-history":[{"count":0,"href":"https:\/\/www.europesays.com\/pt\/wp-json\/wp\/v2\/posts\/214491\/revisions"}],"wp:featuredmedia":[{"embeddable":true,"href":"https:\/\/www.europesays.com\/pt\/wp-json\/wp\/v2\/media\/214492"}],"wp:attachment":[{"href":"https:\/\/www.europesays.com\/pt\/wp-json\/wp\/v2\/media?parent=214491"}],"wp:term":[{"taxonomy":"category","embeddable":true,"href":"https:\/\/www.europesays.com\/pt\/wp-json\/wp\/v2\/categories?post=214491"},{"taxonomy":"post_tag","embeddable":true,"href":"https:\/\/www.europesays.com\/pt\/wp-json\/wp\/v2\/tags?post=214491"}],"curies":[{"name":"wp","href":"https:\/\/api.w.org\/{rel}","templated":true}]}}