{"id":214498,"date":"2026-01-04T13:01:23","date_gmt":"2026-01-04T13:01:23","guid":{"rendered":"https:\/\/www.europesays.com\/pt\/214498\/"},"modified":"2026-01-04T13:01:23","modified_gmt":"2026-01-04T13:01:23","slug":"e-oficial-joao-moura-caetano-e-luiza-abreu-esperam-a-chegada-do-primeiro-filho-flash-pt","status":"publish","type":"post","link":"https:\/\/www.europesays.com\/pt\/214498\/","title":{"rendered":"\u00c9 oficial! Jo\u00e3o Moura Caetano e Luiza Abreu esperam a chegada do primeiro filho &#8211; Flash.pt"},"content":{"rendered":"<ol>\n<li><a href=\"https:\/\/news.google.com\/rss\/articles\/CBMitgFBVV95cUxPUmdpRmdWUVgyeUctNTQ0Ti1nLW03YmdSZHhTRFJfb0dIdmFpUENuR1ViVzNlam9Nd05GV0dBdVhfSzBldC1wRC00TGRXLUhYVm1wRV8tb3FDcVo1RlBZeVRZNWdaT2xhVHJGRF96b2dkb2FoSUF6S00tZlVlRlBKS3NtSld2VUpWZWltem1INFRnb1dLQ3QzdE0yYl9aeTk5Z1JXYVBqTjVVX0d4c0h3cVFyeGpMdw?oc=5\" target=\"_blank\" rel=\"nofollow noopener\">\u00c9 oficial! Jo\u00e3o Moura Caetano e Luiza Abreu esperam a chegada do primeiro filho<\/a>&nbsp;&nbsp;Flash.pt<\/li>\n<li><a href=\"https:\/\/news.google.com\/rss\/articles\/CBMizgFBVV95cUxPc0Q5MVJUVXM3Q0ZkRU1vc3VQR0N4NnpTWU9sdzlQMDN6OVltbmhGUWgzZ3pHYlFwdnFPaEh0eXp5Y1RLbTFDdnJkQmxQMElRMVhHU0VEWThjUTFwTGRNbFFqR3EyRE94eDRsZXotWHlTVFNid2ZKTjdwMmdSaUNUSDdGdmpSQ3Nxem1mNERraVI3TmhPdzk1S0JadXBodTNYQVJITlRCclBXVzRRM3NDc1RaLXVUaEx6R1dfQ0JVamZocVY1OGxIcDltSzNDdw?oc=5\" target=\"_blank\" rel=\"nofollow noopener\">Lu\u00edza Abreu acaba com especula\u00e7\u00e3o e anuncia gravidez ao lado de Jo\u00e3o Moura Caetano<\/a>&nbsp;&nbsp;Flash.pt<\/li>\n<li><a href=\"https:\/\/news.google.com\/rss\/articles\/CBMi0gFBVV95cUxPRFpKM3hGNnM3elJzSmdxcmM1X3ozbzFqZklDZGNyaUM5TWJLZS1YQXU0YXg5ekY4MnF5c1FJaFRhQW9CbnFpMzJvQWRHTFJ3cDh0Y1dSTkNmdk42NjNRWUhqY3dXWWRMWTRnT1oyQ1JhX3BaSGd6aGE0TEFkb2FYT3N3ZHg2S2Ntd3ZLWDJNNUUxV2FCNDFrcUR3MllZWDNINkMwRGNpdm1JRERwME9rcEsxU2JZOGNuYVh0VjBGQTBMUFk3SUJhZDBYTzhRRlhuUFE?oc=5\" target=\"_blank\" rel=\"nofollow noopener\">\u00c9 oficial: Luiza Abreu e Jo\u00e3o Moura Caetano v\u00e3o ser pais. Casal espera o primeiro filho em comum<\/a>&nbsp;&nbsp;MAGG<\/li>\n<li><a href=\"https:\/\/news.google.com\/rss\/articles\/CBMikgFBVV95cUxPUVpzNF9FdWhVMWh1YmJoOFVoREVoV1FHX3VFQURrOTQ1d0p2eTlTa2VFS180aXBPcmNyNnk0TFpfcEVPVDRqeDlJUVVndFkwX0FWTElDSVcyeFZzSE56NlRhU29nV3dodVpwVkktWEVLVnBOUWFBTkhrQ2liR29ILWtEYW4wZzJFMkY3anduQW9nQQ?oc=5\" target=\"_blank\" rel=\"nofollow noopener\">Lu\u00edza Abreu revela que vai ser m\u00e3e com v\u00eddeo emotivo<\/a>&nbsp;&nbsp;A Televis\u00e3o<\/li>\n<li><a href=\"https:\/\/news.google.com\/rss\/articles\/CBMinwFBVV95cUxQRVhWOVNINTNmSTRQX2FzTEtkODU5eGdIay1HVW53U21QZk1yRklHb2RYbGUwWlBuM0VENEpmLWt3cVdDZ2ZzaXpqeVlMMlE4MDk5RXdaVmlFZU52Y3B3ZF9xWUpBSHVIbEdmNHpSTlVpa1ZxRnFUdDlhbTVwNXJVZktDLTJnc0hSS3dIS3FROHU4anNQeGdrSWxjRjU0NVXSAZ8BQVVfeXFMUEVYVjlTSDUzZkk0UF9hc0xLZDg1OXhnSGstR1Vud1NtUGZNckZJR29kWGxlMFpQbjNFRDRKZi1rd3FXQ2dmc2l6anlZTDJRODA5OUV3WlZpRWVOdmNwd2RfcVlKQUh1SGxHZjR6Uk5VaWtWcUZxVHQ5YW01cDVyVWZLQy0yZ3NIUkt3SEtxUTh1OGpzUHhna0lsY0Y1NDVV?oc=5\" target=\"_blank\" rel=\"nofollow noopener\">Ana Barbosa insiste em duvidar da gravidez de Luiza Abreu e Jo\u00e3o Moura Caetano<\/a>&nbsp;&nbsp;infocul.pt<\/li>\n<\/ol>\n","protected":false},"excerpt":{"rendered":"\u00c9 oficial! Jo\u00e3o Moura Caetano e Luiza Abreu esperam a chegada do primeiro filho&nbsp;&nbsp;Flash.pt Lu\u00edza Abreu acaba com&hellip;\n","protected":false},"author":2,"featured_media":214499,"comment_status":"","ping_status":"","sticky":false,"template":"","format":"standard","meta":{"footnotes":""},"categories":[145],"tags":[211,210,114,115,1402,32,33,218],"class_list":{"0":"post-214498","1":"post","2":"type-post","3":"status-publish","4":"format-standard","5":"has-post-thumbnail","7":"category-celebridades","8":"tag-celebridades","9":"tag-celebrities","10":"tag-entertainment","11":"tag-entretenimento","12":"tag-joao-moura-caetano","13":"tag-portugal","14":"tag-pt","15":"tag-televisao"},"share_on_mastodon":{"url":"https:\/\/pubeurope.com\/@pt\/115836962945223319","error":""},"_links":{"self":[{"href":"https:\/\/www.europesays.com\/pt\/wp-json\/wp\/v2\/posts\/214498","targetHints":{"allow":["GET"]}}],"collection":[{"href":"https:\/\/www.europesays.com\/pt\/wp-json\/wp\/v2\/posts"}],"about":[{"href":"https:\/\/www.europesays.com\/pt\/wp-json\/wp\/v2\/types\/post"}],"author":[{"embeddable":true,"href":"https:\/\/www.europesays.com\/pt\/wp-json\/wp\/v2\/users\/2"}],"replies":[{"embeddable":true,"href":"https:\/\/www.europesays.com\/pt\/wp-json\/wp\/v2\/comments?post=214498"}],"version-history":[{"count":0,"href":"https:\/\/www.europesays.com\/pt\/wp-json\/wp\/v2\/posts\/214498\/revisions"}],"wp:featuredmedia":[{"embeddable":true,"href":"https:\/\/www.europesays.com\/pt\/wp-json\/wp\/v2\/media\/214499"}],"wp:attachment":[{"href":"https:\/\/www.europesays.com\/pt\/wp-json\/wp\/v2\/media?parent=214498"}],"wp:term":[{"taxonomy":"category","embeddable":true,"href":"https:\/\/www.europesays.com\/pt\/wp-json\/wp\/v2\/categories?post=214498"},{"taxonomy":"post_tag","embeddable":true,"href":"https:\/\/www.europesays.com\/pt\/wp-json\/wp\/v2\/tags?post=214498"}],"curies":[{"name":"wp","href":"https:\/\/api.w.org\/{rel}","templated":true}]}}