{"id":214506,"date":"2026-01-04T13:13:10","date_gmt":"2026-01-04T13:13:10","guid":{"rendered":"https:\/\/www.europesays.com\/pt\/214506\/"},"modified":"2026-01-04T13:13:10","modified_gmt":"2026-01-04T13:13:10","slug":"albufeiras-do-algarve-a-82-de-capacidade-apos-dez-anos-de-seca","status":"publish","type":"post","link":"https:\/\/www.europesays.com\/pt\/214506\/","title":{"rendered":"Albufeiras do Algarve a 82% de capacidade ap\u00f3s dez anos de seca"},"content":{"rendered":"<p data-remotead-prev-elm=\"true\" data-remotead-elm-id=\"inread\">Atualmente e de acordo com dados fornecidos pela Ag\u00eancia Portuguesa do Ambiente, as seis albufeiras do Algarve est\u00e3o, em m\u00e9dia, a 82% da sua capacidade, guardando 366 hect\u00f3metros c\u00fabicos (hm3) de \u00e1gua. A capacidade m\u00e1xima destas infraestruturas \u00e9 de 446 hm3. No final do ano de 2024, as reservas de \u00e1gua naquelas albufeiras eram muito menores: estavam a 34% da capacidade total, armazenando somente 152 hm3 de \u00e1gua, ou seja, menos 214 hm3 do que a 30 de dezembro de 2025.<\/p>\n","protected":false},"excerpt":{"rendered":"Atualmente e de acordo com dados fornecidos pela Ag\u00eancia Portuguesa do Ambiente, as seis albufeiras do Algarve est\u00e3o,&hellip;\n","protected":false},"author":2,"featured_media":214507,"comment_status":"","ping_status":"","sticky":false,"template":"","format":"standard","meta":{"footnotes":""},"categories":[10],"tags":[1467,2569,5455,27,28,15,16,14,25,26,21,22,619,12,13,19,20,32,23,24,33,39517,17,18,29,30,31],"class_list":{"0":"post-214506","1":"post","2":"type-post","3":"status-publish","4":"format-standard","5":"has-post-thumbnail","7":"category-portugal","8":"tag-agua","9":"tag-algarve","10":"tag-barragens","11":"tag-breaking-news","12":"tag-breakingnews","13":"tag-featured-news","14":"tag-featurednews","15":"tag-headlines","16":"tag-latest-news","17":"tag-latestnews","18":"tag-main-news","19":"tag-mainnews","20":"tag-nacional","21":"tag-news","22":"tag-noticias","23":"tag-noticias-principais","24":"tag-noticiasprincipais","25":"tag-portugal","26":"tag-principais-noticias","27":"tag-principaisnoticias","28":"tag-pt","29":"tag-reservas","30":"tag-top-stories","31":"tag-topstories","32":"tag-ultimas","33":"tag-ultimas-noticias","34":"tag-ultimasnoticias"},"share_on_mastodon":{"url":"https:\/\/pubeurope.com\/@pt\/115837010410364413","error":""},"_links":{"self":[{"href":"https:\/\/www.europesays.com\/pt\/wp-json\/wp\/v2\/posts\/214506","targetHints":{"allow":["GET"]}}],"collection":[{"href":"https:\/\/www.europesays.com\/pt\/wp-json\/wp\/v2\/posts"}],"about":[{"href":"https:\/\/www.europesays.com\/pt\/wp-json\/wp\/v2\/types\/post"}],"author":[{"embeddable":true,"href":"https:\/\/www.europesays.com\/pt\/wp-json\/wp\/v2\/users\/2"}],"replies":[{"embeddable":true,"href":"https:\/\/www.europesays.com\/pt\/wp-json\/wp\/v2\/comments?post=214506"}],"version-history":[{"count":0,"href":"https:\/\/www.europesays.com\/pt\/wp-json\/wp\/v2\/posts\/214506\/revisions"}],"wp:featuredmedia":[{"embeddable":true,"href":"https:\/\/www.europesays.com\/pt\/wp-json\/wp\/v2\/media\/214507"}],"wp:attachment":[{"href":"https:\/\/www.europesays.com\/pt\/wp-json\/wp\/v2\/media?parent=214506"}],"wp:term":[{"taxonomy":"category","embeddable":true,"href":"https:\/\/www.europesays.com\/pt\/wp-json\/wp\/v2\/categories?post=214506"},{"taxonomy":"post_tag","embeddable":true,"href":"https:\/\/www.europesays.com\/pt\/wp-json\/wp\/v2\/tags?post=214506"}],"curies":[{"name":"wp","href":"https:\/\/api.w.org\/{rel}","templated":true}]}}