{"id":214555,"date":"2026-01-04T13:57:14","date_gmt":"2026-01-04T13:57:14","guid":{"rendered":"https:\/\/www.europesays.com\/pt\/214555\/"},"modified":"2026-01-04T13:57:14","modified_gmt":"2026-01-04T13:57:14","slug":"depois-dos-semaforos-waze-prepara-com-outra-grande-novidade-para-os-condutores","status":"publish","type":"post","link":"https:\/\/www.europesays.com\/pt\/214555\/","title":{"rendered":"Depois dos sem\u00e1foros, Waze prepara com outra grande novidade para os condutores"},"content":{"rendered":"<p class=\"leading\">\n                O Waze j\u00e1 est\u00e1 a trabalhar na inclus\u00e3o de sem\u00e1foros na aplica\u00e7\u00e3o. Por\u00e9m, as novidades podem n\u00e3o ficar por aqui!            <\/p>\n<p>        <img decoding=\"async\" alt=\"waze\" height=\"900\" src=\"https:\/\/www.europesays.com\/pt\/wp-content\/uploads\/2025\/11\/wazee-16.jpg\" width=\"1600\" fetchpriority=\"high\"\/><br \/>\nShutterstock<\/p>\n<p><a href=\"https:\/\/whatsapp.com\/channel\/0029Va54F7B7j6gBNXobAM16\" rel=\"nofollow noopener\" class=\"banner-deals mb20 banner-deals-rotation banner-deals-rotation--whatsapp\" target=\"_blank\"><\/p>\n<p>        Entra no nosso canal Whatsapp<br \/>e recebe as melhores ofertas<\/p>\n<p>        ENTRAR\n    <\/p>\n<p><\/a><\/p>\n<p>O <strong>Waze<\/strong>, a <a href=\"https:\/\/4gnews.pt\/waze-review\/\" target=\"_blank\" rel=\"noreferrer noopener nofollow\">aplica\u00e7\u00e3o que antecipa todos os problemas<\/a>, est\u00e1 a preparar uma das maiores atualiza\u00e7\u00f5es dos \u00faltimos anos. A aplica\u00e7\u00e3o de navega\u00e7\u00e3o come\u00e7ou recentemente a testar a exibi\u00e7\u00e3o de <a href=\"https:\/\/4gnews.pt\/waze-comeca-a-testar-funcionalidade-essencial-que-o-google-maps-tem-ha-anos\/\" target=\"_blank\" rel=\"noreferrer noopener nofollow\"><strong>sem\u00e1foros no mapa<\/strong><\/a>, conforme te demos conta h\u00e1 duas semanas.<\/p>\n<p>Por\u00e9m, a chegada desta importante funcionalidade poder\u00e1 ser apenas o <strong>primeiro passo<\/strong> para algo ainda mais ambicioso. Conforme d\u00e1 conta o site <a href=\"https:\/\/www.autoevolution.com\/news\/waze-confirms-traffic-lights-coming-to-the-app-stop-signs-also-considered-263286.html\" target=\"_blank\" rel=\"nofollow noreferrer noopener\">Autoevolution<\/a>, o Waze est\u00e1 a estudar tamb\u00e9m a inclus\u00e3o de <strong>sinais de stop e outros elementos de sinaliza\u00e7\u00e3o rodovi\u00e1ria<\/strong> considerados essenciais durante a navega\u00e7\u00e3o.<\/p>\n<p>No Waze, os sem\u00e1foros dever\u00e3o surgir apenas quando a navega\u00e7\u00e3o estiver ativa e associados ao trajeto em curso. Para evitar polui\u00e7\u00e3o visual no ecr\u00e3, a aplica\u00e7\u00e3o dever\u00e1 limitar a apresenta\u00e7\u00e3o a um <strong>m\u00e1ximo de tr\u00eas sem\u00e1foros<\/strong> quando n\u00e3o estiverem ativas as instru\u00e7\u00f5es passo a passo.<\/p>\n<p>Ainda assim, como a funcionalidade se encontra numa fase inicial de testes e apenas num pa\u00eds (Israel), esta configura\u00e7\u00e3o pode sofrer altera\u00e7\u00f5es antes do lan\u00e7amento global.<\/p>\n<p>Sem\u00e1foros para quando?<\/p>\n<p>A possibilidade de mostrar outros sinais de tr\u00e2nsito ganha for\u00e7a quando se analisa a evolu\u00e7\u00e3o do projeto. Em junho de 2024, um utilizador sugeriu oficialmente a exibi\u00e7\u00e3o de &#8220;<strong>sem\u00e1foros, sinais de stop e outros sinais de sinaliza\u00e7\u00e3o importantes<\/strong>&#8221; na plataforma de feedback do Waze.<\/p>\n<p>A empresa respondeu, em setembro do mesmo ano, que planeava trabalhar nessa ideia, assumindo publicamente o interesse em enriquecer o mapa com mais informa\u00e7\u00e3o visual. Em maio de 2025, a sugest\u00e3o foi finalmente marcada como &#8220;<strong>planeada<\/strong>&#8220;, confirmando a aprova\u00e7\u00e3o interna do projeto.<\/p>\n<p>O lan\u00e7amento global <strong>algures em 2026<\/strong> \u00e9 cada vez mais prov\u00e1vel, embora a disponibiliza\u00e7\u00e3o total possa demorar. Al\u00e9m disso, a inclus\u00e3o de sinais de stop tamb\u00e9m parece estar nos planos.<\/p>\n<p>Promo\u00e7\u00e3o do dia<br \/>\n<a href=\"https:\/\/amzn.to\/4jzvZV9\" target=\"_blank\" rel=\"nofollow noreferrer noopener\"><img decoding=\"async\" alt=\"FORTEM Organizador Maletero 65 L\" height=\"488\" width=\"650\" class=\"lazyload\" src=\"https:\/\/www.europesays.com\/pt\/wp-content\/uploads\/2025\/12\/fortem-organizador-maletero-65-l-414gzsjr8vl-sl500.jpg\" loading=\"lazy\"\/><\/a><\/p>\n<p>37,99 \u20acAmazon<\/p>\n<p>44,99 \u20ac-16%<\/p>\n<p class=\"inline-related-title\">Editores 4gnews recomendam:<\/p>\n","protected":false},"excerpt":{"rendered":"O Waze j\u00e1 est\u00e1 a trabalhar na inclus\u00e3o de sem\u00e1foros na aplica\u00e7\u00e3o. Por\u00e9m, as novidades podem n\u00e3o ficar&hellip;\n","protected":false},"author":2,"featured_media":214556,"comment_status":"","ping_status":"","sticky":false,"template":"","format":"standard","meta":{"footnotes":""},"categories":[84],"tags":[109,107,108,32,33,105,103,104,106,110],"class_list":{"0":"post-214555","1":"post","2":"type-post","3":"status-publish","4":"format-standard","5":"has-post-thumbnail","7":"category-ciencia-e-tecnologia","8":"tag-ciencia","9":"tag-ciencia-e-tecnologia","10":"tag-cienciaetecnologia","11":"tag-portugal","12":"tag-pt","13":"tag-science","14":"tag-science-and-technology","15":"tag-scienceandtechnology","16":"tag-technology","17":"tag-tecnologia"},"share_on_mastodon":{"url":"https:\/\/pubeurope.com\/@pt\/115837183101260284","error":""},"_links":{"self":[{"href":"https:\/\/www.europesays.com\/pt\/wp-json\/wp\/v2\/posts\/214555","targetHints":{"allow":["GET"]}}],"collection":[{"href":"https:\/\/www.europesays.com\/pt\/wp-json\/wp\/v2\/posts"}],"about":[{"href":"https:\/\/www.europesays.com\/pt\/wp-json\/wp\/v2\/types\/post"}],"author":[{"embeddable":true,"href":"https:\/\/www.europesays.com\/pt\/wp-json\/wp\/v2\/users\/2"}],"replies":[{"embeddable":true,"href":"https:\/\/www.europesays.com\/pt\/wp-json\/wp\/v2\/comments?post=214555"}],"version-history":[{"count":0,"href":"https:\/\/www.europesays.com\/pt\/wp-json\/wp\/v2\/posts\/214555\/revisions"}],"wp:featuredmedia":[{"embeddable":true,"href":"https:\/\/www.europesays.com\/pt\/wp-json\/wp\/v2\/media\/214556"}],"wp:attachment":[{"href":"https:\/\/www.europesays.com\/pt\/wp-json\/wp\/v2\/media?parent=214555"}],"wp:term":[{"taxonomy":"category","embeddable":true,"href":"https:\/\/www.europesays.com\/pt\/wp-json\/wp\/v2\/categories?post=214555"},{"taxonomy":"post_tag","embeddable":true,"href":"https:\/\/www.europesays.com\/pt\/wp-json\/wp\/v2\/tags?post=214555"}],"curies":[{"name":"wp","href":"https:\/\/api.w.org\/{rel}","templated":true}]}}