{"id":214557,"date":"2026-01-04T13:59:06","date_gmt":"2026-01-04T13:59:06","guid":{"rendered":"https:\/\/www.europesays.com\/pt\/214557\/"},"modified":"2026-01-04T13:59:06","modified_gmt":"2026-01-04T13:59:06","slug":"se-eu-vivesse-em-havana-estaria-preocupado-avisa-marco-rubio-apos-ataque-dos-eua-a-venezuela","status":"publish","type":"post","link":"https:\/\/www.europesays.com\/pt\/214557\/","title":{"rendered":"&#8220;Se eu vivesse em Havana, estaria preocupado&#8221;, avisa Marco Rubio ap\u00f3s ataque dos EUA \u00e0 Venezuela"},"content":{"rendered":"<p data-remotead-prev-elm=\"true\" data-remotead-elm-id=\"inread\">O secret\u00e1rio de Estado dos Estados Unidos afirmou este s\u00e1bado que o Governo cubano devia &#8220;estar preocupado&#8221; ap\u00f3s a captura do Presidente venezuelano, Nicol\u00e1s Maduro, na sequ\u00eancia da opera\u00e7\u00e3o militar norte-americana.<\/p>\n<p>&#8220;Se eu vivesse em Havana e fizesse parte do Governo,<strong> estaria pelo menos um pouco preocupado&#8221;,<\/strong> declarou Marco Rubio numa confer\u00eancia de imprensa realizada na Florida, ao lado do Presidente norte-americano, Donald Trump.<\/p>\n<p>O chefe da diplomacia norte-americana criticou duramente o Governo cubano, classificou Cuba como &#8220;uma cat\u00e1strofe&#8221; e afirmou que o<strong> pa\u00eds \u00e9 &#8220;dirigido por homens incompetentes e senis&#8221;.<\/strong><\/p>\n<p data-remotead-prev-elm=\"true\" data-remotead-elm-id=\"centro1\">As declara\u00e7\u00f5es surgiram num contexto de forte tens\u00e3o regional, ap\u00f3s Washington ter anunciado a deten\u00e7\u00e3o de Maduro, numa opera\u00e7\u00e3o que tem provocado rea\u00e7\u00f5es cr\u00edticas de v\u00e1rios pa\u00edses e apelos ao respeito pelo direito internacional.<\/p>\n<p>Na confer\u00eancia de imprensa, na presen\u00e7a do secret\u00e1rio de Estado, da Defesa e do diretor da ag\u00eancia dos servi\u00e7os secretos CIA, Donald Trump afirmou que os Estados Unidos v\u00e3o &#8220;dirigir a Venezuela&#8221; at\u00e9 estar conclu\u00edda uma transi\u00e7\u00e3o de poder e admitiu uma segunda ofensiva contra o pa\u00eds se for necess\u00e1rio.<\/p>\n<p>Nicol\u00e1s Maduro e Cilia Flores foram detidos numa opera\u00e7\u00e3o rel\u00e2mpago noturna das for\u00e7as especiais, encontrando-se sob cust\u00f3dia norte-americana no navio USS Iwo Jima, \u00e0 espera de serem levados para Nova Iorque onde enfrentam acusa\u00e7\u00f5es por narcoterrorismo.<\/p>\n<p data-remotead-prev-elm=\"true\" data-remotead-elm-id=\"centro2\">Esta manh\u00e3, Donald Trump anunciou um &#8220;ataque em grande escala&#8221; na Venezuela para a captura do chefe do Estado venezuelano, Nicol\u00e1s Maduro, que foi retirado \u00e0 for\u00e7a do pa\u00eds.<\/p>\n<p>O Governo de Caracas denunciou uma &#8220;grav\u00edssima agress\u00e3o militar&#8221; dos EUA, ap\u00f3s explos\u00f5es na capital do pa\u00eds, durante a noite, e decretou o estado de exce\u00e7\u00e3o.<\/p>\n","protected":false},"excerpt":{"rendered":"O secret\u00e1rio de Estado dos Estados Unidos afirmou este s\u00e1bado que o Governo cubano devia &#8220;estar preocupado&#8221; ap\u00f3s&hellip;\n","protected":false},"author":2,"featured_media":214558,"comment_status":"","ping_status":"","sticky":false,"template":"","format":"standard","meta":{"footnotes":""},"categories":[50],"tags":[27,28,41754,15,16,14,82,25,26,21,22,62,12,13,19,20,23,24,17,18,29,30,31,3023,63,64,65],"class_list":{"0":"post-214557","1":"post","2":"type-post","3":"status-publish","4":"format-standard","5":"has-post-thumbnail","7":"category-mundo","8":"tag-breaking-news","9":"tag-breakingnews","10":"tag-eua-atacam-venezuela","11":"tag-featured-news","12":"tag-featurednews","13":"tag-headlines","14":"tag-internacional","15":"tag-latest-news","16":"tag-latestnews","17":"tag-main-news","18":"tag-mainnews","19":"tag-mundo","20":"tag-news","21":"tag-noticias","22":"tag-noticias-principais","23":"tag-noticiasprincipais","24":"tag-principais-noticias","25":"tag-principaisnoticias","26":"tag-top-stories","27":"tag-topstories","28":"tag-ultimas","29":"tag-ultimas-noticias","30":"tag-ultimasnoticias","31":"tag-venezuela","32":"tag-world","33":"tag-world-news","34":"tag-worldnews"},"share_on_mastodon":{"url":"https:\/\/pubeurope.com\/@pt\/115837191012556859","error":""},"_links":{"self":[{"href":"https:\/\/www.europesays.com\/pt\/wp-json\/wp\/v2\/posts\/214557","targetHints":{"allow":["GET"]}}],"collection":[{"href":"https:\/\/www.europesays.com\/pt\/wp-json\/wp\/v2\/posts"}],"about":[{"href":"https:\/\/www.europesays.com\/pt\/wp-json\/wp\/v2\/types\/post"}],"author":[{"embeddable":true,"href":"https:\/\/www.europesays.com\/pt\/wp-json\/wp\/v2\/users\/2"}],"replies":[{"embeddable":true,"href":"https:\/\/www.europesays.com\/pt\/wp-json\/wp\/v2\/comments?post=214557"}],"version-history":[{"count":0,"href":"https:\/\/www.europesays.com\/pt\/wp-json\/wp\/v2\/posts\/214557\/revisions"}],"wp:featuredmedia":[{"embeddable":true,"href":"https:\/\/www.europesays.com\/pt\/wp-json\/wp\/v2\/media\/214558"}],"wp:attachment":[{"href":"https:\/\/www.europesays.com\/pt\/wp-json\/wp\/v2\/media?parent=214557"}],"wp:term":[{"taxonomy":"category","embeddable":true,"href":"https:\/\/www.europesays.com\/pt\/wp-json\/wp\/v2\/categories?post=214557"},{"taxonomy":"post_tag","embeddable":true,"href":"https:\/\/www.europesays.com\/pt\/wp-json\/wp\/v2\/tags?post=214557"}],"curies":[{"name":"wp","href":"https:\/\/api.w.org\/{rel}","templated":true}]}}