{"id":214572,"date":"2026-01-04T14:14:07","date_gmt":"2026-01-04T14:14:07","guid":{"rendered":"https:\/\/www.europesays.com\/pt\/214572\/"},"modified":"2026-01-04T14:14:07","modified_gmt":"2026-01-04T14:14:07","slug":"casal-de-agueda-no-fim-do-mundo-onde-o-pastel-de-bacalhau-venceu-concurso","status":"publish","type":"post","link":"https:\/\/www.europesays.com\/pt\/214572\/","title":{"rendered":"Casal de \u00c1gueda no &#8220;fim do mundo&#8221;, onde o pastel de bacalhau venceu concurso"},"content":{"rendered":"<p data-remotead-prev-elm=\"true\" data-remotead-elm-id=\"inread\">&#8220;Foi p\u00f4r a nossa vida em cinco malas e viajar 17 horas&#8221;, conta Cl\u00e1udia Almeida, recordaNDO a mudan\u00e7a para a Nova Zel\u00e2ndia, em agosto de 2018, com o marido e os dois filhos, de 17 e cinco anos, a partir do Canad\u00e1, onde j\u00e1 eram emigrantes. &#8220;O meu marido, que repara instrumentos, recebeu uma proposta de trabalho e viemos&#8221;, explicou ao JN depois de um pequeno-almo\u00e7o de domingo, quando em Portugal ainda era s\u00e1bado \u00e0 hora do jantar. &#8220;Ao in\u00edcio foi um bocadinho dif\u00edcil. Aqui \u00e9 tudo muito calmo. Levei meio ano a adaptar-me&#8221;. J\u00e1 os mi\u00fados &#8220;adaptaram-se muito bem&#8221;. &#8220;A inf\u00e2ncia aqui \u00e9 como a nossa foi em Portugal, brincam na rua, v\u00e3o \u00e0 casa dos vizinhos brincar, v\u00e3o a p\u00e9 para a escola. Temos muita seguran\u00e7a&#8221;, conta. E o ensino &#8220;\u00e9 muito bom&#8221;, &#8220;ensinam como ser bom cidad\u00e3o, a respeitar o outro&#8221;. Por ser &#8220;um pa\u00eds multicultural, as pessoas s\u00e3o muito inclusivas, aceitam-nos&#8221;, descreve.<\/p>\n<p>Acesso exclusivo a assinantes<\/p>\n<p>Acesso ilimitado a conte\u00fados exclusivos<\/p>\n<p>Navega\u00e7\u00e3o sem publicidade intrusiva<\/p>\n<p>Vers\u00e3o digital do jornal, suplementos e revistas<\/p>\n","protected":false},"excerpt":{"rendered":"&#8220;Foi p\u00f4r a nossa vida em cinco malas e viajar 17 horas&#8221;, conta Cl\u00e1udia Almeida, recordaNDO a mudan\u00e7a&hellip;\n","protected":false},"author":2,"featured_media":214573,"comment_status":"","ping_status":"","sticky":false,"template":"","format":"standard","meta":{"footnotes":""},"categories":[10],"tags":[27,28,1764,11206,15,16,14,25,26,21,22,62,12,13,19,20,3847,32,23,24,33,17,18,29,30,31],"class_list":{"0":"post-214572","1":"post","2":"type-post","3":"status-publish","4":"format-standard","5":"has-post-thumbnail","7":"category-portugal","8":"tag-breaking-news","9":"tag-breakingnews","10":"tag-emigracao","11":"tag-emigrantes","12":"tag-featured-news","13":"tag-featurednews","14":"tag-headlines","15":"tag-latest-news","16":"tag-latestnews","17":"tag-main-news","18":"tag-mainnews","19":"tag-mundo","20":"tag-news","21":"tag-noticias","22":"tag-noticias-principais","23":"tag-noticiasprincipais","24":"tag-nova-zelandia","25":"tag-portugal","26":"tag-principais-noticias","27":"tag-principaisnoticias","28":"tag-pt","29":"tag-top-stories","30":"tag-topstories","31":"tag-ultimas","32":"tag-ultimas-noticias","33":"tag-ultimasnoticias"},"share_on_mastodon":{"url":"https:\/\/pubeurope.com\/@pt\/115837250060217151","error":""},"_links":{"self":[{"href":"https:\/\/www.europesays.com\/pt\/wp-json\/wp\/v2\/posts\/214572","targetHints":{"allow":["GET"]}}],"collection":[{"href":"https:\/\/www.europesays.com\/pt\/wp-json\/wp\/v2\/posts"}],"about":[{"href":"https:\/\/www.europesays.com\/pt\/wp-json\/wp\/v2\/types\/post"}],"author":[{"embeddable":true,"href":"https:\/\/www.europesays.com\/pt\/wp-json\/wp\/v2\/users\/2"}],"replies":[{"embeddable":true,"href":"https:\/\/www.europesays.com\/pt\/wp-json\/wp\/v2\/comments?post=214572"}],"version-history":[{"count":0,"href":"https:\/\/www.europesays.com\/pt\/wp-json\/wp\/v2\/posts\/214572\/revisions"}],"wp:featuredmedia":[{"embeddable":true,"href":"https:\/\/www.europesays.com\/pt\/wp-json\/wp\/v2\/media\/214573"}],"wp:attachment":[{"href":"https:\/\/www.europesays.com\/pt\/wp-json\/wp\/v2\/media?parent=214572"}],"wp:term":[{"taxonomy":"category","embeddable":true,"href":"https:\/\/www.europesays.com\/pt\/wp-json\/wp\/v2\/categories?post=214572"},{"taxonomy":"post_tag","embeddable":true,"href":"https:\/\/www.europesays.com\/pt\/wp-json\/wp\/v2\/tags?post=214572"}],"curies":[{"name":"wp","href":"https:\/\/api.w.org\/{rel}","templated":true}]}}