{"id":214584,"date":"2026-01-04T14:25:17","date_gmt":"2026-01-04T14:25:17","guid":{"rendered":"https:\/\/www.europesays.com\/pt\/214584\/"},"modified":"2026-01-04T14:25:17","modified_gmt":"2026-01-04T14:25:17","slug":"linha-lg-gram-2026-incorpora-aerominum-e-dual-ai","status":"publish","type":"post","link":"https:\/\/www.europesays.com\/pt\/214584\/","title":{"rendered":"Linha LG gram 2026 incorpora Aerominum e dual AI"},"content":{"rendered":"<p>A LG Electronics apresentou a sua nova <strong>Linha LG gram 2026<\/strong> durante a CES 2026, marcando uma atualiza\u00e7\u00e3o significativa na constru\u00e7\u00e3o f\u00edsica e nas capacidades de processamento dos seus equipamentos ultra-port\u00e1teis. A nova gera\u00e7\u00e3o destaca-se pela introdu\u00e7\u00e3o de um material propriet\u00e1rio designado AeroMinum e pela implementa\u00e7\u00e3o de um sistema h\u00edbrido de intelig\u00eancia artificial que combina execu\u00e7\u00e3o local e em nuvem.<\/p>\n<p><img fetchpriority=\"high\" decoding=\"async\" width=\"1200\" height=\"849\" src=\"https:\/\/www.europesays.com\/pt\/wp-content\/uploads\/2026\/01\/lg-gram-pro-ai-image-1.jpg\" alt=\"Linha lg gram 2026 incorpora aerominum e dual ai\" class=\"wp-image-164226\" title=\"lg gram pro ai image 1 TecheNet\"  \/><\/p>\n<p>AeroMinum: integridade estrutural e redu\u00e7\u00e3o de massa<\/p>\n<p>O elemento central da renova\u00e7\u00e3o f\u00edsica da <strong>Linha LG gram 2026<\/strong> \u00e9 o AeroMinum. Este material, desenvolvido pela LG, consiste numa composi\u00e7\u00e3o met\u00e1lica de elevada resist\u00eancia e baixa densidade. A sua aplica\u00e7\u00e3o permitiu reduzir o peso total dos chassis, ao mesmo tempo que refor\u00e7ou a rigidez estrutural dos computadores.<\/p>\n<p>De acordo com as especifica\u00e7\u00f5es t\u00e9cnicas, os novos modelos cumprem as normas de durabilidade de n\u00edvel militar, apresentando uma resist\u00eancia superior a riscos e impactos. Esteticamente, o AeroMinum permite um acabamento met\u00e1lico com uma textura de escovagem t\u00e9cnica, mantendo o aspeto s\u00f3brio caracter\u00edstico da gama.<\/p>\n<p>Arquitetura Dual AI e Processamento Local<\/p>\n<p>No dom\u00ednio do processamento, a LG implementou uma arquitetura de \u201cIA Dupla\u201d. Esta solu\u00e7\u00e3o segmenta as tarefas de intelig\u00eancia artificial de forma a otimizar o desempenho e a privacidade dos dados:<\/p>\n<ul class=\"wp-block-list\">\n<li><strong>Processamento On-Device:<\/strong> Utiliza o modelo de linguagem de pequena escala (sLLM) EXAONE 3.5. Este mecanismo permite realizar tarefas de assist\u00eancia e automa\u00e7\u00e3o diretamente no hardware, garantindo o funcionamento de ferramentas de produtividade mesmo sem liga\u00e7\u00e3o \u00e0 Internet.<\/li>\n<li><strong>Integra\u00e7\u00e3o Copilot+:<\/strong> Os sistemas est\u00e3o preparados para o ecossistema Copilot+ da Microsoft, tirando partido das capacidades de processamento na nuvem para tarefas mais complexas.<\/li>\n<\/ul>\n<p>Esta abordagem h\u00edbrida assegura que os dados sens\u00edveis dos utilizadores possam ser processados localmente, minimizando a exposi\u00e7\u00e3o de informa\u00e7\u00e3o em servidores externos.<\/p>\n<p>LG gram Pro 17: Performance gr\u00e1fica e mem\u00f3ria GDDR7<\/p>\n<p>O modelo de topo, <strong>LG gram Pro 17 (17Z90UR)<\/strong>, foi configurado para responder a cargas de trabalho exigentes no dom\u00ednio da edi\u00e7\u00e3o visual. Este dispositivo integra a placa gr\u00e1fica <strong>NVIDIA GeForce RTX 5050<\/strong>, equipada com <strong>8GB de mem\u00f3ria GDDR7<\/strong>.<\/p>\n<p>A ado\u00e7\u00e3o da norma GDDR7 representa um avan\u00e7o t\u00e9cnico na largura de banda da mem\u00f3ria de v\u00eddeo, permitindo uma gest\u00e3o mais eficiente de texturas e renderiza\u00e7\u00e3o em alta resolu\u00e7\u00e3o num formato ultra-port\u00e1til. O ecr\u00e3 de 17 polegadas utiliza um painel LCD WQXGA com resolu\u00e7\u00e3o de 2.560 x 1.600 p\u00edxeis, mantendo um r\u00e1cio de 16:10 para maior produtividade vertical.<\/p>\n<p><img loading=\"lazy\" decoding=\"async\" width=\"1200\" height=\"799\" data-wp-class--hide=\"state.isContentHidden\" data-wp-class--show=\"state.isContentVisible\" data-wp-init=\"callbacks.setButtonStyles\" data-wp-on--click=\"actions.showLightbox\" data-wp-on--load=\"callbacks.setButtonStyles\" data-wp-on-window--resize=\"callbacks.setButtonStyles\" data-id=\"164227\" src=\"data:image\/svg+xml,%3Csvg%20xmlns=\" http:=\"\" alt=\"Lg gram pro ai image 2\" class=\"wp-image-164227\" title=\"lg gram pro ai image 2 TecheNet\" data-lazy- data-lazy- data-lazy-src=\"https:\/\/www.europesays.com\/pt\/wp-content\/uploads\/2026\/01\/lg-gram-pro-ai-image-2.jpg\"\/><\/p>\n<p><img loading=\"lazy\" decoding=\"async\" width=\"1200\" height=\"676\" data-wp-class--hide=\"state.isContentHidden\" data-wp-class--show=\"state.isContentVisible\" data-wp-init=\"callbacks.setButtonStyles\" data-wp-on--click=\"actions.showLightbox\" data-wp-on--load=\"callbacks.setButtonStyles\" data-wp-on-window--resize=\"callbacks.setButtonStyles\" data-id=\"164228\" src=\"data:image\/svg+xml,%3Csvg%20xmlns=\" http:=\"\" alt=\"Lg gram pro ai image 3\" class=\"wp-image-164228\" title=\"lg gram pro ai image 3 TecheNet\" data-lazy- data-lazy- data-lazy-src=\"https:\/\/www.europesays.com\/pt\/wp-content\/uploads\/2026\/01\/lg-gram-pro-ai-image-3-1200x676.jpg\"\/><\/p>\n<p>LG gram Pro 16 e Ecossistema gram Link<\/p>\n<p>A variante <strong>LG gram Pro 16 (16Z90U)<\/strong> opta por um painel <strong>OLED WQXGA+<\/strong> com resolu\u00e7\u00e3o de 2.880 x 1.800 p\u00edxeis. Este ecr\u00e3 \u00e9 caracterizado pela precis\u00e3o colorim\u00e9trica e por pretos puros, sendo adequado para profissionais de design e fotografia. Ambos os modelos Pro s\u00e3o alimentados pelos processadores Intel Core Ultra de \u00faltima gera\u00e7\u00e3o.<\/p>\n<p>A interconectividade entre dispositivos foi refor\u00e7ada atrav\u00e9s do <strong>gram Link<\/strong>. Esta ferramenta atua como um hub universal que permite a transfer\u00eancia de ficheiros e o espelhamento de ecr\u00e3s entre computadores LG gram e dispositivos com sistemas operativos distintos, incluindo Android, iOS e webOS (utilizado em televisores e monitores LG).<\/p>\n<p>Conclus\u00e3o<\/p>\n<p>A estrat\u00e9gia da LG para 2026 foca-se na consolida\u00e7\u00e3o da portabilidade extrema atrav\u00e9s da ci\u00eancia de materiais e na seguran\u00e7a de dados via processamento local. A introdu\u00e7\u00e3o do AeroMinum e da mem\u00f3ria GDDR7 nos modelos Pro indica um esfor\u00e7o de engenharia para dotar equipamentos leves de capacidades de hardware habitualmente encontradas em dispositivos de maior volume. O sucesso desta linha depender\u00e1 da integra\u00e7\u00e3o pr\u00e1tica destas novas tecnologias nos fluxos de trabalho profissionais.<\/p>\n<p>A transi\u00e7\u00e3o da LG para a linha de 2026 representa um salto qualitativo na largura de banda do subsistema gr\u00e1fico e na durabilidade do hardware. Enquanto a <a href=\"https:\/\/www.lg.com\/global\/business\/monitors-pcs\/laptops\/gram-pro\/17z90tp\/\" target=\"_blank\" rel=\"noreferrer noopener nofollow\">vers\u00e3o de 2025<\/a> se focava na integra\u00e7\u00e3o inicial de Unidades de Processamento Neural (NPU), o modelo de 2026 descentraliza a execu\u00e7\u00e3o de modelos de linguagem e adota padr\u00f5es de mem\u00f3ria de v\u00eddeo de pr\u00f3xima gera\u00e7\u00e3o.<\/p>\n<p>Tabela de Especifica\u00e7\u00f5es Comparativas<\/p>\n<tr>\n<td><strong>Especifica\u00e7\u00e3o T\u00e9cnica<\/strong><\/td>\n<td><strong>LG gram Pro 17 (2025)<\/strong><\/td>\n<td><strong>LG gram Pro 17 (2026)<\/strong><\/td>\n<td><strong>Impacto T\u00e9cnico<\/strong><\/td>\n<\/tr>\n<tr>\n<td><strong>Material do Chassis<\/strong><\/td>\n<td>Liga de Magn\u00e9sio<\/td>\n<td><strong>AeroMinum<\/strong><\/td>\n<td>Maior rigidez e resist\u00eancia a riscos.<\/td>\n<\/tr>\n<tr>\n<td><strong>GPU (Placa Gr\u00e1fica)<\/strong><\/td>\n<td>NVIDIA RTX 4050<\/td>\n<td><strong>NVIDIA RTX 5050<\/strong><\/td>\n<td>Nova arquitetura de processamento.<\/td>\n<\/tr>\n<tr>\n<td><strong>Mem\u00f3ria de V\u00eddeo<\/strong><\/td>\n<td>6GB GDDR6<\/td>\n<td><strong>8GB GDDR7<\/strong><\/td>\n<td>Aumento dr\u00e1stico na largura de banda.<\/td>\n<\/tr>\n<tr>\n<td><strong>Arquitetura de IA<\/strong><\/td>\n<td>Cloud-Based AI<\/td>\n<td><strong>Dual AI (Local + Cloud)<\/strong><\/td>\n<td>Processamento privado via EXAONE 3.5.<\/td>\n<\/tr>\n<tr>\n<td><strong>Conectividade Hub<\/strong><\/td>\n<td>gram Link (B\u00e1sico)<\/td>\n<td><strong>gram Link (webOS\/Universal)<\/strong><\/td>\n<td>Integra\u00e7\u00e3o nativa com Smart TVs e iOS.<\/td>\n<\/tr>\n<tr>\n<td><strong>Norma de Resist\u00eancia<\/strong><\/td>\n<td>MIL-STD-810H<\/td>\n<td><strong>MIL-STD-810H (Refor\u00e7ada)<\/strong><\/td>\n<td>Certifica\u00e7\u00e3o militar com o novo material.<\/td>\n<\/tr>\n<p>O Salto para a GDDR7<\/p>\n<p>A principal diferen\u00e7a no desempenho de renderiza\u00e7\u00e3o e processamento de dados visuais reside na ado\u00e7\u00e3o da mem\u00f3ria <strong>GDDR7<\/strong> no modelo de 2026. Ao contr\u00e1rio da norma GDDR6 presente na gera\u00e7\u00e3o anterior, a GDDR7 utiliza a sinaliza\u00e7\u00e3o PAM3 (Pulse Amplitude Modulation), que permite transmitir mais dados por ciclo de rel\u00f3gio.<\/p>\n<ul class=\"wp-block-list\">\n<li><strong>Largura de Banda:<\/strong> A mem\u00f3ria GDDR7 do LG gram Pro 17 (2026) oferece uma largura de banda significativamente superior, reduzindo os tempos de espera em tarefas de edi\u00e7\u00e3o de v\u00eddeo 8K e na manipula\u00e7\u00e3o de grandes conjuntos de dados para modelos de IA locais.<\/li>\n<li><strong>Efici\u00eancia Energ\u00e9tica:<\/strong> Apesar do aumento de performance, a GDDR7 apresenta uma efici\u00eancia de consumo por bit transferido superior \u00e0 GDDR6, um fator crucial para manter a autonomia de bateria num chassis de massa reduzida.<\/li>\n<\/ul>\n<p>Inova\u00e7\u00e3o em Ci\u00eancia de Materiais: AeroMinum vs. Magn\u00e9sio<\/p>\n<p>Embora as ligas de magn\u00e9sio utilizadas em 2025 tenham permitido \u00e0 LG alcan\u00e7ar recordes de leveza, o novo material <strong>AeroMinum<\/strong> introduzido em 2026 resolve a quest\u00e3o da integridade superficial. Esta nova liga met\u00e1lica \u00e9 menos propensa a deforma\u00e7\u00f5es permanentes sob press\u00e3o e apresenta um coeficiente de dureza que mitiga o aparecimento de riscos profundos, comuns em port\u00e1teis ultra-leves de gera\u00e7\u00f5es passadas.<\/p>\n<p>O <strong>LG gram Pro 17 (2026)<\/strong> distancia-se do seu antecessor ao transformar o port\u00e1til numa esta\u00e7\u00e3o de trabalho mais resiliente e tecnicamente aut\u00f3noma. A capacidade de executar o modelo <strong>EXAONE 3.5 sLLM<\/strong> localmente, aliada \u00e0 velocidade da mem\u00f3ria <strong>GDDR7<\/strong>, posiciona este equipamento como uma ferramenta superior para profissionais que exigem soberania de dados e performance gr\u00e1fica constante sem o incremento de peso.<\/p>\n<p><strong>Outros artigos interessantes:<\/strong><\/p>\n","protected":false},"excerpt":{"rendered":"A LG Electronics apresentou a sua nova Linha LG gram 2026 durante a CES 2026, marcando uma atualiza\u00e7\u00e3o&hellip;\n","protected":false},"author":2,"featured_media":214585,"comment_status":"","ping_status":"","sticky":false,"template":"","format":"standard","meta":{"footnotes":""},"categories":[84],"tags":[109,107,108,32,33,105,103,104,106,110],"class_list":{"0":"post-214584","1":"post","2":"type-post","3":"status-publish","4":"format-standard","5":"has-post-thumbnail","7":"category-ciencia-e-tecnologia","8":"tag-ciencia","9":"tag-ciencia-e-tecnologia","10":"tag-cienciaetecnologia","11":"tag-portugal","12":"tag-pt","13":"tag-science","14":"tag-science-and-technology","15":"tag-scienceandtechnology","16":"tag-technology","17":"tag-tecnologia"},"share_on_mastodon":{"url":"https:\/\/pubeurope.com\/@pt\/115837293230158057","error":""},"_links":{"self":[{"href":"https:\/\/www.europesays.com\/pt\/wp-json\/wp\/v2\/posts\/214584","targetHints":{"allow":["GET"]}}],"collection":[{"href":"https:\/\/www.europesays.com\/pt\/wp-json\/wp\/v2\/posts"}],"about":[{"href":"https:\/\/www.europesays.com\/pt\/wp-json\/wp\/v2\/types\/post"}],"author":[{"embeddable":true,"href":"https:\/\/www.europesays.com\/pt\/wp-json\/wp\/v2\/users\/2"}],"replies":[{"embeddable":true,"href":"https:\/\/www.europesays.com\/pt\/wp-json\/wp\/v2\/comments?post=214584"}],"version-history":[{"count":0,"href":"https:\/\/www.europesays.com\/pt\/wp-json\/wp\/v2\/posts\/214584\/revisions"}],"wp:featuredmedia":[{"embeddable":true,"href":"https:\/\/www.europesays.com\/pt\/wp-json\/wp\/v2\/media\/214585"}],"wp:attachment":[{"href":"https:\/\/www.europesays.com\/pt\/wp-json\/wp\/v2\/media?parent=214584"}],"wp:term":[{"taxonomy":"category","embeddable":true,"href":"https:\/\/www.europesays.com\/pt\/wp-json\/wp\/v2\/categories?post=214584"},{"taxonomy":"post_tag","embeddable":true,"href":"https:\/\/www.europesays.com\/pt\/wp-json\/wp\/v2\/tags?post=214584"}],"curies":[{"name":"wp","href":"https:\/\/api.w.org\/{rel}","templated":true}]}}