{"id":214608,"date":"2026-01-04T14:56:28","date_gmt":"2026-01-04T14:56:28","guid":{"rendered":"https:\/\/www.europesays.com\/pt\/214608\/"},"modified":"2026-01-04T14:56:28","modified_gmt":"2026-01-04T14:56:28","slug":"xiaomi-aposta-tudo-em-2026-novos-topos-de-gama-e-um-dobravel-triplo-a-caminho","status":"publish","type":"post","link":"https:\/\/www.europesays.com\/pt\/214608\/","title":{"rendered":"Xiaomi aposta tudo em 2026: novos topos de gama e um dobr\u00e1vel triplo a caminho"},"content":{"rendered":"<p class=\"leading\">\n                2026 tem tudo para ser um ano hist\u00f3rico para a Xiaomi. H\u00e1 v\u00e1rios lan\u00e7amentos que prometem fazer enorme furor!            <\/p>\n<p>        <img decoding=\"async\" alt=\"xiaomi\" height=\"900\" src=\"https:\/\/www.europesays.com\/pt\/wp-content\/uploads\/2026\/01\/xiaomi-17-ultraaa.jpg\" width=\"1600\" fetchpriority=\"high\"\/><br \/>\nXiaomi<\/p>\n<p><a href=\"https:\/\/whatsapp.com\/channel\/0029Va54F7B7j6gBNXobAM16\" rel=\"nofollow noopener\" class=\"banner-deals mb20 banner-deals-rotation banner-deals-rotation--whatsapp\" target=\"_blank\"><\/p>\n<p>        Entra no nosso canal Whatsapp<br \/>e recebe as melhores ofertas<\/p>\n<p>        ENTRAR\n    <\/p>\n<p><\/a><\/p>\n<p>Numa altura em que a <strong>Xiaomi<\/strong> anunciou que v\u00e1rios equipamentos v\u00e3o <a href=\"https:\/\/4gnews.pt\/boa-noticia-para-quem-tem-xiaomi-estes-modelos-vao-receber-hyperos-durante-5-anos\/\" target=\"_blank\" rel=\"noreferrer noopener nofollow\">receber o HyperOS durante cinco anos<\/a>, a gigante chinesa quer entrar da melhor forma em <strong>2026<\/strong> e prepara o lan\u00e7amento de v\u00e1rios smartphones!<\/p>\n<p>Entre os planos mais ambiciosos (e de dif\u00edcil execu\u00e7\u00e3o) est\u00e1 um <strong>telem\u00f3vel dobr\u00e1vel em tr\u00eas partes<\/strong>, um conceito ainda raro no setor, que pode posicionar a marca num novo patamar tecnol\u00f3gico. Al\u00e9m disso, o objetivo \u00e9 apresentar <strong>v\u00e1rios modelos de topo<\/strong> nos pr\u00f3ximos doze meses, cobrindo diferentes segmentos, do <strong>premium ao dobr\u00e1vel<\/strong>.<\/p>\n<p>Ano come\u00e7a com Xiaomi 17 Ultra<\/p>\n<p>A Xiaomi j\u00e1 come\u00e7ou o ano com um lan\u00e7amento de peso. O <a href=\"https:\/\/4gnews.pt\/xiaomi-fala-toda-a-verdade-sobre-o-xiaomi-17-ultra-entende-a-polemica\/\" target=\"_blank\" rel=\"noreferrer noopener nofollow\"><strong>Xiaomi 17 Ultra<\/strong><\/a>, juntamente com a <a href=\"https:\/\/4gnews.pt\/xiaomi-17-ultra-eis-os-principais-trunfos-da-leica-edition-para-fotografia-profissional\/\" target=\"_blank\" rel=\"noreferrer noopener nofollow\">vers\u00e3o Leica Edition<\/a>, chegou como uma esp\u00e9cie de prenda antecipada para os f\u00e3s da marca. O grande destaque vai para o <strong>inovador <\/strong>(e pol\u00e9mico)<strong> anel de zoom f\u00edsico na traseira<\/strong>, cujo intuito \u00e9 tornar a experi\u00eancia fotogr\u00e1fica mais pr\u00f3xima do n\u00edvel profissional.<\/p>\n<p>De acordo com v\u00e1rios rumores, a linha <strong>Xiaomi 17<\/strong> dever\u00e1 crescer nos pr\u00f3ximos meses. A marca estar\u00e1 a preparar o lan\u00e7amento de dois novos smartphones: o <strong>Xiaomi 17 Slim<\/strong> e a s\u00e9rie <strong>Xiaomi 17T<\/strong>.<\/p>\n<p>O Xiaomi 17 Slim dever\u00e1 apostar num design ultrafino e elegante, com o objetivo claro de competir diretamente com propostas como o iPhone Air. No que diz respeito ao Xiaomi 17T, a expectativa \u00e9 que continua a seguir as &#8216;pisadas&#8217; do que tem sido tradi\u00e7\u00e3o da marca: desempenho topo de gama a um pre\u00e7o competitivo.<\/p>\n<p>2026 o ano dos dobr\u00e1veis?<\/p>\n<p>Apesar de 2025 ter sido um ano discreto no campo dos dobr\u00e1veis, as informa\u00e7\u00f5es mais recentes apontam para tr\u00eas novos modelos em desenvolvimento: o<strong> Xiaomi 17 Fold<\/strong>, o<strong> Xiaomi 17 Flip<\/strong> e, pela primeira vez, um <strong>dobr\u00e1vel triplo<\/strong>.<\/p>\n<p>Embora o Fold e o Flip ainda estejam envoltos em rumores, o tri-fold j\u00e1 foi referido num an\u00fancio divulgado na China, o que confirma que vai mesmo ser lan\u00e7ado.<\/p>\n<p>Tudo indica que a s\u00e9rie Xiaomi 17T seja apresentada algures no <strong>primeiro trimestre<\/strong> de 2026. Contudo, em rela\u00e7\u00e3o aos restantes modelos, n\u00e3o h\u00e1 indica\u00e7\u00f5es sobre datas.<\/p>\n<p>Promo\u00e7\u00e3o do dia<br \/>\n<a href=\"https:\/\/amzn.to\/49keJ1A\" target=\"_blank\" rel=\"nofollow noreferrer noopener\"><img decoding=\"async\" alt=\"Xiaomi 15T Pro\" height=\"488\" width=\"650\" class=\"lazyload\" src=\"https:\/\/www.europesays.com\/pt\/wp-content\/uploads\/2025\/11\/xiaomi-15t-pro-smartphone-de-12-512-gb-41ygubw7pil-sl500.jpg\" loading=\"lazy\"\/><\/a><\/p>\n<p><a class=\"affiliate-title\" href=\"https:\/\/amzn.to\/49keJ1A\" target=\"_blank\" rel=\"nofollow noreferrer noopener\">Xiaomi 15T Pro <\/a>c\u00e2mara Leica 5x, processador Dimensity 9400+, bateria 5500mAh, tela 6,83&#8243; 144Hz<\/p>\n<p>749,99 \u20acAmazon<\/p>\n<p>899,90 \u20ac-17%<\/p>\n<p class=\"inline-related-title\">Editores 4gnews recomendam:<\/p>\n","protected":false},"excerpt":{"rendered":"2026 tem tudo para ser um ano hist\u00f3rico para a Xiaomi. H\u00e1 v\u00e1rios lan\u00e7amentos que prometem fazer enorme&hellip;\n","protected":false},"author":2,"featured_media":214609,"comment_status":"","ping_status":"","sticky":false,"template":"","format":"standard","meta":{"footnotes":""},"categories":[84],"tags":[109,107,108,32,33,105,103,104,106,110],"class_list":{"0":"post-214608","1":"post","2":"type-post","3":"status-publish","4":"format-standard","5":"has-post-thumbnail","7":"category-ciencia-e-tecnologia","8":"tag-ciencia","9":"tag-ciencia-e-tecnologia","10":"tag-cienciaetecnologia","11":"tag-portugal","12":"tag-pt","13":"tag-science","14":"tag-science-and-technology","15":"tag-scienceandtechnology","16":"tag-technology","17":"tag-tecnologia"},"share_on_mastodon":{"url":"https:\/\/pubeurope.com\/@pt\/115837415156152346","error":""},"_links":{"self":[{"href":"https:\/\/www.europesays.com\/pt\/wp-json\/wp\/v2\/posts\/214608","targetHints":{"allow":["GET"]}}],"collection":[{"href":"https:\/\/www.europesays.com\/pt\/wp-json\/wp\/v2\/posts"}],"about":[{"href":"https:\/\/www.europesays.com\/pt\/wp-json\/wp\/v2\/types\/post"}],"author":[{"embeddable":true,"href":"https:\/\/www.europesays.com\/pt\/wp-json\/wp\/v2\/users\/2"}],"replies":[{"embeddable":true,"href":"https:\/\/www.europesays.com\/pt\/wp-json\/wp\/v2\/comments?post=214608"}],"version-history":[{"count":0,"href":"https:\/\/www.europesays.com\/pt\/wp-json\/wp\/v2\/posts\/214608\/revisions"}],"wp:featuredmedia":[{"embeddable":true,"href":"https:\/\/www.europesays.com\/pt\/wp-json\/wp\/v2\/media\/214609"}],"wp:attachment":[{"href":"https:\/\/www.europesays.com\/pt\/wp-json\/wp\/v2\/media?parent=214608"}],"wp:term":[{"taxonomy":"category","embeddable":true,"href":"https:\/\/www.europesays.com\/pt\/wp-json\/wp\/v2\/categories?post=214608"},{"taxonomy":"post_tag","embeddable":true,"href":"https:\/\/www.europesays.com\/pt\/wp-json\/wp\/v2\/tags?post=214608"}],"curies":[{"name":"wp","href":"https:\/\/api.w.org\/{rel}","templated":true}]}}