{"id":21461,"date":"2025-08-08T18:06:38","date_gmt":"2025-08-08T18:06:38","guid":{"rendered":"https:\/\/www.europesays.com\/pt\/21461\/"},"modified":"2025-08-08T18:06:38","modified_gmt":"2025-08-08T18:06:38","slug":"tribunal-constitucional-chumba-alteracoes-a-lei-de-estrangeiros","status":"publish","type":"post","link":"https:\/\/www.europesays.com\/pt\/21461\/","title":{"rendered":"Tribunal Constitucional chumba altera\u00e7\u00f5es \u00e0 Lei de Estrangeiros"},"content":{"rendered":"<p>&#13;<br \/>\n(em atualiza\u00e7\u00e3o)<br \/>&#13;\n<\/p>\n<p>&#13;<br \/>\nO Tribunal Constitucional (TC) declarou inconstitucionais cinco normas do decreto do Parlamento que aprova o regime jur\u00eddico de entrada, perman\u00eancia, sa\u00edda e afastamento de estrangeiros do territ\u00f3rio nacional.\u00a0&#13;\n<\/p>\n<p>&#13;<br \/>\n<b>O diploma, enviado pelo presidente da Rep\u00fablica ao TC para fiscaliza\u00e7\u00e3o da constitucionalidade no dia 24 de julho, ser\u00e1 agora devolvido ao Parlamento para que sejam expurgadas as normas que violam a lei fundamental.&#13;<br \/>\n<\/b>&#13;\n<\/p>\n<p>Entre as normas chumbadas est\u00e3o v\u00e1rias relativas ao reagrupamento familiar. O Tribunal Constitucional considerou que \u201cao n\u00e3o incluir o c\u00f4njuge ou equiparado, pode impor a desagrega\u00e7\u00e3o da fam\u00edlia nuclear do cidad\u00e3o estrangeiro titular de autoriza\u00e7\u00e3o de resid\u00eancia v\u00e1lida e \u00e9 por isso suscet\u00edvel de conduzir \u00e0 separa\u00e7\u00e3o dos membros da fam\u00edlia desse cidad\u00e3o\u201d. <b>Para o TC, esta \u00e9 uma \u201cviola\u00e7\u00e3o dos direitos consagrados\u201d.<\/b><\/p>\n<p>          <img decoding=\"async\" itemprop=\"image\" class=\"img-fluid\"   src=\"https:\/\/www.europesays.com\/pt\/wp-content\/uploads\/2025\/08\/3119fa1a91614ce0156267beadb98bdd_N.jpg\"\/><\/p>\n<p>\nRelativamente \u00e0 imposi\u00e7\u00e3o de um prazo absoluto de dois anos at\u00e9 \u00e0 apresenta\u00e7\u00e3o do pedido de reagrupamento familiar com todos os membros da fam\u00edlia maiores de idade que se encontrem fora do territ\u00f3rio nacional, o TC considera que <b>esta norma \u201c\u00e9 incompat\u00edvel com a prote\u00e7\u00e3o constitucionalmente devida \u00e0 fam\u00edlia, em particular \u00e0 conviv\u00eancia dos c\u00f4njuges, ou equiparados, entre si\u201d.<\/b><\/p>\n<p>Por outro lado, o TC considerou constitucional a norma do decreto que estabelece que quem \u00e9 titular de certas autoriza\u00e7\u00f5es de resid\u00eancia, por atividade docente, de investimento ou cultural, tem direito &#8220;ao reagrupamento familiar com membros da fam\u00edlia&#8221;, mesmo que n\u00e3o sejam menores, como sucede com outras autoriza\u00e7\u00f5es de resid\u00eancia, o que o Presidente da Rep\u00fablica considerou potencialmente discriminat\u00f3rio.<\/p>\n<p>O presidente do TC considerou que esta norma &#8220;n\u00e3o se afigura desproporcionada nem discriminat\u00f3ria&#8221; relativamente ao artigo da Constitui\u00e7\u00e3o que prev\u00ea que &#8220;ningu\u00e9m pode ser privilegiado, beneficiado, prejudicado, privado de qualquer direito ou isento de qualquer dever em raz\u00e3o de ascend\u00eancia, sexo, ra\u00e7a, l\u00edngua territ\u00f3rio de origem, religi\u00e3o, convic\u00e7\u00f5es pol\u00edticas ou ideol\u00f3gicas, instru\u00e7\u00e3o, situa\u00e7\u00e3o econ\u00f3mica, condi\u00e7\u00e3o social ou orienta\u00e7\u00e3o sexual&#8221;.<br \/>&#13;<br \/>\nMarcelo veta lei<br \/>&#13;<br \/>\n<b>Momentos ap\u00f3s a declara\u00e7\u00e3o do tribunal, o presidente da Rep\u00fablica anunciou que vetou o decreto do Parlamento que aprova o regime jur\u00eddico de entrada, perman\u00eancia, sa\u00edda e afastamento de estrangeiros do territ\u00f3rio nacional.<\/b>&#13;\n<\/p>\n<p>O presidente da Rep\u00fablica tinha pedido uma fiscaliza\u00e7\u00e3o preventiva de constitucionalidade, levantando d\u00favidas relativamente \u00e0s normas sobre direito ao reagrupamento familiar e condi\u00e7\u00f5es para o seu exerc\u00edcio, o prazo para aprecia\u00e7\u00e3o de pedidos pela Ag\u00eancia para a Integra\u00e7\u00e3o Migra\u00e7\u00f5es e Asilo (AIMA) e o direito de recurso.<\/p>\n<p>O novo regime limita os vistos para procura de trabalho ao &#8220;trabalho qualificado&#8221;, restringe o reagrupamento familiar de imigrantes e altera as condi\u00e7\u00f5es para concess\u00e3o de autoriza\u00e7\u00e3o de resid\u00eancia a cidad\u00e3os da Comunidade dos Pa\u00edses de L\u00edngua Portuguesa (CPLP).<\/p>\n<p><b>As altera\u00e7\u00f5es incluem a limita\u00e7\u00e3o dos vistos para procura de trabalho ao &#8220;trabalho qualificado&#8221; \u2013 para pessoas com &#8220;compet\u00eancias t\u00e9cnicas especializadas&#8221;, a definir posteriormente por portaria \u2013 e a restri\u00e7\u00e3o do reagrupamento familiar de imigrantes, com mais direitos nesta mat\u00e9ria para quem tenha certos tipos de autoriza\u00e7\u00e3o de resid\u00eancia, como os chamados &#8220;vistos gold&#8221;.<\/b><\/p>\n<p>Quanto \u00e0 concess\u00e3o de autoriza\u00e7\u00f5es de resid\u00eancia a cidad\u00e3os provenientes da CPLP, e abrangidos pelo respetivo acordo de mobilidade, o novo regime imp\u00f5e como condi\u00e7\u00e3o a posse pr\u00e9via de um visto de resid\u00eancia \u2013 quando atualmente basta um visto de curta dura\u00e7\u00e3o ou uma entrada legal em territ\u00f3rio nacional.<br \/>&#13;<br \/>\n<b><br \/>&#13;<br \/>\nMarcelo Rebelo de Sousa considera que as altera\u00e7\u00f5es \u00e0 lei &#8220;parecem restringir, de forma desproporcional e desigual, o princ\u00edpio da uni\u00e3o familiar, podendo n\u00e3o acautelar o superior interesse da crian\u00e7a, for\u00e7ada a lidar com separa\u00e7\u00f5es prolongadas&#8221;.<\/b><\/p>\n<p>Na opini\u00e3o do presidente da Rep\u00fablica, as altera\u00e7\u00f5es podem provocar o &#8220;aumento de percursos migrat\u00f3rios irregulares por parte de outros membros da fam\u00edlia que passam a estar exclu\u00eddos do direito ao reagrupamento, como \u00e9 o caso do c\u00f4njuge&#8221;.<\/p>\n<p>As altera\u00e7\u00f5es \u00e0 Lei de Estrangeiros foram aprovadas a 16 de julho no Parlamento, com os votos do PSD, Chega e CDS-PP, absten\u00e7\u00e3o da Iniciativa Liberal e o voto contra do PS, Livre, PCP, BE, PAN e JPP.&#13;\n<\/p>\n<p>O primeiro-ministro garantiu na quinta-feira que o Governo n\u00e3o vai &#8220;desistir do objetivo&#8221; de regular a imigra\u00e7\u00e3o. Lu\u00eds Montenegro afirmou que caso os ju\u00edzes do TC chumbassem a lei, o Governo iria fazer ajustes, encontrando solu\u00e7\u00f5es jur\u00eddicas que n\u00e3o desviem do caminho apontado pelo Executivo.<\/p>\n<p>&#13;<br \/>\n(com Lusa)&#13;<\/p>\n","protected":false},"excerpt":{"rendered":"&#13; (em atualiza\u00e7\u00e3o)&#13; &#13; O Tribunal Constitucional (TC) declarou inconstitucionais cinco normas do decreto do Parlamento que aprova&hellip;\n","protected":false},"author":2,"featured_media":21462,"comment_status":"","ping_status":"","sticky":false,"template":"","format":"standard","meta":{"footnotes":""},"categories":[50],"tags":[27,28,1738,15,16,14,25,26,931,21,22,62,12,13,19,20,23,24,17,18,298,29,30,31,63,64,65],"class_list":{"0":"post-21461","1":"post","2":"type-post","3":"status-publish","4":"format-standard","5":"has-post-thumbnail","7":"category-mundo","8":"tag-breaking-news","9":"tag-breakingnews","10":"tag-estrangeiros","11":"tag-featured-news","12":"tag-featurednews","13":"tag-headlines","14":"tag-latest-news","15":"tag-latestnews","16":"tag-lei","17":"tag-main-news","18":"tag-mainnews","19":"tag-mundo","20":"tag-news","21":"tag-noticias","22":"tag-noticias-principais","23":"tag-noticiasprincipais","24":"tag-principais-noticias","25":"tag-principaisnoticias","26":"tag-top-stories","27":"tag-topstories","28":"tag-tribunal-constitucional","29":"tag-ultimas","30":"tag-ultimas-noticias","31":"tag-ultimasnoticias","32":"tag-world","33":"tag-world-news","34":"tag-worldnews"},"share_on_mastodon":{"url":"","error":""},"_links":{"self":[{"href":"https:\/\/www.europesays.com\/pt\/wp-json\/wp\/v2\/posts\/21461","targetHints":{"allow":["GET"]}}],"collection":[{"href":"https:\/\/www.europesays.com\/pt\/wp-json\/wp\/v2\/posts"}],"about":[{"href":"https:\/\/www.europesays.com\/pt\/wp-json\/wp\/v2\/types\/post"}],"author":[{"embeddable":true,"href":"https:\/\/www.europesays.com\/pt\/wp-json\/wp\/v2\/users\/2"}],"replies":[{"embeddable":true,"href":"https:\/\/www.europesays.com\/pt\/wp-json\/wp\/v2\/comments?post=21461"}],"version-history":[{"count":0,"href":"https:\/\/www.europesays.com\/pt\/wp-json\/wp\/v2\/posts\/21461\/revisions"}],"wp:featuredmedia":[{"embeddable":true,"href":"https:\/\/www.europesays.com\/pt\/wp-json\/wp\/v2\/media\/21462"}],"wp:attachment":[{"href":"https:\/\/www.europesays.com\/pt\/wp-json\/wp\/v2\/media?parent=21461"}],"wp:term":[{"taxonomy":"category","embeddable":true,"href":"https:\/\/www.europesays.com\/pt\/wp-json\/wp\/v2\/categories?post=21461"},{"taxonomy":"post_tag","embeddable":true,"href":"https:\/\/www.europesays.com\/pt\/wp-json\/wp\/v2\/tags?post=21461"}],"curies":[{"name":"wp","href":"https:\/\/api.w.org\/{rel}","templated":true}]}}