{"id":214651,"date":"2026-01-04T15:37:11","date_gmt":"2026-01-04T15:37:11","guid":{"rendered":"https:\/\/www.europesays.com\/pt\/214651\/"},"modified":"2026-01-04T15:37:11","modified_gmt":"2026-01-04T15:37:11","slug":"sem-receitas-e-com-prejuizo-regencell-bioscience-ganhou-mais-de-16-000-no-ano-bolsa","status":"publish","type":"post","link":"https:\/\/www.europesays.com\/pt\/214651\/","title":{"rendered":"Sem receitas e com preju\u00edzo, Regencell Bioscience ganhou mais de 16.000% no ano &#8211; Bolsa"},"content":{"rendered":"<p class=\"\">&#13;<br \/>\n        \u00c9 considerada uma <b>&#8220;meme stock&#8221;<\/b> e <b>disparou 16.054% em 2025<\/b>. A Regencell Bioscience foi uma das a\u00e7\u00f5es que <b>mais valorizou no ano passado<\/b>, num dos movimentos <b>mais especulativos do mercado<\/b>, uma vez que a empresa &#8211; que diz <b>desenvolver tratamentos tradicionais \u00e0 base de ervas chinesas<\/b> para tratar o transtorno de d\u00e9fice de aten\u00e7\u00e3o, a hiperatividade infantil e o autismo &#8211; sediada em Hong Kong\u00a0<b>n\u00e3o gera receitas<\/b>.&#13;\n    <\/p>\n","protected":false},"excerpt":{"rendered":"&#13; \u00c9 considerada uma &#8220;meme stock&#8221; e disparou 16.054% em 2025. A Regencell Bioscience foi uma das a\u00e7\u00f5es&hellip;\n","protected":false},"author":2,"featured_media":214652,"comment_status":"","ping_status":"","sticky":false,"template":"","format":"standard","meta":{"footnotes":""},"categories":[85],"tags":[3272,21041,41907,41790,41906,41908,90,114,115,235,28065,41905,12212,1035,32,33,14342,12700],"class_list":{"0":"post-214651","1":"post","2":"type-post","3":"status-publish","4":"format-standard","5":"has-post-thumbnail","7":"category-entretenimento","8":"tag-acoes","9":"tag-amc","10":"tag-amtd-digital","11":"tag-bank-of-america","12":"tag-cnbc","13":"tag-ebay","14":"tag-empresas","15":"tag-entertainment","16":"tag-entretenimento","17":"tag-estados-unidos","18":"tag-farmacos","19":"tag-gamestop","20":"tag-hong-kong","21":"tag-nova-iorque","22":"tag-portugal","23":"tag-pt","24":"tag-robert-f-kennedy-jr","25":"tag-titulos"},"share_on_mastodon":{"url":"https:\/\/pubeurope.com\/@pt\/115837576554629020","error":""},"_links":{"self":[{"href":"https:\/\/www.europesays.com\/pt\/wp-json\/wp\/v2\/posts\/214651","targetHints":{"allow":["GET"]}}],"collection":[{"href":"https:\/\/www.europesays.com\/pt\/wp-json\/wp\/v2\/posts"}],"about":[{"href":"https:\/\/www.europesays.com\/pt\/wp-json\/wp\/v2\/types\/post"}],"author":[{"embeddable":true,"href":"https:\/\/www.europesays.com\/pt\/wp-json\/wp\/v2\/users\/2"}],"replies":[{"embeddable":true,"href":"https:\/\/www.europesays.com\/pt\/wp-json\/wp\/v2\/comments?post=214651"}],"version-history":[{"count":0,"href":"https:\/\/www.europesays.com\/pt\/wp-json\/wp\/v2\/posts\/214651\/revisions"}],"wp:featuredmedia":[{"embeddable":true,"href":"https:\/\/www.europesays.com\/pt\/wp-json\/wp\/v2\/media\/214652"}],"wp:attachment":[{"href":"https:\/\/www.europesays.com\/pt\/wp-json\/wp\/v2\/media?parent=214651"}],"wp:term":[{"taxonomy":"category","embeddable":true,"href":"https:\/\/www.europesays.com\/pt\/wp-json\/wp\/v2\/categories?post=214651"},{"taxonomy":"post_tag","embeddable":true,"href":"https:\/\/www.europesays.com\/pt\/wp-json\/wp\/v2\/tags?post=214651"}],"curies":[{"name":"wp","href":"https:\/\/api.w.org\/{rel}","templated":true}]}}