{"id":214676,"date":"2026-01-04T16:02:06","date_gmt":"2026-01-04T16:02:06","guid":{"rendered":"https:\/\/www.europesays.com\/pt\/214676\/"},"modified":"2026-01-04T16:02:06","modified_gmt":"2026-01-04T16:02:06","slug":"homem-aranha-um-novo-dia-tera-vilao-obscuro-com-conexao-aos-x-men-diz-rumor","status":"publish","type":"post","link":"https:\/\/www.europesays.com\/pt\/214676\/","title":{"rendered":"Homem-Aranha: Um Novo Dia ter\u00e1 vil\u00e3o obscuro com conex\u00e3o aos X-Men, diz rumor"},"content":{"rendered":"<p class=\"wp-block-yoast-seo-estimated-reading-time yoast-reading-time__wrapper\">Estimated reading time: 2 minutos<\/p>\n<p>Em p\u00f3s-produ\u00e7\u00e3o na <strong>Sony Pictures<\/strong>, <a href=\"https:\/\/ovicio.com.br\/tag\/homem-aranha-um-novo-dia\/\" target=\"_blank\" rel=\"noreferrer noopener nofollow\">Homem-Aranha: Um Novo Dia<\/a> realmente pode trazer conex\u00f5es interessantes com a franquia dos <strong>X-Men<\/strong>.<\/p>\n<p>Al\u00e9m de especula\u00e7\u00f5es envolvendo <strong>Sadie Sink<\/strong> (Stranger Things) como Jean Grey, parece que um vil\u00e3o obscuro tamb\u00e9m est\u00e1 a caminho.<\/p>\n<p>Supostamente, <strong>Billy Clements<\/strong> (int\u00e9rprete do Russo em <strong>Deadpool &amp; Wolverine<\/strong>) aparecer\u00e1 &#8220;<strong>em uma cena r\u00e1pida<\/strong>&#8221; como Ramrod.<\/p>\n<p>Nos quadrinhos, sua verdadeira identidade \u00e9 Malcolm Colcord, um agente do governo dos Estados Unidos e diretor do Projeto: Wideawake, um programa criado para desenvolver e implantar os Sentinelas com o objetivo de ca\u00e7ar e neutralizar mutantes.<\/p>\n<p>Ap\u00f3s um confronto contra a <strong>X-Force<\/strong>, Colcord sofreu ferimentos graves e acabou sendo reconstru\u00eddo como um ciborgue, adotando o codinome Ramrod.<\/p>\n<blockquote class=\"twitter-tweet\">\n<p lang=\"en\" dir=\"ltr\">I hear Billy Clements who played Russian in DP&amp;W is playing ramrod in BND. Likely a quick scene. Take it as a rumor from me. <a href=\"https:\/\/t.co\/5hs66ttIUo\" rel=\"nofollow\">pic.twitter.com\/5hs66ttIUo<\/a><\/p>\n<p>\u2014 Cryptic HD QUALITY (@Cryptic4KQual) <a href=\"https:\/\/twitter.com\/Cryptic4KQual\/status\/2007816565199184065?ref_src=twsrc%5Etfw\" rel=\"nofollow noopener\" target=\"_blank\">January 4, 2026<\/a><\/p>\n<\/blockquote>\n<p>A trama pode mostrar Jean Grey sendo ca\u00e7ada pelo Departamento de Controle de Danos, e o Justiceiro (<strong>Jon Bernthal<\/strong>) tentando proteg\u00ea-la.<\/p>\n<p>Ap\u00f3s os eventos de\u00a0<strong>Vingadores: Guerras Secretas<\/strong>, a organiza\u00e7\u00e3o teria um papel ativo em\u00a0<strong>monitorar e conter mutantes<\/strong>, possivelmente utilizando recursos da\u00a0<strong>Ind\u00fastrias Stark<\/strong>\u00a0apreendidos para criar\u00a0<strong>Sentinelas<\/strong>.<\/p>\n<p>Leia mais sobre Homem-Aranha:<\/p>\n<p>O t\u00edtulo do filme \u00e9 uma refer\u00eancia direta ao arco dos quadrinhos publicado em 2008, que seguiu a controversa hist\u00f3ria\u00a0<strong>Um Dia a Mais<\/strong>, na qual o casamento de Peter Parker com Mary Jane Watson foi apagado da exist\u00eancia por Mefisto.<\/p>\n<p>A estreia est\u00e1 marcada para\u00a0<strong>31 de julho de 2026<\/strong>.<\/p>\n<p><strong>Fonte<\/strong>: <a href=\"https:\/\/x.com\/Cryptic4KQual\/status\/2007816565199184065\" target=\"_blank\" rel=\"noreferrer noopener nofollow\">X<\/a><\/p>\n<p><script async src=\"https:\/\/platform.twitter.com\/widgets.js\" charset=\"utf-8\"><\/script><\/p>\n","protected":false},"excerpt":{"rendered":"Estimated reading time: 2 minutos Em p\u00f3s-produ\u00e7\u00e3o na Sony Pictures, Homem-Aranha: Um Novo Dia realmente pode trazer conex\u00f5es&hellip;\n","protected":false},"author":2,"featured_media":214677,"comment_status":"","ping_status":"","sticky":false,"template":"","format":"standard","meta":{"footnotes":""},"categories":[140],"tags":[114,115,147,148,10305,792,12733,146,32,33],"class_list":{"0":"post-214676","1":"post","2":"type-post","3":"status-publish","4":"format-standard","5":"has-post-thumbnail","7":"category-filmes","8":"tag-entertainment","9":"tag-entretenimento","10":"tag-film","11":"tag-filmes","12":"tag-homem-aranha-um-novo-dia","13":"tag-marvel","14":"tag-marvel-studios","15":"tag-movies","16":"tag-portugal","17":"tag-pt"},"share_on_mastodon":{"url":"https:\/\/pubeurope.com\/@pt\/115837674681812469","error":""},"_links":{"self":[{"href":"https:\/\/www.europesays.com\/pt\/wp-json\/wp\/v2\/posts\/214676","targetHints":{"allow":["GET"]}}],"collection":[{"href":"https:\/\/www.europesays.com\/pt\/wp-json\/wp\/v2\/posts"}],"about":[{"href":"https:\/\/www.europesays.com\/pt\/wp-json\/wp\/v2\/types\/post"}],"author":[{"embeddable":true,"href":"https:\/\/www.europesays.com\/pt\/wp-json\/wp\/v2\/users\/2"}],"replies":[{"embeddable":true,"href":"https:\/\/www.europesays.com\/pt\/wp-json\/wp\/v2\/comments?post=214676"}],"version-history":[{"count":0,"href":"https:\/\/www.europesays.com\/pt\/wp-json\/wp\/v2\/posts\/214676\/revisions"}],"wp:featuredmedia":[{"embeddable":true,"href":"https:\/\/www.europesays.com\/pt\/wp-json\/wp\/v2\/media\/214677"}],"wp:attachment":[{"href":"https:\/\/www.europesays.com\/pt\/wp-json\/wp\/v2\/media?parent=214676"}],"wp:term":[{"taxonomy":"category","embeddable":true,"href":"https:\/\/www.europesays.com\/pt\/wp-json\/wp\/v2\/categories?post=214676"},{"taxonomy":"post_tag","embeddable":true,"href":"https:\/\/www.europesays.com\/pt\/wp-json\/wp\/v2\/tags?post=214676"}],"curies":[{"name":"wp","href":"https:\/\/api.w.org\/{rel}","templated":true}]}}