{"id":214691,"date":"2026-01-04T16:14:07","date_gmt":"2026-01-04T16:14:07","guid":{"rendered":"https:\/\/www.europesays.com\/pt\/214691\/"},"modified":"2026-01-04T16:14:07","modified_gmt":"2026-01-04T16:14:07","slug":"os-100-anos-das-photobooths-analogicas-e-o-seu-regresso-observador","status":"publish","type":"post","link":"https:\/\/www.europesays.com\/pt\/214691\/","title":{"rendered":"Os 100 anos das photobooths anal\u00f3gicas e o seu regresso \u2013 Observador"},"content":{"rendered":"<p>Hannah Roddam-Kitt, por sua vez, destaca a adapta\u00e7\u00e3o do povo portugu\u00eas a um instrumento t\u00e3o associado a burocracia: \u201cComo os europeus e os portugueses n\u00e3o tinham uma associa\u00e7\u00e3o divertida com as cabines, \u00e9 algo novo aqui. N\u00e3o \u00e9 a primeira vez que uma cabine fotogr\u00e1fica est\u00e1 aqui, mas \u00e9 a primeira vez que \u00e9 uma experi\u00eancia nova e divertida. E tem sido muito interessante ver os portugueses, principalmente os mais jovens, a entrar. <strong>E \u00e9 como se eles estivessem a experimentar cabines fotogr\u00e1ficas pela primeira vez<\/strong>\u201c, explica, acrescentando que, apesar de a maioria dos clientes serem turistas que v\u00e3o de prop\u00f3sito ao Machimbombo para tirar uma fotografia na Rhonda, h\u00e1 cada vez mais locais a aderir e a olhar para aquela tira a preto e branco como um souvenir daquele momento.<\/p>\n<p>Esse \u00e9 vivido de forma diferente quer se v\u00e1 sozinho ou acompanhado. Para Hannah a coragem de entrar sozinha numa cabine de fotografia \u00e9 maior do que quando se vai com um amigo ou namorado, onde a din\u00e2mica chega a ser performativa, com \u201ccaretas e l\u00ednguas de fora\u201d, uma vez que, a experi\u00eancia do cliente apenas e s\u00f3 com a m\u00e1quina <strong>\u00e9 \u201ccomo uma forma de auto-explora\u00e7\u00e3o e documenta\u00e7\u00e3o, \u00e9 um ato de intencionalidade\u201d<\/strong>, afirma, sustentada por Mauro que descreve aquele como \u201co seu espa\u00e7o \u00edntimo\u201d a partir do momento em que se fecha a cortina: \u201cQuando se est\u00e1 sozinho, sai e a foto \u00e9 nossa. N\u00e3o h\u00e1 duplicadas, nada, \u00e9 s\u00f3 nossa. Acho que \u00e9 isso que d\u00e1 \u00e0s pessoas essa sensa\u00e7\u00e3o de liberta\u00e7\u00e3o. Posso ser eu mesmo neste espa\u00e7o\u201d. \u201c\u00c9 t\u00e3o incr\u00edvel que as pessoas possam fazer isso atrav\u00e9s desta m\u00e1quina, deste rob\u00f4 hist\u00f3rico antigo. \u00c9 louco\u201d, acrescenta Hannah.<\/p>\n<p>H\u00e1, no entanto, quem nem sempre tenha uma boa experi\u00eancia numa cabine fotogr\u00e1fica, e, neste caso, anal\u00f3gica. \u201cAs cabines fotogr\u00e1ficas s\u00e3o mais projetadas para pessoas brancas\u201d, come\u00e7a por dizer Mauro antes de se aventurar pela mem\u00f3ria da primeira vez que entrou numa. Estava no Luxemburgo com a namorada quando pensaram em ter um momento rom\u00e2ntico de casal numa photobooth.\u00a0Entraram, fecharam a cortina, pagaram, sorriram e quando foram ver o resultado final, saiu \u201cmuito mal\u201d para Mauro: \u201cBasicamente notava-se a minha namorada e a mim n\u00e3o. Estava muito escuro\u201d. Deram uma segunda oportunidade e, quando o resultado foi o mesmo, o t\u00e9cnico e fot\u00f3grafo decidiu que n\u00e3o voltaria a entrar numa cabine fotogr\u00e1fica. \u201cNa Rhona procuramos especificamente que as configura\u00e7\u00f5es sejam equilibradas, porque nas cabines fotogr\u00e1ficas anal\u00f3gicas as configura\u00e7\u00f5es s\u00e3o fixas. N\u00e3o \u00e9 uma falha humana, \u00e9 uma falha de design\u201d, revela Hannah, acrescentando que, ao contr\u00e1rio do que muitas vezes v\u00ea nas redes sociais, com testemunhos de pessoas negras a <strong>acusarem as cabines fotogr\u00e1ficas de serem experi\u00eancias racistas<\/strong>, a Rhonda \u00e9 j\u00e1 conhecida por ser \u201cuma aliada\u201d. \u201cH\u00e1 limita\u00e7\u00f5es no que podemos fazer, mas eu n\u00e3o me importo que fa\u00e7amos a minha cabine fotogr\u00e1fica para as pessoas brancas parecerem um pouco mais desbotadas e mais brilhantes, se pessoas como o Mauro puderem parecer mais ou menos consigo mesmas\u201d, revelou.<\/p>\n","protected":false},"excerpt":{"rendered":"Hannah Roddam-Kitt, por sua vez, destaca a adapta\u00e7\u00e3o do povo portugu\u00eas a um instrumento t\u00e3o associado a burocracia:&hellip;\n","protected":false},"author":2,"featured_media":214692,"comment_status":"","ping_status":"","sticky":false,"template":"","format":"standard","meta":{"footnotes":""},"categories":[144],"tags":[207,205,206,203,201,202,315,204,114,115,2085,186,1079,32,33,41910],"class_list":{"0":"post-214691","1":"post","2":"type-post","3":"status-publish","4":"format-standard","5":"has-post-thumbnail","7":"category-arte-e-design","8":"tag-arte","9":"tag-arte-e-design","10":"tag-artedesign","11":"tag-arts","12":"tag-arts-and-design","13":"tag-artsanddesign","14":"tag-cultura","15":"tag-design","16":"tag-entertainment","17":"tag-entretenimento","18":"tag-fotografia","19":"tag-lifestyle","20":"tag-moda","21":"tag-portugal","22":"tag-pt","23":"tag-tendu00eancias"},"share_on_mastodon":{"url":"https:\/\/pubeurope.com\/@pt\/115837721802279583","error":""},"_links":{"self":[{"href":"https:\/\/www.europesays.com\/pt\/wp-json\/wp\/v2\/posts\/214691","targetHints":{"allow":["GET"]}}],"collection":[{"href":"https:\/\/www.europesays.com\/pt\/wp-json\/wp\/v2\/posts"}],"about":[{"href":"https:\/\/www.europesays.com\/pt\/wp-json\/wp\/v2\/types\/post"}],"author":[{"embeddable":true,"href":"https:\/\/www.europesays.com\/pt\/wp-json\/wp\/v2\/users\/2"}],"replies":[{"embeddable":true,"href":"https:\/\/www.europesays.com\/pt\/wp-json\/wp\/v2\/comments?post=214691"}],"version-history":[{"count":0,"href":"https:\/\/www.europesays.com\/pt\/wp-json\/wp\/v2\/posts\/214691\/revisions"}],"wp:featuredmedia":[{"embeddable":true,"href":"https:\/\/www.europesays.com\/pt\/wp-json\/wp\/v2\/media\/214692"}],"wp:attachment":[{"href":"https:\/\/www.europesays.com\/pt\/wp-json\/wp\/v2\/media?parent=214691"}],"wp:term":[{"taxonomy":"category","embeddable":true,"href":"https:\/\/www.europesays.com\/pt\/wp-json\/wp\/v2\/categories?post=214691"},{"taxonomy":"post_tag","embeddable":true,"href":"https:\/\/www.europesays.com\/pt\/wp-json\/wp\/v2\/tags?post=214691"}],"curies":[{"name":"wp","href":"https:\/\/api.w.org\/{rel}","templated":true}]}}