{"id":214707,"date":"2026-01-04T16:28:20","date_gmt":"2026-01-04T16:28:20","guid":{"rendered":"https:\/\/www.europesays.com\/pt\/214707\/"},"modified":"2026-01-04T16:28:20","modified_gmt":"2026-01-04T16:28:20","slug":"rafael-bokor-edificio-julio-barros-barreto-um-icone-do-modernismo","status":"publish","type":"post","link":"https:\/\/www.europesays.com\/pt\/214707\/","title":{"rendered":"Rafael Bokor: Edif\u00edcio J\u00falio Barros Barreto, um \u00edcone do modernismo"},"content":{"rendered":"<p>\t\t\t\t\t\t                                \u00a0(Rafael Bokor\/Divulga\u00e7\u00e3o)<\/p>\n<p>                                    Continua ap\u00f3s publicidade<\/p>\n<p>    <img loading=\"lazy\" decoding=\"async\" alt=\"Rafael Bokor\" class=\"aligncenter size-large wp-image-480397\" src=\"https:\/\/www.europesays.com\/pt\/wp-content\/uploads\/2026\/01\/IMG_9625.jpeg\" border=\"0\" title=\"\" width=\"650\" height=\"651\" data-restrict=\"false\" data-portal-copyright=\"Rafael Bokor\" data-image-caption=\"\" data-image-title=\"\" data-image-source=\"Divulga\u00e7\u00e3o\"\/><br \/>\n     \u2013 (Rafael Bokor\/Divulga\u00e7\u00e3o)<\/p>\n<p>    <img loading=\"lazy\" decoding=\"async\" alt=\"asdsd\" class=\"aligncenter size-large wp-image-480396\" src=\"https:\/\/www.europesays.com\/pt\/wp-content\/uploads\/2026\/01\/IMG_9626.jpeg\" border=\"0\" title=\"\" width=\"650\" height=\"651\" data-restrict=\"false\" data-portal-copyright=\"Rafael Bokor\" data-image-caption=\"\" data-image-title=\"\" data-image-source=\"Divulga\u00e7\u00e3o\"\/><br \/>\n     \u2013 (Rafael Bokor\/Divulga\u00e7\u00e3o)<\/p>\n<p>    <img loading=\"lazy\" decoding=\"async\" alt=\"Rafael Bokor\" class=\"aligncenter size-large wp-image-480395\" src=\"https:\/\/www.europesays.com\/pt\/wp-content\/uploads\/2026\/01\/IMG_9627.jpeg\" border=\"0\" title=\"\" width=\"650\" height=\"650\" data-restrict=\"false\" data-portal-copyright=\"Rafael Bokor\" data-image-caption=\"\" data-image-title=\"\" data-image-source=\"Divulga\u00e7\u00e3o\"\/><br \/>\n     \u2013 (Rafael Bokor\/Divulga\u00e7\u00e3o)<\/p>\n<p>O Edif\u00edcio J\u00falio de Barros Barreto \u00e9 um dos grandes \u00edcones da arquitetura modernista do Rio. Projetado pelos Irm\u00e3os Roberto, em 1947, foi constru\u00eddo pelo Fundo de Pens\u00e3o da Previd\u00eancia Social no n\u00famero 61 da Rua Fernando Ferrari, em Botafogo.<\/p>\n<p>    <img loading=\"lazy\" decoding=\"async\" alt=\"ad\" class=\"aligncenter size-large wp-image-480394\" src=\"https:\/\/www.europesays.com\/pt\/wp-content\/uploads\/2026\/01\/IMG_9628.jpeg\" border=\"0\" title=\"\" width=\"650\" height=\"650\" data-restrict=\"false\" data-portal-copyright=\"Rafael Bokor\" data-image-caption=\"\" data-image-title=\"\" data-image-source=\"Divulga\u00e7\u00e3o\"\/><br \/>\n     \u2013 (Rafael Bokor\/Divulga\u00e7\u00e3o)<\/p>\n<p>    <img loading=\"lazy\" decoding=\"async\" alt=\"Rafael Bokor\" class=\"aligncenter size-large wp-image-480393\" src=\"https:\/\/www.europesays.com\/pt\/wp-content\/uploads\/2026\/01\/IMG_9629.jpeg\" border=\"0\" title=\"\" width=\"650\" height=\"650\" data-restrict=\"false\" data-portal-copyright=\"Rafael Bokor\" data-image-caption=\"\" data-image-title=\"\" data-image-source=\"Divulga\u00e7\u00e3o\"\/><br \/>\n     \u2013 (Rafael Bokor\/Divulga\u00e7\u00e3o)<\/p>\n<p>    Continua ap\u00f3s a publicidade<\/p>\n<p>    <img loading=\"lazy\" decoding=\"async\" alt=\"Rafael Bokor\" class=\"aligncenter size-large wp-image-480392\" src=\"https:\/\/www.europesays.com\/pt\/wp-content\/uploads\/2026\/01\/IMG_9630.jpeg\" border=\"0\" title=\"\" width=\"650\" height=\"650\" data-restrict=\"false\" data-portal-copyright=\"Rafael Bokor\" data-image-caption=\"\" data-image-title=\"\" data-image-source=\"Divulga\u00e7\u00e3o\"\/><br \/>\n     \u2013 (Rafael Bokor\/Divulga\u00e7\u00e3o)<\/p>\n<p>    <img loading=\"lazy\" decoding=\"async\" alt=\"Rafael Bokor\" class=\"aligncenter size-large wp-image-480391\" src=\"https:\/\/www.europesays.com\/pt\/wp-content\/uploads\/2026\/01\/IMG_9631.jpeg\" border=\"0\" title=\"\" width=\"650\" height=\"650\" data-restrict=\"false\" data-portal-copyright=\"Rafael Bokor\" data-image-caption=\"\" data-image-title=\"\" data-image-source=\"Divulga\u00e7\u00e3o\"\/><br \/>\n     \u2013 (Rafael Bokor\/Divulga\u00e7\u00e3o)<\/p>\n<p>O pr\u00e9dio tem dois blocos de sete andares e, ao todo, oitenta apartamentos duplex voltados para a bel\u00edssima paisagem da Praia de Botafogo e do P\u00e3o de A\u00e7\u00facar. A \u00e1rea \u00edntima das unidades fica no piso superior; a \u00e1rea social, no piso inferior; e a de servi\u00e7o, em um patamar intermedi\u00e1rio.<\/p>\n<p>Os amplos corredores das \u00e1reas de circula\u00e7\u00e3o t\u00eam piso de tacos de peroba do campo. A constru\u00e7\u00e3o re\u00fane diversos pontos fortes: ventila\u00e7\u00e3o cruzada, varandas generosas, vista para o Cristo Redentor nos corredores de servi\u00e7o, unidades duplex e um terreno amplo, com \u00e1reas comuns integradas ao verde de Botafogo.<\/p>\n<p>    Continua ap\u00f3s a publicidade<\/p>\n<p>    <img loading=\"lazy\" decoding=\"async\" alt=\"Rafael Bokor\" class=\"aligncenter size-large wp-image-480390\" src=\"https:\/\/www.europesays.com\/pt\/wp-content\/uploads\/2026\/01\/IMG_9632.jpeg\" border=\"0\" title=\"\" width=\"650\" height=\"650\" data-restrict=\"false\" data-portal-copyright=\"Rafael Bokor\" data-image-caption=\"\" data-image-title=\"\" data-image-source=\"Divulga\u00e7\u00e3o\"\/><br \/>\n     \u2013 (Rafael Bokor\/Divulga\u00e7\u00e3o)<\/p>\n<p>    <img loading=\"lazy\" decoding=\"async\" alt=\"Rafael Bokor\" class=\"aligncenter size-large wp-image-480389\" src=\"https:\/\/www.europesays.com\/pt\/wp-content\/uploads\/2026\/01\/IMG_9633.jpeg\" border=\"0\" title=\"\" width=\"650\" height=\"650\" data-restrict=\"false\" data-portal-copyright=\"Rafael Bokor\" data-image-caption=\"\" data-image-title=\"\" data-image-source=\"Divulga\u00e7\u00e3o\"\/><br \/>\n     \u2013 (Rafael Bokor\/Divulga\u00e7\u00e3o)<\/p>\n<p>    <img loading=\"lazy\" decoding=\"async\" alt=\"Rafael Bokor\" class=\"aligncenter size-large wp-image-480388\" src=\"https:\/\/www.europesays.com\/pt\/wp-content\/uploads\/2026\/01\/IMG_9634.jpeg\" border=\"0\" title=\"\" width=\"650\" height=\"650\" data-restrict=\"false\" data-portal-copyright=\"Rafael Bokor\" data-image-caption=\"\" data-image-title=\"\" data-image-source=\"Divulga\u00e7\u00e3o\"\/><br \/>\n     \u2013 (Rafael Bokor\/Divulga\u00e7\u00e3o)<\/p>\n<p>    <img loading=\"lazy\" decoding=\"async\" alt=\"Rafael Bokor\" class=\"aligncenter size-large wp-image-480387\" src=\"https:\/\/www.europesays.com\/pt\/wp-content\/uploads\/2026\/01\/IMG_9635.jpeg\" border=\"0\" title=\"\" width=\"650\" height=\"650\" data-restrict=\"false\" data-portal-copyright=\"Rafael Bokor\" data-image-caption=\"\" data-image-title=\"\" data-image-source=\"Divulga\u00e7\u00e3o\"\/><br \/>\n     \u2013 (Rafael Bokor\/Divulga\u00e7\u00e3o)<\/p>\n<p>    Continua ap\u00f3s a publicidade<\/p>\n<p>    <img loading=\"lazy\" decoding=\"async\" alt=\"Rafael Bokor\" class=\"aligncenter size-large wp-image-480386\" src=\"https:\/\/www.europesays.com\/pt\/wp-content\/uploads\/2026\/01\/IMG_9636.jpeg\" border=\"0\" title=\"\" width=\"650\" height=\"650\" data-restrict=\"false\" data-portal-copyright=\"Rafael Bokor\" data-image-caption=\"\" data-image-title=\"\" data-image-source=\"Divulga\u00e7\u00e3o\"\/><br \/>\n     \u2013 (Rafael Bokor\/Divulga\u00e7\u00e3o)<\/p>\n<p>    <img loading=\"lazy\" decoding=\"async\" alt=\"asddsa\" class=\"aligncenter size-large wp-image-480385\" src=\"https:\/\/www.europesays.com\/pt\/wp-content\/uploads\/2026\/01\/IMG_9637.jpeg\" border=\"0\" title=\"\" width=\"650\" height=\"650\" data-restrict=\"false\" data-portal-copyright=\"Rafael Bokor\" data-image-caption=\"\" data-image-title=\"\" data-image-source=\"Divulga\u00e7\u00e3o\"\/><br \/>\n     \u2013 (Rafael Bokor\/Divulga\u00e7\u00e3o)<\/p>\n<p>A combina\u00e7\u00e3o de cores da fachada \u00e9 uma das marcas registradas dos Irm\u00e3os Roberto. Aqui, o azul e o branco se encontram em perfeita harmonia. Atualmente, um apartamento do sexto andar est\u00e1 \u00e0 venda (@julianamalafaia ou (21) 99856-7837.) pelo valor de R$ 1.390.000.<\/p>\n<p>    <img loading=\"lazy\" decoding=\"async\" alt=\"asdsa\" class=\"aligncenter size-large wp-image-480384\" src=\"https:\/\/www.europesays.com\/pt\/wp-content\/uploads\/2026\/01\/IMG_9638.jpeg\" border=\"0\" title=\"\" width=\"650\" height=\"650\" data-restrict=\"false\" data-portal-copyright=\"Rafael Bokor\" data-image-caption=\"\" data-image-title=\"\" data-image-source=\"Divulga\u00e7\u00e3o\"\/><br \/>\n     \u2013 (Rafael Bokor\/Divulga\u00e7\u00e3o)<\/p>\n<p>    Continua ap\u00f3s a publicidade<\/p>\n<p>    <img loading=\"lazy\" decoding=\"async\" alt=\"ads\" class=\"aligncenter size-large wp-image-480383\" src=\"https:\/\/www.europesays.com\/pt\/wp-content\/uploads\/2026\/01\/IMG_9639.jpeg\" border=\"0\" title=\"\" width=\"650\" height=\"650\" data-restrict=\"false\" data-portal-copyright=\"Rafael Bokor\" data-image-caption=\"\" data-image-title=\"\" data-image-source=\"Divulga\u00e7\u00e3o\"\/><br \/>\n     \u2013 (Rafael Bokor\/Divulga\u00e7\u00e3o)<\/p>\n<p>    <img loading=\"lazy\" decoding=\"async\" alt=\"das\" class=\"aligncenter size-large wp-image-480382\" src=\"https:\/\/www.europesays.com\/pt\/wp-content\/uploads\/2026\/01\/IMG_9640.jpeg\" border=\"0\" title=\"\" width=\"650\" height=\"650\" data-restrict=\"false\" data-portal-copyright=\"Rafael Bokor\" data-image-caption=\"\" data-image-title=\"\" data-image-source=\"Divulga\u00e7\u00e3o\"\/><br \/>\n     \u2013 (Rafael Bokor\/Divulga\u00e7\u00e3o)<\/p>\n<p>    <img loading=\"lazy\" decoding=\"async\" alt=\"as\" class=\"aligncenter size-large wp-image-480381\" src=\"https:\/\/www.europesays.com\/pt\/wp-content\/uploads\/2026\/01\/IMG_9641.jpeg\" border=\"0\" title=\"\" width=\"650\" height=\"650\" data-restrict=\"false\" data-portal-copyright=\"Rafael Bokor\" data-image-caption=\"\" data-image-title=\"\" data-image-source=\"Divulga\u00e7\u00e3o\"\/><br \/>\n     \u2013 (Rafael Bokor\/Divulga\u00e7\u00e3o)<\/p>\n<p>    <img loading=\"lazy\" decoding=\"async\" alt=\"ads\" class=\"aligncenter size-large wp-image-480380\" src=\"https:\/\/www.europesays.com\/pt\/wp-content\/uploads\/2026\/01\/IMG_9642.jpeg\" border=\"0\" title=\"\" width=\"650\" height=\"650\" data-restrict=\"false\" data-portal-copyright=\"Rafael Bokor\" data-image-caption=\"\" data-image-title=\"\" data-image-source=\"Divulga\u00e7\u00e3o\"\/><br \/>\n     \u2013 (Rafael Bokor\/Divulga\u00e7\u00e3o)<\/p>\n<p>    Continua ap\u00f3s a publicidade<\/p>\n<p>    <img loading=\"lazy\" decoding=\"async\" alt=\"ad\" class=\"aligncenter size-large wp-image-480379\" src=\"https:\/\/www.europesays.com\/pt\/wp-content\/uploads\/2026\/01\/IMG_9643.jpeg\" border=\"0\" title=\"\" width=\"650\" height=\"650\" data-restrict=\"false\" data-portal-copyright=\"Rafael Bokor\" data-image-caption=\"\" data-image-title=\"\" data-image-source=\"Divulga\u00e7\u00e3o\"\/><br \/>\n     \u2013 (Rafael Bokor\/Divulga\u00e7\u00e3o)<\/p>\n<p>O apartamento duplex possui 118 m\u00b2, 3 quartos, escrit\u00f3rio e varanda com uma linda vista. O condom\u00ednio custa R$ 1.500, e o IPTU anual \u00e9 de R$ 2.500. Todos os apartamentos contam com vaga na garagem.<\/p>\n<p>    <img loading=\"lazy\" decoding=\"async\" alt=\"bokor\" class=\"aligncenter size-large wp-image-399543\" src=\"https:\/\/www.europesays.com\/pt\/wp-content\/uploads\/2026\/01\/rafael-bokor-nova-tarja-2023-1024x342-1.webp.jpeg\" border=\"0\" title=\"rafael-bokor-nova-tarja-2023-1024\u00d7342\" width=\"650\" height=\"217\" data-restrict=\"false\" data-portal-copyright=\"Divulga\u00e7\u00e3o\" data-image-caption=\"\" data-image-title=\"\" data-image-source=\"Divulga\u00e7\u00e3o\"\/><br \/>\n     \u2013 (Divulga\u00e7\u00e3o\/Divulga\u00e7\u00e3o)<\/p>\n","protected":false},"excerpt":{"rendered":"\u00a0(Rafael Bokor\/Divulga\u00e7\u00e3o) Continua ap\u00f3s publicidade \u2013 (Rafael Bokor\/Divulga\u00e7\u00e3o) \u2013 (Rafael Bokor\/Divulga\u00e7\u00e3o) \u2013 (Rafael Bokor\/Divulga\u00e7\u00e3o) O Edif\u00edcio J\u00falio de&hellip;\n","protected":false},"author":2,"featured_media":214708,"comment_status":"","ping_status":"","sticky":false,"template":"","format":"standard","meta":{"footnotes":""},"categories":[144],"tags":[207,205,206,203,201,202,204,114,115,32,33],"class_list":{"0":"post-214707","1":"post","2":"type-post","3":"status-publish","4":"format-standard","5":"has-post-thumbnail","7":"category-arte-e-design","8":"tag-arte","9":"tag-arte-e-design","10":"tag-artedesign","11":"tag-arts","12":"tag-arts-and-design","13":"tag-artsanddesign","14":"tag-design","15":"tag-entertainment","16":"tag-entretenimento","17":"tag-portugal","18":"tag-pt"},"share_on_mastodon":{"url":"https:\/\/pubeurope.com\/@pt\/115837777172662246","error":""},"_links":{"self":[{"href":"https:\/\/www.europesays.com\/pt\/wp-json\/wp\/v2\/posts\/214707","targetHints":{"allow":["GET"]}}],"collection":[{"href":"https:\/\/www.europesays.com\/pt\/wp-json\/wp\/v2\/posts"}],"about":[{"href":"https:\/\/www.europesays.com\/pt\/wp-json\/wp\/v2\/types\/post"}],"author":[{"embeddable":true,"href":"https:\/\/www.europesays.com\/pt\/wp-json\/wp\/v2\/users\/2"}],"replies":[{"embeddable":true,"href":"https:\/\/www.europesays.com\/pt\/wp-json\/wp\/v2\/comments?post=214707"}],"version-history":[{"count":0,"href":"https:\/\/www.europesays.com\/pt\/wp-json\/wp\/v2\/posts\/214707\/revisions"}],"wp:featuredmedia":[{"embeddable":true,"href":"https:\/\/www.europesays.com\/pt\/wp-json\/wp\/v2\/media\/214708"}],"wp:attachment":[{"href":"https:\/\/www.europesays.com\/pt\/wp-json\/wp\/v2\/media?parent=214707"}],"wp:term":[{"taxonomy":"category","embeddable":true,"href":"https:\/\/www.europesays.com\/pt\/wp-json\/wp\/v2\/categories?post=214707"},{"taxonomy":"post_tag","embeddable":true,"href":"https:\/\/www.europesays.com\/pt\/wp-json\/wp\/v2\/tags?post=214707"}],"curies":[{"name":"wp","href":"https:\/\/api.w.org\/{rel}","templated":true}]}}