{"id":214792,"date":"2026-01-04T17:44:06","date_gmt":"2026-01-04T17:44:06","guid":{"rendered":"https:\/\/www.europesays.com\/pt\/214792\/"},"modified":"2026-01-04T17:44:06","modified_gmt":"2026-01-04T17:44:06","slug":"vingadores-doutor-destino-owen-wilson-retornara-como-mobius-diz-rumor","status":"publish","type":"post","link":"https:\/\/www.europesays.com\/pt\/214792\/","title":{"rendered":"Vingadores: Doutor Destino | Owen Wilson retornar\u00e1 como Mobius, diz rumor"},"content":{"rendered":"<p class=\"wp-block-yoast-seo-estimated-reading-time yoast-reading-time__wrapper\">Estimated reading time: 1 minuto<\/p>\n<p>De acordo com informa\u00e7\u00f5es do insider <strong>Daniel RPK<\/strong>, <strong>Owen Wilson<\/strong> est\u00e1 definido para retornar ao papel de <strong>Mobius<\/strong> em <a href=\"https:\/\/ovicio.com.br\/tag\/vingadores-doutor-destino\/\" rel=\"nofollow noopener\" target=\"_blank\">Vingadores: Doutor Destino<\/a>.<\/p>\n<p>O personagem foi visto pela \u00faltima vez no final da 2\u00aa temporada de <strong>Loki<\/strong>, quando decidiu deixar a <strong>AVT<\/strong> para experimentar uma vida normal na <strong>Linha do Tempo<\/strong>. O suposto retorno de <strong>Mobius<\/strong> sugere que a <strong>Autoridade de Vari\u00e2ncia Temporal<\/strong> (AVT) desempenhar\u00e1 um papel importante na trama multiversal que envolver\u00e1 a nova amea\u00e7a de <strong>Victor Von Doom<\/strong>.<\/p>\n<p>Por enquanto, trate a informa\u00e7\u00e3o apenas como um rumor.<\/p>\n<p><strong>Vingadores: Doutor Destino<\/strong> chegar\u00e1 aos cinemas em 17 de dezembro.<\/p>\n<p>Leia tamb\u00e9m sobre Vingadores:<\/p>\n","protected":false},"excerpt":{"rendered":"Estimated reading time: 1 minuto De acordo com informa\u00e7\u00f5es do insider Daniel RPK, Owen Wilson est\u00e1 definido para&hellip;\n","protected":false},"author":2,"featured_media":214793,"comment_status":"","ping_status":"","sticky":false,"template":"","format":"standard","meta":{"footnotes":""},"categories":[140],"tags":[114,115,147,148,10585,12733,11189,146,41919,32,33,38893],"class_list":{"0":"post-214792","1":"post","2":"type-post","3":"status-publish","4":"format-standard","5":"has-post-thumbnail","7":"category-filmes","8":"tag-entertainment","9":"tag-entretenimento","10":"tag-film","11":"tag-filmes","12":"tag-loki","13":"tag-marvel-studios","14":"tag-mcu","15":"tag-movies","16":"tag-owen-wilson","17":"tag-portugal","18":"tag-pt","19":"tag-vingadores-doutor-destino"},"share_on_mastodon":{"url":"https:\/\/pubeurope.com\/@pt\/115838075889705563","error":""},"_links":{"self":[{"href":"https:\/\/www.europesays.com\/pt\/wp-json\/wp\/v2\/posts\/214792","targetHints":{"allow":["GET"]}}],"collection":[{"href":"https:\/\/www.europesays.com\/pt\/wp-json\/wp\/v2\/posts"}],"about":[{"href":"https:\/\/www.europesays.com\/pt\/wp-json\/wp\/v2\/types\/post"}],"author":[{"embeddable":true,"href":"https:\/\/www.europesays.com\/pt\/wp-json\/wp\/v2\/users\/2"}],"replies":[{"embeddable":true,"href":"https:\/\/www.europesays.com\/pt\/wp-json\/wp\/v2\/comments?post=214792"}],"version-history":[{"count":0,"href":"https:\/\/www.europesays.com\/pt\/wp-json\/wp\/v2\/posts\/214792\/revisions"}],"wp:featuredmedia":[{"embeddable":true,"href":"https:\/\/www.europesays.com\/pt\/wp-json\/wp\/v2\/media\/214793"}],"wp:attachment":[{"href":"https:\/\/www.europesays.com\/pt\/wp-json\/wp\/v2\/media?parent=214792"}],"wp:term":[{"taxonomy":"category","embeddable":true,"href":"https:\/\/www.europesays.com\/pt\/wp-json\/wp\/v2\/categories?post=214792"},{"taxonomy":"post_tag","embeddable":true,"href":"https:\/\/www.europesays.com\/pt\/wp-json\/wp\/v2\/tags?post=214792"}],"curies":[{"name":"wp","href":"https:\/\/api.w.org\/{rel}","templated":true}]}}