{"id":214794,"date":"2026-01-04T17:45:07","date_gmt":"2026-01-04T17:45:07","guid":{"rendered":"https:\/\/www.europesays.com\/pt\/214794\/"},"modified":"2026-01-04T17:45:07","modified_gmt":"2026-01-04T17:45:07","slug":"fulham-x-liverpool-atrasado-15-minutos-eis-a-razao","status":"publish","type":"post","link":"https:\/\/www.europesays.com\/pt\/214794\/","title":{"rendered":"Fulham x Liverpool atrasado 15 minutos: Eis a raz\u00e3o"},"content":{"rendered":"<p>&#8211; Advertisement &#8211;<\/p>\n<p><strong>O embate entre o Fulham e o Liverpool marcado para as 15h deste domingo sofreu um atraso de 15 minutos devido a uma emerg\u00eancia m\u00e9dica.<\/strong><\/p>\n<p>Este domingo, o jogo da 20.\u00aa jornada da <a href=\"https:\/\/bolanarede.pt\/categoria\/internacional\/liga-inglesa\/\" target=\"_blank\" rel=\"noreferrer noopener nofollow\">Premier League<\/a> entre o Fulham de Marco Silva e o Liverpool foi adiado 15 minutos. O Fulham adiantou que este atraso se deveu a uma emerg\u00eancia m\u00e9dica no est\u00e1dio.<\/p>\n<p>A Premier League confirmou que esta emerg\u00eancia se tratou de um adepto nas bancadas.<\/p>\n<p>O encontro arranca, assim, \u00e0s 15h15 no Craven Cottage e coloca frente a frente o 4.\u00ba e 14.\u00ba classificados da Premier League<\/p>\n<blockquote class=\"twitter-tweet\" data-width=\"550\" data-dnt=\"true\">\n<p lang=\"en\" dir=\"ltr\">Due to a medical emergency at the ground, kick-off has been delayed by 15 minutes.<\/p>\n<p>\u2014 Fulham Football Club (@FulhamFC) <a href=\"https:\/\/twitter.com\/FulhamFC\/status\/2007826518752514304?ref_src=twsrc%5Etfw\" rel=\"nofollow noopener\" target=\"_blank\">January 4, 2026<\/a><\/p><\/blockquote>\n<p><script async src=\"https:\/\/platform.twitter.com\/widgets.js\" charset=\"utf-8\"><\/script><\/p>\n","protected":false},"excerpt":{"rendered":"&#8211; Advertisement &#8211; O embate entre o Fulham e o Liverpool marcado para as 15h deste domingo sofreu&hellip;\n","protected":false},"author":2,"featured_media":214795,"comment_status":"","ping_status":"","sticky":false,"template":"","format":"standard","meta":{"footnotes":""},"categories":[87],"tags":[260,135,3362,960,32,666,33,134],"class_list":{"0":"post-214794","1":"post","2":"type-post","3":"status-publish","4":"format-standard","5":"has-post-thumbnail","7":"category-desporto","8":"tag-atualidade","9":"tag-desporto","10":"tag-fulham","11":"tag-liverpool","12":"tag-portugal","13":"tag-premier-league","14":"tag-pt","15":"tag-sports"},"share_on_mastodon":{"url":"https:\/\/pubeurope.com\/@pt\/115838079870522288","error":""},"_links":{"self":[{"href":"https:\/\/www.europesays.com\/pt\/wp-json\/wp\/v2\/posts\/214794","targetHints":{"allow":["GET"]}}],"collection":[{"href":"https:\/\/www.europesays.com\/pt\/wp-json\/wp\/v2\/posts"}],"about":[{"href":"https:\/\/www.europesays.com\/pt\/wp-json\/wp\/v2\/types\/post"}],"author":[{"embeddable":true,"href":"https:\/\/www.europesays.com\/pt\/wp-json\/wp\/v2\/users\/2"}],"replies":[{"embeddable":true,"href":"https:\/\/www.europesays.com\/pt\/wp-json\/wp\/v2\/comments?post=214794"}],"version-history":[{"count":0,"href":"https:\/\/www.europesays.com\/pt\/wp-json\/wp\/v2\/posts\/214794\/revisions"}],"wp:featuredmedia":[{"embeddable":true,"href":"https:\/\/www.europesays.com\/pt\/wp-json\/wp\/v2\/media\/214795"}],"wp:attachment":[{"href":"https:\/\/www.europesays.com\/pt\/wp-json\/wp\/v2\/media?parent=214794"}],"wp:term":[{"taxonomy":"category","embeddable":true,"href":"https:\/\/www.europesays.com\/pt\/wp-json\/wp\/v2\/categories?post=214794"},{"taxonomy":"post_tag","embeddable":true,"href":"https:\/\/www.europesays.com\/pt\/wp-json\/wp\/v2\/tags?post=214794"}],"curies":[{"name":"wp","href":"https:\/\/api.w.org\/{rel}","templated":true}]}}