{"id":214806,"date":"2026-01-04T17:57:07","date_gmt":"2026-01-04T17:57:07","guid":{"rendered":"https:\/\/www.europesays.com\/pt\/214806\/"},"modified":"2026-01-04T17:57:07","modified_gmt":"2026-01-04T17:57:07","slug":"vem-ai-terra-forte-sammy-tenta-acalmar-flor-mas-a-chegada-de-antonio-complica-tudo-novelas","status":"publish","type":"post","link":"https:\/\/www.europesays.com\/pt\/214806\/","title":{"rendered":"Vem a\u00ed \u00abTerra Forte\u00bb: Sammy tenta acalmar Flor, mas a chegada de Ant\u00f3nio complica tudo &#8211; Novelas"},"content":{"rendered":"<p data-end=\"357\" data-start=\"97\"><a href=\"https:\/\/tvi.iol.pt\/novelas\/videos\/terra-forte-sammy-fica-sem-chao-ao-descobrir-que-flor-e-a-mae-de-rosinha\/68f7b83e0cf29d28d8297a75\" rel=\"nofollow noopener\" target=\"_blank\">Sammy (Jos\u00e9 Fidalgo)<\/a> e <a href=\"https:\/\/tvi.iol.pt\/novelas\/ator\/antonio\/68ee5b98d34e58bc6796e13a\" rel=\"nofollow noopener\" target=\"_blank\">Ant\u00f3nio (Jo\u00e3o Catarr\u00e9)<\/a>\u00a0envolvem-se numa discuss\u00e3o tensa a bordo do iate, com Ant\u00f3nio a acusar Sammy de olhar para <a href=\"https:\/\/tvi.iol.pt\/novelas\/videos\/terra-forte-no-dia-do-seu-aniversario-flor-recebe-uma-visita-inesperada\/68f65c7a0cf29d28d82976c8\" rel=\"nofollow noopener\" target=\"_blank\">Flor (Benedita Pereira)<\/a> com <strong data-end=\"235\" data-start=\"213\">segundas inten\u00e7\u00f5es<\/strong>. A situa\u00e7\u00e3o amea\u00e7a escalar at\u00e9 que Jos\u00e9 interv\u00e9m, repreendendo Ant\u00f3nio por estar no barco apenas para <strong data-end=\"354\" data-start=\"338\">vigiar Sammy<\/strong>.<\/p>\n<p data-end=\"685\" data-start=\"359\">O iate navega pela <strong data-end=\"399\" data-start=\"378\">Praia da Garopaba<\/strong>, e o grupo tenta aproveitar o dia. Todos se divertem, incluindo Flor e Ant\u00f3nio, que partilham momentos mais pr\u00f3ximos e \u00edntimos. Quando o barco ancora, todos saltam para o mar, exceto Flor, que se mant\u00e9m afastada e visivelmente desconfort\u00e1vel. Sammy e Cobra percebem a sua estranheza.<\/p>\n<p data-end=\"965\" data-start=\"687\">Ant\u00f3nio chama Flor, mas ela <strong data-end=\"734\" data-start=\"715\">afasta-se tensa<\/strong>, revelando um nervosismo que n\u00e3o consegue controlar. Sammy regressa primeiro ao barco, seguido por Ant\u00f3nio, enquanto <strong data-end=\"1290\" data-start=\"1220\"><a href=\"https:\/\/tvi.iol.pt\/novelas\/ator\/maria-de-fatima\/68ee548bd34ee0c2fed13d9c\" rel=\"nofollow noopener\" target=\"_blank\">Maria de F\u00e1tima (Rita Pereira)<\/a><\/strong> sugere que Flor possa estar a <strong data-end=\"918\" data-start=\"898\">procurar aten\u00e7\u00e3o<\/strong>, trocando farpas com Cobra sobre a situa\u00e7\u00e3o.<\/p>\n<p data-end=\"1335\" data-start=\"967\">Mais tarde, Flor confessa a Sammy que sentiu um <strong data-end=\"1037\" data-start=\"1015\">medo s\u00fabito do mar<\/strong>. Ele tenta confort\u00e1-la, mas Ant\u00f3nio interrompe de forma agressiva. Ao ser informada do p\u00e2nico da jovem, Maria de F\u00e1tima assume a situa\u00e7\u00e3o, entra no barco e <strong data-end=\"1232\" data-start=\"1194\">toma a dianteira para acalmar Flor<\/strong>, pedindo a Ant\u00f3nio que prepare o tender para que possam levar Flor de volta para terra em seguran\u00e7a.<\/p>\n","protected":false},"excerpt":{"rendered":"Sammy (Jos\u00e9 Fidalgo) e Ant\u00f3nio (Jo\u00e3o Catarr\u00e9)\u00a0envolvem-se numa discuss\u00e3o tensa a bordo do iate, com Ant\u00f3nio a acusar&hellip;\n","protected":false},"author":2,"featured_media":214807,"comment_status":"","ping_status":"","sticky":false,"template":"","format":"standard","meta":{"footnotes":""},"categories":[142],"tags":[160,7951,166,114,115,157,167,164,161,158,165,159,32,33,156,163,151,162],"class_list":{"0":"post-214806","1":"post","2":"type-post","3":"status-publish","4":"format-standard","5":"has-post-thumbnail","7":"category-tv","8":"tag-ana-guiomar","9":"tag-benedita-pereira","10":"tag-cristina-ferreira","11":"tag-entertainment","12":"tag-entretenimento","13":"tag-festa-e-festa","14":"tag-ficcao","15":"tag-jose-fidalgo","16":"tag-novelas","17":"tag-para-sempre","18":"tag-pedro-sousa","19":"tag-pedro-teixeira","20":"tag-portugal","21":"tag-pt","22":"tag-queridos-papas","23":"tag-tiago-teotonio-pereira","24":"tag-tv","25":"tag-tvi"},"share_on_mastodon":{"url":"https:\/\/pubeurope.com\/@pt\/115838126839195859","error":""},"_links":{"self":[{"href":"https:\/\/www.europesays.com\/pt\/wp-json\/wp\/v2\/posts\/214806","targetHints":{"allow":["GET"]}}],"collection":[{"href":"https:\/\/www.europesays.com\/pt\/wp-json\/wp\/v2\/posts"}],"about":[{"href":"https:\/\/www.europesays.com\/pt\/wp-json\/wp\/v2\/types\/post"}],"author":[{"embeddable":true,"href":"https:\/\/www.europesays.com\/pt\/wp-json\/wp\/v2\/users\/2"}],"replies":[{"embeddable":true,"href":"https:\/\/www.europesays.com\/pt\/wp-json\/wp\/v2\/comments?post=214806"}],"version-history":[{"count":0,"href":"https:\/\/www.europesays.com\/pt\/wp-json\/wp\/v2\/posts\/214806\/revisions"}],"wp:featuredmedia":[{"embeddable":true,"href":"https:\/\/www.europesays.com\/pt\/wp-json\/wp\/v2\/media\/214807"}],"wp:attachment":[{"href":"https:\/\/www.europesays.com\/pt\/wp-json\/wp\/v2\/media?parent=214806"}],"wp:term":[{"taxonomy":"category","embeddable":true,"href":"https:\/\/www.europesays.com\/pt\/wp-json\/wp\/v2\/categories?post=214806"},{"taxonomy":"post_tag","embeddable":true,"href":"https:\/\/www.europesays.com\/pt\/wp-json\/wp\/v2\/tags?post=214806"}],"curies":[{"name":"wp","href":"https:\/\/api.w.org\/{rel}","templated":true}]}}