{"id":214808,"date":"2026-01-04T17:59:12","date_gmt":"2026-01-04T17:59:12","guid":{"rendered":"https:\/\/www.europesays.com\/pt\/214808\/"},"modified":"2026-01-04T17:59:12","modified_gmt":"2026-01-04T17:59:12","slug":"onibus-perdido-se-destaca-em-meio-a-filmes-do-streaming-04-01-2026-ilustrada","status":"publish","type":"post","link":"https:\/\/www.europesays.com\/pt\/214808\/","title":{"rendered":"&#8216;\u00d4nibus Perdido&#8217; se destaca em meio a filmes do streaming &#8211; 04\/01\/2026 &#8211; Ilustrada"},"content":{"rendered":"<p>O ingl\u00eas Paul Greengrass fez uma carreira contando hist\u00f3rias de pessoas comuns que se veem em meio a acontecimentos tr\u00e1gicos: <a href=\"https:\/\/www1.folha.uol.com.br\/fsp\/ilustrad\/fq0709200626.htm\" rel=\"nofollow noopener\" target=\"\">&#8220;V\u00f4o United 93&#8221;, de 2006, <\/a>fala dos passageiros de um dos quatro avi\u00f5es sequestrados por terroristas durante o ataque de 11 de setembro de 2001, <a href=\"https:\/\/m.folha.uol.com.br\/ilustrada\/2013\/11\/1368167-critica-capitao-phillips-traz-historia-real-sem-cair-na-reconstituicao.shtml\" rel=\"nofollow noopener\" target=\"\">&#8220;Capit\u00e3o Phillips&#8221;, de 2013, <\/a>tem Tom Hanks como um oficial da Marinha Mercante que \u00e9 sequestrado por piratas na costa da Som\u00e1lia, e <a href=\"https:\/\/www1.folha.uol.com.br\/ilustrada\/2018\/10\/filme-da-mostra-de-sp-recria-massacre-de-jovens-em-tom-proximo-a-videogame.shtml\" rel=\"nofollow noopener\" target=\"\">&#8220;22 de Julho&#8221;, de 2018, <\/a>conta o aterrorizante ataque de um criminoso neonazista a um acampamento de jovens na Noruega. Greengrass tamb\u00e9m dirigiu blockbusters de grande or\u00e7amento, como tr\u00eas filmes da s\u00e9rie do personagem <a href=\"https:\/\/www1.folha.uol.com.br\/ilustrada\/2016\/07\/1795724-mais-do-mesmo-jason-bourne-segue-como-o-melhor-do-genero.shtml\" rel=\"nofollow noopener\" target=\"\">Jason Bourne<\/a>, papel de Matt Damon.<\/p>\n<p>Agora o cineasta volta sua aten\u00e7\u00e3o para um dos maiores desastres naturais da hist\u00f3ria da <a href=\"https:\/\/www1.folha.uol.com.br\/folha-topicos\/california\/\" rel=\"nofollow noopener\" target=\"_blank\">Calif\u00f3rnia<\/a> \u2014os <a href=\"https:\/\/www1.folha.uol.com.br\/mundo\/2018\/11\/entenda-porque-a-california-sofre-tantos-incendios.shtml\" rel=\"nofollow noopener\" target=\"\">inc\u00eandios que atingiram o norte do Estado em 2018,<\/a> causando 85 mortes e a destrui\u00e7\u00e3o de 18 mil im\u00f3veis e estruturas. &#8220;O \u00d4nibus Perdido&#8221;, em cartaz na Apple TV, conta a hist\u00f3ria de um motorista de \u00f4nibus escolar, interpretado por <a href=\"https:\/\/www1.folha.uol.com.br\/ilustrada\/2024\/09\/matthew-mcconaughey-longe-de-hollywood-busca-o-sentido-da-vida-nos-livros.shtml\" rel=\"nofollow noopener\" target=\"\">Matthew McConaughey<\/a>, que precisa transportar um grupo de 22 crian\u00e7as e a professora da turma por um cen\u00e1rio devastado pelas chamas.<\/p>\n<p>O filme foi adaptado de trechos do livro &#8220;Paradise: One Town&#8217;s Struggle to Survive an American Wildfire&#8221;, de Lizzie Johnson, e \u00e9 inspirado pela hist\u00f3ria real de um motorista chamado Kevin McKay.<\/p>\n<p>Toda a a\u00e7\u00e3o do filme \u00e9 centrada nos acontecimentos pr\u00f3ximos ao dia 8 de novembro de 2018, quando uma linha el\u00e9trica defeituosa se rompeu e provocou um inc\u00eandio que, propagado pelos fortes ventos que sopravam, queimou por duas semanas uma \u00e1rea de 620 quil\u00f4metros quadrados.<\/p>\n<p>Kevin McKay, vivido por Matthew McConaughey, \u00e9 motorista do sistema de transporte escolar da regi\u00e3o e est\u00e1 numa pior. Perdeu o pai e mora com a m\u00e3e doente e um filho adolescente com quem mal fala \u2014a m\u00e3e e o filho do personagem s\u00e3o vividos, respectivamente, por Kay McConaughey e Levi McConaughey, m\u00e3e e filho do ator. A ex-mulher n\u00e3o para de reclamar e o cachorro da fam\u00edlia est\u00e1 com c\u00e2ncer. No trabalho, a chefe se recusa a lhe dar horas extras, e McKay est\u00e1 prestes a perder o emprego.<\/p>\n<p>Em meio a essa tempestade familiar e profissional, um pequeno incidente numa linha el\u00e9trica causa um inc\u00eandio que come\u00e7a a se espalhar pela regi\u00e3o. Os bombeiros logo percebem que a situa\u00e7\u00e3o pode fugir do controle e emitem um alerta para evacua\u00e7\u00e3o de toda a regi\u00e3o. McKay est\u00e1 num \u00f4nibus vazio voltando para a garagem quando recebe a incumb\u00eancia de buscar 22 alunos e uma professora, Mary \u2014papel de Ludwig <a href=\"https:\/\/www1.folha.uol.com.br\/equilibrio\/2023\/08\/discurso-de-america-ferrera-em-filme-da-barbie-emociona-mulheres-por-ser-realista.shtml\" rel=\"nofollow noopener\" target=\"\">America Ferrera, indicada ao Oscar de melhor atriz coadjuvante por &#8220;Barbie&#8221;<\/a>\u2014 numa escola localizada em uma \u00e1rea que fica na dire\u00e7\u00e3o da propaga\u00e7\u00e3o do inc\u00eandio.<\/p>\n<p>&#8220;O \u00d4nibus Perdido&#8221; come\u00e7a como um drama pessoal e logo se torna um filme-cat\u00e1strofe repleto de cenas de a\u00e7\u00e3o, com imagens impressionantes das chamas engolindo quarteir\u00f5es inteiros. E Kevin McKay vira um her\u00f3i improv\u00e1vel ao tentar salvar a vida da turma de alunos.<\/p>\n<p>A primeira metade, mostrando o in\u00edcio do inc\u00eandio e a progress\u00e3o da trag\u00e9dia, \u00e9 bem mais interessante que a segunda, dominada por cenas de bravura e hero\u00edsmo que n\u00e3o fogem dos clich\u00eas desse tipo de filme. Mas tudo \u00e9 t\u00e3o habilmente conduzido pela dire\u00e7\u00e3o segura de Greengrass que se destaca em meio a programa\u00e7\u00e3o de filmes do streaming. \u00c9 um artigo cada vez mais raro \u2014divers\u00e3o para adultos.<\/p>\n","protected":false},"excerpt":{"rendered":"O ingl\u00eas Paul Greengrass fez uma carreira contando hist\u00f3rias de pessoas comuns que se veem em meio a&hellip;\n","protected":false},"author":2,"featured_media":214809,"comment_status":"","ping_status":"","sticky":false,"template":"","format":"standard","meta":{"footnotes":""},"categories":[140],"tags":[207,8662,470,114,115,235,147,148,236,625,146,32,33,600],"class_list":{"0":"post-214808","1":"post","2":"type-post","3":"status-publish","4":"format-standard","5":"has-post-thumbnail","7":"category-filmes","8":"tag-arte","9":"tag-california","10":"tag-cinema","11":"tag-entertainment","12":"tag-entretenimento","13":"tag-estados-unidos","14":"tag-film","15":"tag-filmes","16":"tag-folha","17":"tag-incendio","18":"tag-movies","19":"tag-portugal","20":"tag-pt","21":"tag-veja-video"},"share_on_mastodon":{"url":"https:\/\/pubeurope.com\/@pt\/115838134817884476","error":""},"_links":{"self":[{"href":"https:\/\/www.europesays.com\/pt\/wp-json\/wp\/v2\/posts\/214808","targetHints":{"allow":["GET"]}}],"collection":[{"href":"https:\/\/www.europesays.com\/pt\/wp-json\/wp\/v2\/posts"}],"about":[{"href":"https:\/\/www.europesays.com\/pt\/wp-json\/wp\/v2\/types\/post"}],"author":[{"embeddable":true,"href":"https:\/\/www.europesays.com\/pt\/wp-json\/wp\/v2\/users\/2"}],"replies":[{"embeddable":true,"href":"https:\/\/www.europesays.com\/pt\/wp-json\/wp\/v2\/comments?post=214808"}],"version-history":[{"count":0,"href":"https:\/\/www.europesays.com\/pt\/wp-json\/wp\/v2\/posts\/214808\/revisions"}],"wp:featuredmedia":[{"embeddable":true,"href":"https:\/\/www.europesays.com\/pt\/wp-json\/wp\/v2\/media\/214809"}],"wp:attachment":[{"href":"https:\/\/www.europesays.com\/pt\/wp-json\/wp\/v2\/media?parent=214808"}],"wp:term":[{"taxonomy":"category","embeddable":true,"href":"https:\/\/www.europesays.com\/pt\/wp-json\/wp\/v2\/categories?post=214808"},{"taxonomy":"post_tag","embeddable":true,"href":"https:\/\/www.europesays.com\/pt\/wp-json\/wp\/v2\/tags?post=214808"}],"curies":[{"name":"wp","href":"https:\/\/api.w.org\/{rel}","templated":true}]}}