{"id":214885,"date":"2026-01-04T19:11:08","date_gmt":"2026-01-04T19:11:08","guid":{"rendered":"https:\/\/www.europesays.com\/pt\/214885\/"},"modified":"2026-01-04T19:11:08","modified_gmt":"2026-01-04T19:11:08","slug":"thiago-silva-chega-a-portugal-para-reforcar-o-fc-porto-maisfutebol","status":"publish","type":"post","link":"https:\/\/www.europesays.com\/pt\/214885\/","title":{"rendered":"Thiago Silva chega a Portugal para refor\u00e7ar o FC Porto &#8211; Maisfutebol"},"content":{"rendered":"<ol>\n<li><a href=\"https:\/\/news.google.com\/rss\/articles\/CBMiswFBVV95cUxQWU5XM1Uybkd6OXFWbHZhZ1ppb2NURmZJU0JnNG5aOGZ2NFVraWpzWVhxV3NWVUJPNWkzQVltN3JickhkWkRFR2lOUzhHcWpadm5pNXFfT2F6Nm1VRGRXUkl2bDY2ZUF2dTh2V1VTR1FWRkdYZFpENWVaR0hsWjJrSnhtYzRhNnpaRjhTTTNMU1A0bklYQW5YZ21ubDl0Ymlhd3NfZXJQOC1sZDVVWVNxcE1Ebw?oc=5\" target=\"_blank\" rel=\"nofollow noopener\">Thiago Silva chega a Portugal para refor\u00e7ar o FC Porto<\/a>&nbsp;&nbsp;Maisfutebol<\/li>\n<li><a href=\"https:\/\/news.google.com\/rss\/articles\/CBMimAFBVV95cUxPcjkySDdsbFh1Q2lkbWt6Mi1yZjNNaU9HUlp3NEZQblFiaWt0QWExMWJoemF5eUdPT3l2bWxVSXBxLXNiRnlydG5nbjc5LVU4V05GcnNZUmJDaWpsR0NfOUFpa2E3UGtqT0ptUnd0TXRYdGsyYWdBVDFUM0RSNU9TWTFxeGlQcl9TMXE2WEJBeTNXWVhPTkNGUw?oc=5\" target=\"_blank\" rel=\"nofollow noopener\">Thiago Silva j\u00e1 est\u00e1 no Porto: \u00abQuase 22 anos\u00bb<\/a>&nbsp;&nbsp;A Bola<\/li>\n<li><a href=\"https:\/\/news.google.com\/rss\/articles\/CBMizwJBVV95cUxPaEZlUTV6SVRCMWxaQ1RybXlRZTBCSzNxUkJQeHpXN0toWU5wWHlLOXRPc3lYNERGRl9lOHRWeGNUOHYwZmgzb3BiVW9ydW5iM1BUaUNsekw2ZXJKYzNtcXlUNVkwQVFEZlVyVEZVdkJhSVFKLXNycnM0dFBTckJIelBRRlEwU3A1R0JnUFFnVGdSMWYxQTVrNWZIdjhiamFYVW5rbHZpdFlNQ3NadUY1THNqZnNzYXNzdTJ6OFphOUVybnZaZ21jb0FIaWxjaFFFTFVmeTBjVktiS0tSRXkxbnN0QU56ZllVank4UmNuVXY3QUdlbndYY05JYk5MNFF3RHRYNTlPR1ZyTWk1bHZxRllsR1RkY0xNY3lJeXp6N2JoTWxucjBEdjVPTHdNU0E5b3ViNkpKOTR6SHRESkZoQnAwTHNocllUY2UwMXRDUQ?oc=5\" target=\"_blank\" rel=\"nofollow noopener\">Thiago Silva regressa ao FC Porto: a hist\u00f3ria do jogador que quase perdeu um pulm\u00e3o na R\u00fassia, mas que foi salvo em Portugal<\/a>&nbsp;&nbsp;MSN<\/li>\n<li><a href=\"https:\/\/news.google.com\/rss\/articles\/CBMimgFBVV95cUxNSHNvVVlab2hteUF6VlRRME8zQmFuUUhacHZ1NE5UZzEwdlRsOFB2aDE3aWkybkYyX1BVOHhNMFhUaGMxMVgyeDVJQ2Nvd2FGZ1QzaEp1VkFubTVhdmJCZ1NNNXYyZUFfR1VDMGtyOV8zQWtKcWVkSFFQaDMweGtoaWhBNmFLMEVkc1B0Vzd4RlpGSC1CQjZTXzZn?oc=5\" target=\"_blank\" rel=\"nofollow noopener\">O monstro que chega antes da bola<\/a>&nbsp;&nbsp;Record<\/li>\n<li><a href=\"https:\/\/news.google.com\/rss\/articles\/CBMiswFBVV95cUxNRm1CU2s5bmJtUTM4TW03dkRqVDdVRTRJeThFOGo3bGRJSDBYVEVCZ2NLTXNZQ2R4OGVjeWVUVmstNGtiYTFSTmdXTkxXbHN4Y1hYbGZWYlBmaTZPbUhQQTRqcldlTnYyYWRUZEwwTWFLdERNZ2cyMzhmZEhZVjQwVUtQWnNsMnVxcFdQLXlnMk5NTlAtRFhfZHd5VFpYU2Vjd281RmZvdEhXTzRxSGd1aERhQdIBowFBVV95cUxNd3ZGMmZzYy1vNG0xNUlmeWlzTExYSThEYWl2cERtMVp6b2hNcEhESm00cVNXbWVJVnktMHJwOFcyc2swcGc0UlJxeE9uTkx2X202UHhQYTVjTEdjdGZ3NTRMQnBuRHZ3dmN2bUZ3bWpOdmhTODljR0IxMzJmWVN5aWtDaGwxTGNXRnZsUjR0WEtWckg5aUdRYTVhdGpuLVBkM1h3?oc=5\" target=\"_blank\" rel=\"nofollow noopener\">Diogo Costa e a lideran\u00e7a do F. C. Porto: &#8220;N\u00e3o devemos olhar para a tabela&#8221;<\/a>&nbsp;&nbsp;Jornal de Not\u00edcias<\/li>\n<\/ol>\n","protected":false},"excerpt":{"rendered":"Thiago Silva chega a Portugal para refor\u00e7ar o FC Porto&nbsp;&nbsp;Maisfutebol Thiago Silva j\u00e1 est\u00e1 no Porto: \u00abQuase 22&hellip;\n","protected":false},"author":2,"featured_media":214886,"comment_status":"","ping_status":"","sticky":false,"template":"","format":"standard","meta":{"footnotes":""},"categories":[87],"tags":[135,282,524,46,462,32,33,47,134,39129],"class_list":{"0":"post-214885","1":"post","2":"type-post","3":"status-publish","4":"format-standard","5":"has-post-thumbnail","7":"category-desporto","8":"tag-desporto","9":"tag-fc-porto","10":"tag-futebol","11":"tag-maisfutebol","12":"tag-porto","13":"tag-portugal","14":"tag-pt","15":"tag-pura-paixao","16":"tag-sports","17":"tag-thiago-silva"},"share_on_mastodon":{"url":"https:\/\/pubeurope.com\/@pt\/115838417902369190","error":""},"_links":{"self":[{"href":"https:\/\/www.europesays.com\/pt\/wp-json\/wp\/v2\/posts\/214885","targetHints":{"allow":["GET"]}}],"collection":[{"href":"https:\/\/www.europesays.com\/pt\/wp-json\/wp\/v2\/posts"}],"about":[{"href":"https:\/\/www.europesays.com\/pt\/wp-json\/wp\/v2\/types\/post"}],"author":[{"embeddable":true,"href":"https:\/\/www.europesays.com\/pt\/wp-json\/wp\/v2\/users\/2"}],"replies":[{"embeddable":true,"href":"https:\/\/www.europesays.com\/pt\/wp-json\/wp\/v2\/comments?post=214885"}],"version-history":[{"count":0,"href":"https:\/\/www.europesays.com\/pt\/wp-json\/wp\/v2\/posts\/214885\/revisions"}],"wp:featuredmedia":[{"embeddable":true,"href":"https:\/\/www.europesays.com\/pt\/wp-json\/wp\/v2\/media\/214886"}],"wp:attachment":[{"href":"https:\/\/www.europesays.com\/pt\/wp-json\/wp\/v2\/media?parent=214885"}],"wp:term":[{"taxonomy":"category","embeddable":true,"href":"https:\/\/www.europesays.com\/pt\/wp-json\/wp\/v2\/categories?post=214885"},{"taxonomy":"post_tag","embeddable":true,"href":"https:\/\/www.europesays.com\/pt\/wp-json\/wp\/v2\/tags?post=214885"}],"curies":[{"name":"wp","href":"https:\/\/api.w.org\/{rel}","templated":true}]}}