{"id":214900,"date":"2026-01-04T19:26:15","date_gmt":"2026-01-04T19:26:15","guid":{"rendered":"https:\/\/www.europesays.com\/pt\/214900\/"},"modified":"2026-01-04T19:26:15","modified_gmt":"2026-01-04T19:26:15","slug":"a-redacao-balanco-aponta-que-maternidades-municipais-de-goiania-superaram-26-mil-atendimentos-em-tres-meses","status":"publish","type":"post","link":"https:\/\/www.europesays.com\/pt\/214900\/","title":{"rendered":"A Reda\u00e7\u00e3o | Balan\u00e7o aponta que maternidades municipais de Goi\u00e2nia superaram 26 mil atendimentos em tr\u00eas meses\u00a0"},"content":{"rendered":"<p><strong>A Reda\u00e7\u00e3o<\/strong><\/p>\n<p><strong>Goi\u00e2nia<\/strong> \u2013 As maternidades municipais C\u00e9lia C\u00e2mara, Nascer Cidad\u00e3o e Dona \u00cdris superaram os 26 mil atendimentos em tr\u00eas meses, ap\u00f3s a Prefeitura de Goi\u00e2nia, por meio da Secretaria Municipal de Sa\u00fade (SMS), alterar o modelo de gest\u00e3o das unidades e restabelecer servi\u00e7os essenciais, como atendimentos de urg\u00eancia e emerg\u00eancia; partos e cirurgias eletivas; consultas e exames ambulatoriais.<\/p>\n<p>\u201cNossas maternidades vivem uma nova fase, com uma nova administra\u00e7\u00e3o que, em pouco tempo, j\u00e1 est\u00e1 indo muito bem. Temos todos os insumos, temos todas as condi\u00e7\u00f5es, corpo m\u00e9dico bom, corpo diretivo bom, isso faz com que n\u00f3s tenhamos mais condi\u00e7\u00f5es de ter uma maternidade que realmente sirva a popula\u00e7\u00e3o. Eu tenho muita disposi\u00e7\u00e3o de investir em sa\u00fade\u201d, destaca o prefeito Sandro Mabel.<\/p>\n<p>\u201cOs resultados demonstram a retomada integral dos servi\u00e7os nas unidades de sa\u00fade, o que \u00e9 fundamental para o acesso da popula\u00e7\u00e3o ao cuidado especializado nesse momento t\u00e3o importante para as fam\u00edlias. Hoje a realidade \u00e9 bem diferente das paralisa\u00e7\u00f5es frequentes, falta de insumos e medicamentos e descontinuidade de servi\u00e7os\u201d, completa o secret\u00e1rio municipal de Sa\u00fade, Luiz Pellizzer.<\/p>\n<p>Segundo a secretaria, as unidades realizaram, entre setembro e novembro, 11.100 atendimentos de urg\u00eancia e emerg\u00eancia, 5.010 atendimentos ambulatoriais, 40.288 exames laboratoriais e 6.155 exames de imagem, como ultrassonografias e tomografias. O total de atendimentos nas tr\u00eas maternidades municipais \u00e9 71% maior que o registrado no mesmo per\u00edodo do ano passado.<\/p>\n<p>Ap\u00f3s a implementa\u00e7\u00e3o da gest\u00e3o por organiza\u00e7\u00f5es sociais, as maternidades municipais realizaram 1.735 partos e 2.874 interna\u00e7\u00f5es. Somente no Hospital e Maternidade Dona \u00cdris (HMDI), foram 466 partos normais e 549 partos ces\u00e1reos. \u201c\u00c9 um marco importante, que demonstra que a unidade est\u00e1 funcionando em sua plenitude\u201d, comemora a diretora-geral do hospital, Ana Carolina Garcia.<\/p>\n","protected":false},"excerpt":{"rendered":"A Reda\u00e7\u00e3o Goi\u00e2nia \u2013 As maternidades municipais C\u00e9lia C\u00e2mara, Nascer Cidad\u00e3o e Dona \u00cdris superaram os 26 mil&hellip;\n","protected":false},"author":2,"featured_media":214901,"comment_status":"","ping_status":"","sticky":false,"template":"","format":"standard","meta":{"footnotes":""},"categories":[86],"tags":[116,32,33,117],"class_list":{"0":"post-214900","1":"post","2":"type-post","3":"status-publish","4":"format-standard","5":"has-post-thumbnail","7":"category-saude","8":"tag-health","9":"tag-portugal","10":"tag-pt","11":"tag-saude"},"share_on_mastodon":{"url":"https:\/\/pubeurope.com\/@pt\/115838476880733483","error":""},"_links":{"self":[{"href":"https:\/\/www.europesays.com\/pt\/wp-json\/wp\/v2\/posts\/214900","targetHints":{"allow":["GET"]}}],"collection":[{"href":"https:\/\/www.europesays.com\/pt\/wp-json\/wp\/v2\/posts"}],"about":[{"href":"https:\/\/www.europesays.com\/pt\/wp-json\/wp\/v2\/types\/post"}],"author":[{"embeddable":true,"href":"https:\/\/www.europesays.com\/pt\/wp-json\/wp\/v2\/users\/2"}],"replies":[{"embeddable":true,"href":"https:\/\/www.europesays.com\/pt\/wp-json\/wp\/v2\/comments?post=214900"}],"version-history":[{"count":0,"href":"https:\/\/www.europesays.com\/pt\/wp-json\/wp\/v2\/posts\/214900\/revisions"}],"wp:featuredmedia":[{"embeddable":true,"href":"https:\/\/www.europesays.com\/pt\/wp-json\/wp\/v2\/media\/214901"}],"wp:attachment":[{"href":"https:\/\/www.europesays.com\/pt\/wp-json\/wp\/v2\/media?parent=214900"}],"wp:term":[{"taxonomy":"category","embeddable":true,"href":"https:\/\/www.europesays.com\/pt\/wp-json\/wp\/v2\/categories?post=214900"},{"taxonomy":"post_tag","embeddable":true,"href":"https:\/\/www.europesays.com\/pt\/wp-json\/wp\/v2\/tags?post=214900"}],"curies":[{"name":"wp","href":"https:\/\/api.w.org\/{rel}","templated":true}]}}